{"id":33070,"date":"2013-10-05T23:56:02","date_gmt":"2013-10-06T06:56:02","guid":{"rendered":"http:\/\/agpnoticias.com\/news\/?p=33070"},"modified":"2013-10-06T00:31:53","modified_gmt":"2013-10-06T07:31:53","slug":"33070","status":"publish","type":"post","link":"https:\/\/agpnoticias.com\/news\/?p=33070","title":{"rendered":"Elegidos los Diablos que debutar\u00e1n el domingo"},"content":{"rendered":"<figure id=\"attachment_33076\" aria-describedby=\"caption-attachment-33076\" style=\"width: 640px\" class=\"wp-caption aligncenter\"><a href=\"http:\/\/agpnoticias.com\/news\/?attachment_id=33076\" rel=\"attachment wp-att-33076\"><img fetchpriority=\"high\" decoding=\"async\" class=\"size-large wp-image-33076\" alt=\"El entrenador Carlos Ram\u00f3n Figueroa eligi\u00f3 a los jugadores que debutar\u00e1n el domingo\" src=\"http:\/\/agpnoticias.com\/news\/wp-content\/uploads\/2013\/10\/El-entrenador-Carlos-Ram\u00f3n-Figueroa-eligi\u00f3-a-los-jugadores-que-debutar\u00e1n-el-domingo-640x480.jpg\" width=\"640\" height=\"480\" srcset=\"https:\/\/agpnoticias.com\/news\/wp-content\/uploads\/2013\/10\/El-entrenador-Carlos-Ram\u00f3n-Figueroa-eligi\u00f3-a-los-jugadores-que-debutar\u00e1n-el-domingo-640x480.jpg 640w, https:\/\/agpnoticias.com\/news\/wp-content\/uploads\/2013\/10\/El-entrenador-Carlos-Ram\u00f3n-Figueroa-eligi\u00f3-a-los-jugadores-que-debutar\u00e1n-el-domingo-320x240.jpg 320w\" sizes=\"(max-width: 640px) 100vw, 640px\" \/><\/a><figcaption id=\"caption-attachment-33076\" class=\"wp-caption-text\">El entrenador Carlos Ram\u00f3n Figueroa eligi\u00f3 a los jugadores que debutar\u00e1n el domingo<\/figcaption><\/figure>\n<p>Ensenada, Baja California.- Los Diablos de Ensenada definieron el grupo de 20 jugadores elegibles para debutar frente a Pescadores en la primera fecha de la Tercera Divisi\u00f3n Profesional.<\/p>\n<p>El t\u00e9cnico Carlos Ram\u00f3n Figueroa decidi\u00f3 al grupo que se presentar\u00e1 como integrante del Grupo XIII a partir de las 15:00 horas en el campo uno de Ciudad Deportiva.<\/p>\n<p>De acuerdo a lo informado por el entrenador, los Diablos tienen en condiciones a todo el plantel que trabaj\u00f3 durante la pretemporada, con la \u00fanica duda de Blass Trujillo, convaleciente de una lesi\u00f3n.<\/p>\n<p>El plantel trabaj\u00f3 por \u00faltima vez el viernes por la tarde en el campo uno, donde arrancar\u00e1 el torneo dentro de unas horas.<\/p>\n<p>&nbsp;<\/p>\n<p><b>Diablos de Ensenada<\/b><\/p>\n<p>1.- Francisco Pareja Mart\u00ednez<br \/>\n3.- Gabriel Huerta Ram\u00edrez<br \/>\n4.- Jos\u00e9 Gilberto L\u00f3pez Acosta<br \/>\n5.- Ricardo Alejandro Arellano Nolasco<br \/>\n6.- Jonathan Arturo C\u00e1rdenas \u00c1guila<br \/>\n7.- Riguian Natanael Castro Galindo<br \/>\n8.- Alan Daniel S\u00e1nchez Canseco<br \/>\n9.- Carlos Soltero Valdez<br \/>\n10.- Luis Eduardo S\u00e1nchez Soto<br \/>\n11.- Tom\u00e1s Eduardo Cort\u00e9s Castellanos<br \/>\n13.- Kevin Alejandro R\u00edos Hern\u00e1ndez<br \/>\n16.- Ger\u00f3nimo Zacar\u00edas Casta\u00f1eda V\u00e1zquez<br \/>\n17.- Marlon Brandon Escoto Moreno<br \/>\n18.- Jaime Rom\u00e1n L\u00f3pez Urias<br \/>\n20.- Jorge Eduardo Mancillas Gonz\u00e1lez<br \/>\n21.- Omar Adonai Arellano Cabrera<br \/>\n22.- Jos\u00e9 Blass Trujillo Sarmiento<br \/>\n23.- Gabriel Jim\u00e9nez Arellanes<br \/>\n26.- Edwin Jhovanny Aguilar Salvador<br \/>\n27.- Gerardo Jurado Far\u00edas<\/p>\n","protected":false},"excerpt":{"rendered":"<p>Ensenada, Baja California.- Los Diablos de Ensenada definieron el grupo de 20 jugadores elegibles para&#8230;<\/p>\n","protected":false},"author":1,"featured_media":33076,"comment_status":"open","ping_status":"closed","sticky":false,"template":"","format":"standard","meta":{"footnotes":""},"categories":[1,7,32],"tags":[],"class_list":["post-33070","post","type-post","status-publish","format-standard","has-post-thumbnail","hentry","category-uncategorized","category-deportes","category-soccer"],"_links":{"self":[{"href":"https:\/\/agpnoticias.com\/news\/index.php?rest_route=\/wp\/v2\/posts\/33070","targetHints":{"allow":["GET"]}}],"collection":[{"href":"https:\/\/agpnoticias.com\/news\/index.php?rest_route=\/wp\/v2\/posts"}],"about":[{"href":"https:\/\/agpnoticias.com\/news\/index.php?rest_route=\/wp\/v2\/types\/post"}],"author":[{"embeddable":true,"href":"https:\/\/agpnoticias.com\/news\/index.php?rest_route=\/wp\/v2\/users\/1"}],"replies":[{"embeddable":true,"href":"https:\/\/agpnoticias.com\/news\/index.php?rest_route=%2Fwp%2Fv2%2Fcomments&post=33070"}],"version-history":[{"count":3,"href":"https:\/\/agpnoticias.com\/news\/index.php?rest_route=\/wp\/v2\/posts\/33070\/revisions"}],"predecessor-version":[{"id":33077,"href":"https:\/\/agpnoticias.com\/news\/index.php?rest_route=\/wp\/v2\/posts\/33070\/revisions\/33077"}],"wp:featuredmedia":[{"embeddable":true,"href":"https:\/\/agpnoticias.com\/news\/index.php?rest_route=\/wp\/v2\/media\/33076"}],"wp:attachment":[{"href":"https:\/\/agpnoticias.com\/news\/index.php?rest_route=%2Fwp%2Fv2%2Fmedia&parent=33070"}],"wp:term":[{"taxonomy":"category","embeddable":true,"href":"https:\/\/agpnoticias.com\/news\/index.php?rest_route=%2Fwp%2Fv2%2Fcategories&post=33070"},{"taxonomy":"post_tag","embeddable":true,"href":"https:\/\/agpnoticias.com\/news\/index.php?rest_route=%2Fwp%2Fv2%2Ftags&post=33070"}],"curies":[{"name":"wp","href":"https:\/\/api.w.org\/{rel}","templated":true}]}}