{"id":33084,"date":"2013-10-06T14:05:21","date_gmt":"2013-10-06T21:05:21","guid":{"rendered":"http:\/\/agpnoticias.com\/news\/?p=33084"},"modified":"2013-10-06T14:23:01","modified_gmt":"2013-10-06T21:23:01","slug":"mil-300-cruzan-la-meta-en-el-ite","status":"publish","type":"post","link":"https:\/\/agpnoticias.com\/news\/?p=33084","title":{"rendered":"Mil 300 cruzan la meta en el ITE"},"content":{"rendered":"<figure id=\"attachment_33090\" aria-describedby=\"caption-attachment-33090\" style=\"width: 640px\" class=\"wp-caption aligncenter\"><a href=\"http:\/\/agpnoticias.com\/news\/?attachment_id=33090\" rel=\"attachment wp-att-33090\"><img fetchpriority=\"high\" decoding=\"async\" class=\"size-full wp-image-33090\" alt=\"M\u00e1s de mil atletas culminaron el trayecto de cinco kil\u00f3metros\" src=\"http:\/\/agpnoticias.com\/news\/wp-content\/uploads\/2013\/10\/M\u00e1s-de-mil-atletas-culminaron-el-trayecto-de-cinco-kil\u00f3metros.jpg\" width=\"640\" height=\"374\" srcset=\"https:\/\/agpnoticias.com\/news\/wp-content\/uploads\/2013\/10\/M\u00e1s-de-mil-atletas-culminaron-el-trayecto-de-cinco-kil\u00f3metros.jpg 640w, https:\/\/agpnoticias.com\/news\/wp-content\/uploads\/2013\/10\/M\u00e1s-de-mil-atletas-culminaron-el-trayecto-de-cinco-kil\u00f3metros-200x116.jpg 200w, https:\/\/agpnoticias.com\/news\/wp-content\/uploads\/2013\/10\/M\u00e1s-de-mil-atletas-culminaron-el-trayecto-de-cinco-kil\u00f3metros-600x350.jpg 600w\" sizes=\"(max-width: 640px) 100vw, 640px\" \/><\/a><figcaption id=\"caption-attachment-33090\" class=\"wp-caption-text\">M\u00e1s de mil atletas culminaron el trayecto de cinco kil\u00f3metros<\/figcaption><\/figure>\n<p>Ensenada, Baja California.- Mil 300 de los cerca de 2 mil inscritos culminaron los cinco kil\u00f3metros que conformaron la ruta de la XI Carrera Atl\u00e9tica del Instituto Tecnol\u00f3gico de Ensenada, con Gabriel Mart\u00ednez como ganador con tiempos de 17 minutos y 16 segundos.<\/p>\n<figure id=\"attachment_33092\" aria-describedby=\"caption-attachment-33092\" style=\"width: 407px\" class=\"wp-caption alignright\"><a href=\"http:\/\/agpnoticias.com\/news\/?attachment_id=33092\" rel=\"attachment wp-att-33092\"><img decoding=\"async\" class=\"size-full wp-image-33092\" alt=\"Gabriel Mart\u00ednez, ganador de la carrera\" src=\"http:\/\/agpnoticias.com\/news\/wp-content\/uploads\/2013\/10\/Gabriel-Mart\u00ednez-ganador-de-la-carrera.jpg\" width=\"407\" height=\"640\" srcset=\"https:\/\/agpnoticias.com\/news\/wp-content\/uploads\/2013\/10\/Gabriel-Mart\u00ednez-ganador-de-la-carrera.jpg 407w, https:\/\/agpnoticias.com\/news\/wp-content\/uploads\/2013\/10\/Gabriel-Mart\u00ednez-ganador-de-la-carrera-127x200.jpg 127w\" sizes=\"(max-width: 407px) 100vw, 407px\" \/><\/a><figcaption id=\"caption-attachment-33092\" class=\"wp-caption-text\">Gabriel Mart\u00ednez, ganador de la carrera<\/figcaption><\/figure>\n<p>\u201cHubo una participaci\u00f3n excelente gracias a la log\u00edstica y la promoci\u00f3n que hicimos durante un buen tiempo, registramos cerca de 2 mil inscritos y superamos los mil 400 registros del a\u00f1o pasado\u201d, indic\u00f3 Gloria Rodr\u00edguez.<\/p>\n<p>La promotora precis\u00f3 que 902 estudiantes del ITE cumplieron con su inscripci\u00f3n y \u201ccasi todos se presentar a correr, con excepci\u00f3n de un 10 por ciento de ausentes\u201d.<\/p>\n<p>Detr\u00e1s de Gabriel Mart\u00ednez lleg\u00f3 el estudiante del ITE, Paulo Carrillo, as\u00ed como Alan Marr\u00f3n, Guillermo Prieto y otros alumnos del instituto, Isaac Amador.<\/p>\n<p>Entre las mujeres punte\u00f3 Yajaira Gallegos (22:09) por delante de Wendolyn Pe\u00f1a, Carmen Maya, Guadalupe Monroy y Nicole Jim\u00e9nez.<\/p>\n<p>En esta ocasi\u00f3n se cre\u00f3 una salida y meta para hombres y otro para mujeres.<\/p>\n<p>\u201cLa gente est\u00e1 muy contenta, adem\u00e1s de esa modificaci\u00f3n hicimos otra en la ruta para que los corredores pasaran por la pista de tartan que se est\u00e1 construyendo en el terreno que tenemos frente a nuestras instalaciones, donde habr\u00e1 una unidad deportiva\u201d, explic\u00f3.<\/p>\n<p>Gloria Rodr\u00edguez dijo que el terreno consta de nueve hect\u00e1reas en las que estar\u00e1 la pista de tartan y un campo de futbol con grama natural, as\u00ed como un edificio de postgrado.<\/p>\n<p>En total se entregaron 700 camisetas entre los primeros corredores que llegaron a la meta.<\/p>\n","protected":false},"excerpt":{"rendered":"<p>Ensenada, Baja California.- Mil 300 de los cerca de 2 mil inscritos culminaron los cinco&#8230;<\/p>\n","protected":false},"author":1,"featured_media":33090,"comment_status":"open","ping_status":"closed","sticky":false,"template":"","format":"standard","meta":{"footnotes":""},"categories":[1,31,7],"tags":[],"class_list":["post-33084","post","type-post","status-publish","format-standard","has-post-thumbnail","hentry","category-uncategorized","category-atletismo","category-deportes"],"_links":{"self":[{"href":"https:\/\/agpnoticias.com\/news\/index.php?rest_route=\/wp\/v2\/posts\/33084","targetHints":{"allow":["GET"]}}],"collection":[{"href":"https:\/\/agpnoticias.com\/news\/index.php?rest_route=\/wp\/v2\/posts"}],"about":[{"href":"https:\/\/agpnoticias.com\/news\/index.php?rest_route=\/wp\/v2\/types\/post"}],"author":[{"embeddable":true,"href":"https:\/\/agpnoticias.com\/news\/index.php?rest_route=\/wp\/v2\/users\/1"}],"replies":[{"embeddable":true,"href":"https:\/\/agpnoticias.com\/news\/index.php?rest_route=%2Fwp%2Fv2%2Fcomments&post=33084"}],"version-history":[{"count":4,"href":"https:\/\/agpnoticias.com\/news\/index.php?rest_route=\/wp\/v2\/posts\/33084\/revisions"}],"predecessor-version":[{"id":33094,"href":"https:\/\/agpnoticias.com\/news\/index.php?rest_route=\/wp\/v2\/posts\/33084\/revisions\/33094"}],"wp:featuredmedia":[{"embeddable":true,"href":"https:\/\/agpnoticias.com\/news\/index.php?rest_route=\/wp\/v2\/media\/33090"}],"wp:attachment":[{"href":"https:\/\/agpnoticias.com\/news\/index.php?rest_route=%2Fwp%2Fv2%2Fmedia&parent=33084"}],"wp:term":[{"taxonomy":"category","embeddable":true,"href":"https:\/\/agpnoticias.com\/news\/index.php?rest_route=%2Fwp%2Fv2%2Fcategories&post=33084"},{"taxonomy":"post_tag","embeddable":true,"href":"https:\/\/agpnoticias.com\/news\/index.php?rest_route=%2Fwp%2Fv2%2Ftags&post=33084"}],"curies":[{"name":"wp","href":"https:\/\/api.w.org\/{rel}","templated":true}]}}