{"id":33086,"date":"2013-10-06T14:07:29","date_gmt":"2013-10-06T21:07:29","guid":{"rendered":"http:\/\/agpnoticias.com\/news\/?p=33086"},"modified":"2013-10-06T14:27:18","modified_gmt":"2013-10-06T21:27:18","slug":"se-enfrentan-liga-y-comite-de-atletismo","status":"publish","type":"post","link":"https:\/\/agpnoticias.com\/news\/?p=33086","title":{"rendered":"Diferencias entre la liga y el comit\u00e9 de atletismo"},"content":{"rendered":"<figure id=\"attachment_33088\" aria-describedby=\"caption-attachment-33088\" style=\"width: 640px\" class=\"wp-caption aligncenter\"><a href=\"http:\/\/agpnoticias.com\/news\/?attachment_id=33088\" rel=\"attachment wp-att-33088\"><img fetchpriority=\"high\" decoding=\"async\" class=\"size-full wp-image-33088\" alt=\"Una larga fila se form\u00f3 antes de cruzar la meta\" src=\"http:\/\/agpnoticias.com\/news\/wp-content\/uploads\/2013\/10\/Una-larga-fila-se-form\u00f3-antes-de-cruzar-la-meta.jpg\" width=\"640\" height=\"369\" srcset=\"https:\/\/agpnoticias.com\/news\/wp-content\/uploads\/2013\/10\/Una-larga-fila-se-form\u00f3-antes-de-cruzar-la-meta.jpg 640w, https:\/\/agpnoticias.com\/news\/wp-content\/uploads\/2013\/10\/Una-larga-fila-se-form\u00f3-antes-de-cruzar-la-meta-200x115.jpg 200w, https:\/\/agpnoticias.com\/news\/wp-content\/uploads\/2013\/10\/Una-larga-fila-se-form\u00f3-antes-de-cruzar-la-meta-600x345.jpg 600w\" sizes=\"(max-width: 640px) 100vw, 640px\" \/><\/a><figcaption id=\"caption-attachment-33088\" class=\"wp-caption-text\">Una larga fila se form\u00f3 antes de cruzar la meta<\/figcaption><\/figure>\n<p>Ensenada, Baja California.- Las diferencias entre la Liga Municipal y el Comit\u00e9 Municipal de Atletismo, creado hace unos meses, salieron a la luz durante la XI Carrera del Instituto Tecnol\u00f3gico de Ensenada.<\/p>\n<p>El titular de la liga, Juan de Dios Delgado, cuestion\u00f3 errores en la log\u00edstica que fue encargada a los promotores de tres clubes que no forman parte del organismo federado: Athlos, Todos Santos y TX8.<\/p>\n<p>\u201cEsta gente encabeza una rebeli\u00f3n, no quiere respetar las reglas ni la normatividad y de ah\u00ed se deriva este desorden\u201d, indico al tiempo de se\u00f1alar una fila de corredores formada muchos metros antes de cruzar la meta, ya caminando.<\/p>\n<p>El \u201ccuello de botella\u201d se present\u00f3 \u201cporque este grupo encabezado por Ephrain Z\u00e1rate decidi\u00f3 poner un solo cono, una sola fila de ingreso para los corredores en la meta, lo que est\u00e1 generando que los tiempos registrados no vayan a ser los reales\u201d.<\/p>\n<p>\u201cComo pueden ver, los corredores vienen caminando varios metros antes de llegar a la meta, que es donde se registra su tiempo real\u201d, detall\u00f3.<\/p>\n<p>Adem\u00e1s, \u201cdespu\u00e9s de cruzar la meta hay un solo carril y los corredores tienen que caminar como 600 metros hasta el lugar donde entregan la ceja con su nombre donde hacen constar su participaci\u00f3n\u201d.<\/p>\n<p>\u201cLo recomendable es hacer varios carriles para que la gente pueda avanzar sin frenarse como pas\u00f3 ahora\u201d, indic\u00f3.<\/p>\n<p>Tambi\u00e9n fue cr\u00edtico con la idea de dividir la carrera en dos carriles: uno para hombres y otro para mujeres, aun cuando s\u00f3lo en el reservado para la rama varonil se cre\u00f3 la acumulaci\u00f3n de gente.<\/p>\n<p>\u201cEsto es producto de la cerraz\u00f3n del profesor Ephrain Z\u00e1rate, que se ostenta como comit\u00e9 municipal de atletismo, sin querer afiliarse a la liga y sin ponerse a pensar que echan a perder estos eventos con tanta participaci\u00f3n\u201d, lament\u00f3.<\/p>\n<p>Juan de Dios Delgado advirti\u00f3 que les har\u00e1 un llamado a los integrantes del Comit\u00e9 \u201cpara que se retiren de este tipo de iniciativas, porque van en contra de la gente que viene a participar y se encuentra con estos problemas\u201d.<\/p>\n<p>Por su parte, Ephrain Z\u00e1rate descart\u00f3 que su intenci\u00f3n sea desacreditar a la Liga Municipal de Atletismo.<\/p>\n<p>\u201cNo queremos perjudicar a la liga, s\u00f3lo buscamos apoyar el deporte y hasta invitamos a su presidente a la junta previa para que hubiera coordinaci\u00f3n, pero no se present\u00f3\u201d, se\u00f1al\u00f3.<\/p>\n<p>El l\u00edder del equipo Athlos sostuvo que la Liga Municipal \u201cse ha dedicado \u00fanicamente al proceso de Olimpiada Nacional dejando de lado las carreras de ruta para las que existe un reglamento internacional que en m\u00e1s de 20 a\u00f1os no se ha aplicado\u201d.<\/p>\n<p>Admiti\u00f3 que \u201clas expectativas de participaci\u00f3n (en la carrera del ITE) eran menores, por eso se nos junt\u00f3 la gente, y s\u00ed, tal vez debimos meter m\u00e1s carriles, pero todo fue un \u00e9xito\u201d.<\/p>\n<p>\u201cNosotros acudimos porque Gloria Rodr\u00edguez (la organizadora) nos pidi\u00f3 que la ayud\u00e1ramos por los algunos problemas que tuvo en otras ediciones y creo que cumplimos\u201d, afirm\u00f3.<\/p>\n<p>La misma Gloria Rodr\u00edguez dijo que ella invit\u00f3 tanto a la liga como al comit\u00e9 para que la apoyaran en la organizaci\u00f3n del evento.<\/p>\n<p>\u201cSe supone que el s\u00e1bado todos se pondr\u00edan de acuerdo con la log\u00edstica y creo que todo sali\u00f3 bien\u201d, expres\u00f3.<\/p>\n","protected":false},"excerpt":{"rendered":"<p>Ensenada, Baja California.- Las diferencias entre la Liga Municipal y el Comit\u00e9 Municipal de Atletismo,&#8230;<\/p>\n","protected":false},"author":1,"featured_media":33088,"comment_status":"open","ping_status":"closed","sticky":false,"template":"","format":"standard","meta":{"footnotes":""},"categories":[1,31,7],"tags":[],"class_list":["post-33086","post","type-post","status-publish","format-standard","has-post-thumbnail","hentry","category-uncategorized","category-atletismo","category-deportes"],"_links":{"self":[{"href":"https:\/\/agpnoticias.com\/news\/index.php?rest_route=\/wp\/v2\/posts\/33086","targetHints":{"allow":["GET"]}}],"collection":[{"href":"https:\/\/agpnoticias.com\/news\/index.php?rest_route=\/wp\/v2\/posts"}],"about":[{"href":"https:\/\/agpnoticias.com\/news\/index.php?rest_route=\/wp\/v2\/types\/post"}],"author":[{"embeddable":true,"href":"https:\/\/agpnoticias.com\/news\/index.php?rest_route=\/wp\/v2\/users\/1"}],"replies":[{"embeddable":true,"href":"https:\/\/agpnoticias.com\/news\/index.php?rest_route=%2Fwp%2Fv2%2Fcomments&post=33086"}],"version-history":[{"count":3,"href":"https:\/\/agpnoticias.com\/news\/index.php?rest_route=\/wp\/v2\/posts\/33086\/revisions"}],"predecessor-version":[{"id":33095,"href":"https:\/\/agpnoticias.com\/news\/index.php?rest_route=\/wp\/v2\/posts\/33086\/revisions\/33095"}],"wp:featuredmedia":[{"embeddable":true,"href":"https:\/\/agpnoticias.com\/news\/index.php?rest_route=\/wp\/v2\/media\/33088"}],"wp:attachment":[{"href":"https:\/\/agpnoticias.com\/news\/index.php?rest_route=%2Fwp%2Fv2%2Fmedia&parent=33086"}],"wp:term":[{"taxonomy":"category","embeddable":true,"href":"https:\/\/agpnoticias.com\/news\/index.php?rest_route=%2Fwp%2Fv2%2Fcategories&post=33086"},{"taxonomy":"post_tag","embeddable":true,"href":"https:\/\/agpnoticias.com\/news\/index.php?rest_route=%2Fwp%2Fv2%2Ftags&post=33086"}],"curies":[{"name":"wp","href":"https:\/\/api.w.org\/{rel}","templated":true}]}}