{"id":33116,"date":"2013-10-06T20:22:37","date_gmt":"2013-10-07T03:22:37","guid":{"rendered":"http:\/\/agpnoticias.com\/news\/?p=33116"},"modified":"2013-10-06T20:28:17","modified_gmt":"2013-10-07T03:28:17","slug":"alan-covarrubias-se-estreno-temprano","status":"publish","type":"post","link":"https:\/\/agpnoticias.com\/news\/?p=33116","title":{"rendered":"Alan Covarrubias se estren\u00f3 temprano"},"content":{"rendered":"<figure id=\"attachment_33117\" aria-describedby=\"caption-attachment-33117\" style=\"width: 640px\" class=\"wp-caption aligncenter\"><a href=\"http:\/\/agpnoticias.com\/news\/?attachment_id=33117\" rel=\"attachment wp-att-33117\"><img fetchpriority=\"high\" decoding=\"async\" class=\"size-large wp-image-33117\" alt=\"La anotaci\u00f3n se registr\u00f3 apenas en el primer minuto\" src=\"http:\/\/agpnoticias.com\/news\/wp-content\/uploads\/2013\/10\/La-anotaci\u00f3n-se-registr\u00f3-apenas-en-el-primer-minuto-640x480.jpg\" width=\"640\" height=\"480\" srcset=\"https:\/\/agpnoticias.com\/news\/wp-content\/uploads\/2013\/10\/La-anotaci\u00f3n-se-registr\u00f3-apenas-en-el-primer-minuto-640x480.jpg 640w, https:\/\/agpnoticias.com\/news\/wp-content\/uploads\/2013\/10\/La-anotaci\u00f3n-se-registr\u00f3-apenas-en-el-primer-minuto-320x240.jpg 320w\" sizes=\"(max-width: 640px) 100vw, 640px\" \/><\/a><figcaption id=\"caption-attachment-33117\" class=\"wp-caption-text\">La anotaci\u00f3n se registr\u00f3 apenas en el primer minuto<\/figcaption><\/figure>\n<p>Ensenada, Baja California.- No se hab\u00edan jugado ni dos minutos del debut oficial de los Pescadores cuando Alan Covarrubias ya hab\u00eda marcado su primer gol.<\/p>\n<figure id=\"attachment_33119\" aria-describedby=\"caption-attachment-33119\" style=\"width: 200px\" class=\"wp-caption alignright\"><a href=\"http:\/\/agpnoticias.com\/news\/?attachment_id=33119\" rel=\"attachment wp-att-33119\"><img decoding=\"async\" class=\"size-thumbnail wp-image-33119\" alt=\"El delantero se estren\u00f3 como goleador muy temprano\" src=\"http:\/\/agpnoticias.com\/news\/wp-content\/uploads\/2013\/10\/El-delantero-se-estren\u00f3-como-goleador-muy-temprano-200x120.jpg\" width=\"200\" height=\"120\" srcset=\"https:\/\/agpnoticias.com\/news\/wp-content\/uploads\/2013\/10\/El-delantero-se-estren\u00f3-como-goleador-muy-temprano-200x120.jpg 200w, https:\/\/agpnoticias.com\/news\/wp-content\/uploads\/2013\/10\/El-delantero-se-estren\u00f3-como-goleador-muy-temprano-600x360.jpg 600w, https:\/\/agpnoticias.com\/news\/wp-content\/uploads\/2013\/10\/El-delantero-se-estren\u00f3-como-goleador-muy-temprano.jpg 1000w\" sizes=\"(max-width: 200px) 100vw, 200px\" \/><\/a><figcaption id=\"caption-attachment-33119\" class=\"wp-caption-text\">El delantero se estren\u00f3 como goleador muy temprano<\/figcaption><\/figure>\n<p>\u201cEsa anotaci\u00f3n significa todo el trabajo que hicimos para este juego y as\u00ed se vio en el festejo con todos los compa\u00f1eros unidos\u201d, coment\u00f3 el delantero tras la victoria de 2-1 frente a los Diablos.<\/p>\n<p>Adem\u00e1s, \u201cviv\u00ed el gol de manera muy especial porque estuvo mi familia en la grada mir\u00e1ndome meterla en la primera jugada\u201d.<\/p>\n<p>Para Alan Covarrubias el principal m\u00e9rito de los Pescadores es que \u201ctodos trabajamos hacia el mismo objetivo y por fortuna iniciamos con un buen resultado\u201d.<\/p>\n<p>El futbolista jug\u00f3 su etapa infantil y juvenil con el Deportivo Ju\u00e1rez, antes de pasar a las reservas de Los Olivos, donde lo conoci\u00f3 el director deportivo de Pescadores, Genaro Rubio, quien lo invit\u00f3 al equipo.<\/p>\n","protected":false},"excerpt":{"rendered":"<p>Ensenada, Baja California.- No se hab\u00edan jugado ni dos minutos del debut oficial de los&#8230;<\/p>\n","protected":false},"author":1,"featured_media":33117,"comment_status":"open","ping_status":"closed","sticky":false,"template":"","format":"standard","meta":{"footnotes":""},"categories":[7,32],"tags":[],"class_list":["post-33116","post","type-post","status-publish","format-standard","has-post-thumbnail","hentry","category-deportes","category-soccer"],"_links":{"self":[{"href":"https:\/\/agpnoticias.com\/news\/index.php?rest_route=\/wp\/v2\/posts\/33116","targetHints":{"allow":["GET"]}}],"collection":[{"href":"https:\/\/agpnoticias.com\/news\/index.php?rest_route=\/wp\/v2\/posts"}],"about":[{"href":"https:\/\/agpnoticias.com\/news\/index.php?rest_route=\/wp\/v2\/types\/post"}],"author":[{"embeddable":true,"href":"https:\/\/agpnoticias.com\/news\/index.php?rest_route=\/wp\/v2\/users\/1"}],"replies":[{"embeddable":true,"href":"https:\/\/agpnoticias.com\/news\/index.php?rest_route=%2Fwp%2Fv2%2Fcomments&post=33116"}],"version-history":[{"count":2,"href":"https:\/\/agpnoticias.com\/news\/index.php?rest_route=\/wp\/v2\/posts\/33116\/revisions"}],"predecessor-version":[{"id":33126,"href":"https:\/\/agpnoticias.com\/news\/index.php?rest_route=\/wp\/v2\/posts\/33116\/revisions\/33126"}],"wp:featuredmedia":[{"embeddable":true,"href":"https:\/\/agpnoticias.com\/news\/index.php?rest_route=\/wp\/v2\/media\/33117"}],"wp:attachment":[{"href":"https:\/\/agpnoticias.com\/news\/index.php?rest_route=%2Fwp%2Fv2%2Fmedia&parent=33116"}],"wp:term":[{"taxonomy":"category","embeddable":true,"href":"https:\/\/agpnoticias.com\/news\/index.php?rest_route=%2Fwp%2Fv2%2Fcategories&post=33116"},{"taxonomy":"post_tag","embeddable":true,"href":"https:\/\/agpnoticias.com\/news\/index.php?rest_route=%2Fwp%2Fv2%2Ftags&post=33116"}],"curies":[{"name":"wp","href":"https:\/\/api.w.org\/{rel}","templated":true}]}}