{"id":33508,"date":"2013-10-18T15:39:02","date_gmt":"2013-10-18T22:39:02","guid":{"rendered":"http:\/\/agpnoticias.com\/news\/?p=33508"},"modified":"2017-12-12T11:32:06","modified_gmt":"2017-12-12T19:32:06","slug":"b-c-punta-de-lanza-en-proyecto-de-la-segunda-division-profesional","status":"publish","type":"post","link":"https:\/\/agpnoticias.com\/news\/?p=33508","title":{"rendered":"B.C. \u00abpunta de lanza\u00bb en proyecto de la Segunda Divisi\u00f3n Profesional"},"content":{"rendered":"<figure id=\"attachment_33511\" aria-describedby=\"caption-attachment-33511\" style=\"width: 640px\" class=\"wp-caption aligncenter\"><a href=\"http:\/\/agpnoticias.com\/news\/?attachment_id=33511\" rel=\"attachment wp-att-33511\"><img fetchpriority=\"high\" decoding=\"async\" class=\"size-large wp-image-33511\" alt=\"Los promotores del proyecto confiaron en iniciarlo durante julio de 2014\" src=\"http:\/\/agpnoticias.com\/news\/wp-content\/uploads\/2013\/10\/Los-promotores-del-proyecto-confiaron-en-iniciarlo-durante-julio-de-20141-640x480.jpg\" width=\"640\" height=\"480\" srcset=\"https:\/\/agpnoticias.com\/news\/wp-content\/uploads\/2013\/10\/Los-promotores-del-proyecto-confiaron-en-iniciarlo-durante-julio-de-20141-640x480.jpg 640w, https:\/\/agpnoticias.com\/news\/wp-content\/uploads\/2013\/10\/Los-promotores-del-proyecto-confiaron-en-iniciarlo-durante-julio-de-20141-200x149.jpg 200w, https:\/\/agpnoticias.com\/news\/wp-content\/uploads\/2013\/10\/Los-promotores-del-proyecto-confiaron-en-iniciarlo-durante-julio-de-20141-320x240.jpg 320w\" sizes=\"(max-width: 640px) 100vw, 640px\" \/><\/a><figcaption id=\"caption-attachment-33511\" class=\"wp-caption-text\">Los promotores del proyecto confiaron en iniciarlo durante julio de 2014<\/figcaption><\/figure>\n<p>Ensenada, Baja California.- Baja California ser\u00eda \u201cpunta de lanza\u201d en un proyecto que pretende establecer la Segunda Divisi\u00f3n Profesional, \u00fanicamente con equipos integrados por estudiantes de instituciones universitarias.<\/p>\n<p>Proyectado a iniciar en julio de 2014, el grupo que se crear\u00eda en Baja California contar\u00eda con un aproximado a los diez equipos surgidos de Ensenada, Tijuana, Mexicali, Rosarito y Tecate en Baja California, as\u00ed como uno de San Luis R\u00edo Colorado en Sonora.<\/p>\n<p>\u201cLa intenci\u00f3n es que el 100 por ciento de los conjuntos sean integrados por estudiantes de universidades, en un proyecto al que hemos llamado \u00b4formaci\u00f3n integral\u00b4\u201d, inform\u00f3 Jos\u00e9 V\u00e1zquez.<\/p>\n<p>El presidente de la Segunda Divisi\u00f3n Profesional, circuito que agrupa a jugadores de entre 16 y 24 a\u00f1os, apunt\u00f3 que la mayor\u00eda de los futbolistas dentro de ese margen de edad abandona los estudios, \u201cas\u00ed que nosotros, en vez de establecer un salario, les pagar\u00edamos con becas\u201d.<\/p>\n<p>\u201cExigiremos es que si un jugador quiere llegar al futbol profesional tiene que estudiar la universidad, porque de los cerca de 3 mil futbolistas inscritos a nuestra liga, tan s\u00f3lo cinco llegan a los niveles m\u00e1s altos del profesionalismo y s\u00f3lo dos se consolidan\u201d, calcul\u00f3.<\/p>\n<p>Con la obligaci\u00f3n de estudiar una carrera profesional, \u201char\u00edamos el proceso inverso y no buscar\u00edamos jugadores que estudien la universidad sino estudiantes que quieran jugar futbol, en una sinergia para unir lo acad\u00e9mico y lo deportivo\u201d.<\/p>\n<p>En la Segunda Divisi\u00f3n ya hay 13 universidades compitiendo, \u201cpero lo hacen con un aproximado del 80 por ciento de su plantel matriculado a su \u00e1rea acad\u00e9mica y no el 100 por ciento como pretende esta iniciativa que queremos iniciar en Baja California\u201d.<\/p>\n<p>Los equipos de Baja California formar\u00edan parte uno de los grupos de la Segunda Divisi\u00f3n llamado \u201cNuevos Talentos\u201d, que no tiene derecho a ascenso, a diferencia del Grupo Premier, formado por las zonas Centro-Sur y Centro-Norte.<\/p>\n<p>Jos\u00e9 V\u00e1zquez asegur\u00f3 que la Segunda Divisi\u00f3n no afectar\u00eda los proyectos reci\u00e9n iniciados de Tercera Divisi\u00f3n en Ensenada, Diablos y Pescadores, ya que incluso se complementar\u00edan y en alg\u00fan momento podr\u00edan unirse.<\/p>\n<p>Durante la presentaci\u00f3n del proyecto estuvo el ex alcalde de Ensenada, C\u00e9sar Mancillas Amador, quien destac\u00f3 la infraestructura existente en el estado para desarrollar una competencia de estas caracter\u00edsticas.<\/p>\n<p>Adelant\u00f3 que \u00e9l mismo inici\u00f3 gestiones con la Universidad Aut\u00f3noma de Baja California y Cetys para plantearles el proyecto, adem\u00e1s de que el gobernador saliente de Baja California, Jos\u00e9 Guadalupe Osuna Mill\u00e1n, manifest\u00f3 su apoyo.<\/p>\n<p>\u201cTodos han visto con buenos ojos la llegada de una Segunda Divisi\u00f3n: iniciativa privada, universidades y gobierno\u201d, sostuvo.<\/p>\n<p>En la rueda de prensa tambi\u00e9n estuvo Alfonso Silva, representante de la Segunda Divisi\u00f3n, as\u00ed como el entrenador ensenadense Pavel Alvarado Ojeda, impulsor del proyecto en Baja California.<\/p>\n","protected":false},"excerpt":{"rendered":"<p>Ensenada, Baja California.- Baja California ser\u00eda \u201cpunta de lanza\u201d en un proyecto que pretende establecer&#8230;<\/p>\n","protected":false},"author":1,"featured_media":33511,"comment_status":"open","ping_status":"closed","sticky":false,"template":"","format":"standard","meta":{"footnotes":""},"categories":[879,7,32],"tags":[],"class_list":["post-33508","post","type-post","status-publish","format-standard","has-post-thumbnail","hentry","category-cetys-universidad","category-deportes","category-soccer"],"_links":{"self":[{"href":"https:\/\/agpnoticias.com\/news\/index.php?rest_route=\/wp\/v2\/posts\/33508","targetHints":{"allow":["GET"]}}],"collection":[{"href":"https:\/\/agpnoticias.com\/news\/index.php?rest_route=\/wp\/v2\/posts"}],"about":[{"href":"https:\/\/agpnoticias.com\/news\/index.php?rest_route=\/wp\/v2\/types\/post"}],"author":[{"embeddable":true,"href":"https:\/\/agpnoticias.com\/news\/index.php?rest_route=\/wp\/v2\/users\/1"}],"replies":[{"embeddable":true,"href":"https:\/\/agpnoticias.com\/news\/index.php?rest_route=%2Fwp%2Fv2%2Fcomments&post=33508"}],"version-history":[{"count":2,"href":"https:\/\/agpnoticias.com\/news\/index.php?rest_route=\/wp\/v2\/posts\/33508\/revisions"}],"predecessor-version":[{"id":33512,"href":"https:\/\/agpnoticias.com\/news\/index.php?rest_route=\/wp\/v2\/posts\/33508\/revisions\/33512"}],"wp:featuredmedia":[{"embeddable":true,"href":"https:\/\/agpnoticias.com\/news\/index.php?rest_route=\/wp\/v2\/media\/33511"}],"wp:attachment":[{"href":"https:\/\/agpnoticias.com\/news\/index.php?rest_route=%2Fwp%2Fv2%2Fmedia&parent=33508"}],"wp:term":[{"taxonomy":"category","embeddable":true,"href":"https:\/\/agpnoticias.com\/news\/index.php?rest_route=%2Fwp%2Fv2%2Fcategories&post=33508"},{"taxonomy":"post_tag","embeddable":true,"href":"https:\/\/agpnoticias.com\/news\/index.php?rest_route=%2Fwp%2Fv2%2Ftags&post=33508"}],"curies":[{"name":"wp","href":"https:\/\/api.w.org\/{rel}","templated":true}]}}