{"id":34748,"date":"2013-11-21T14:16:11","date_gmt":"2013-11-21T22:16:11","guid":{"rendered":"http:\/\/agpnoticias.com\/news\/?p=34748"},"modified":"2013-11-21T14:16:11","modified_gmt":"2013-11-21T22:16:11","slug":"calma-en-pescadores-ante-aguas-agitadas","status":"publish","type":"post","link":"https:\/\/agpnoticias.com\/news\/?p=34748","title":{"rendered":"Calma en Pescadores ante aguas agitadas"},"content":{"rendered":"<figure id=\"attachment_34749\" aria-describedby=\"caption-attachment-34749\" style=\"width: 320px\" class=\"wp-caption alignright\"><a href=\"http:\/\/agpnoticias.com\/news\/?attachment_id=34749\" rel=\"attachment wp-att-34749\"><img fetchpriority=\"high\" decoding=\"async\" class=\"size-medium wp-image-34749\" alt=\"El conjunto dirigido por Juan M\u00e1rquez regresar\u00e1 a casa hasta enero\" src=\"http:\/\/agpnoticias.com\/news\/wp-content\/uploads\/2013\/11\/El-conjunto-dirigido-por-Juan-M\u00e1rquez-regresar\u00e1-a-casa-hasta-enero-320x240.jpg\" width=\"320\" height=\"240\" srcset=\"https:\/\/agpnoticias.com\/news\/wp-content\/uploads\/2013\/11\/El-conjunto-dirigido-por-Juan-M\u00e1rquez-regresar\u00e1-a-casa-hasta-enero-320x240.jpg 320w, https:\/\/agpnoticias.com\/news\/wp-content\/uploads\/2013\/11\/El-conjunto-dirigido-por-Juan-M\u00e1rquez-regresar\u00e1-a-casa-hasta-enero-640x480.jpg 640w\" sizes=\"(max-width: 320px) 100vw, 320px\" \/><\/a><figcaption id=\"caption-attachment-34749\" class=\"wp-caption-text\">El conjunto dirigido por Juan M\u00e1rquez regresar\u00e1 a casa hasta enero<\/figcaption><\/figure>\n<p>Ensenada, Baja California.- Las dos derrotas consecutivas son evaluadas por la directiva de Pescadores, pero sin espacio para decisiones precipitadas, aun cuando el calendario presenta cuatro salidas consecutivas.<\/p>\n<p>\u201cEstamos tranquilos, no podemos morirnos de nada, va menos de medio torneo\u201d, sostuvo Genaro Rubio.<\/p>\n<p>El director deportivo de los Pescadores consider\u00f3 que las lesiones y algunos movimientos internos dentro del grupo han derivado en el primer altibajo de la temporada para el plantel debutante en la Tercera Divisi\u00f3n Profesional.<\/p>\n<p>Sobre la m\u00e1s reciente derrota en casa frente al entonces sotanero Xoloitzcuintles de Tijuana, el representante de la directiva admiti\u00f3 que \u201cinventamos mucho y nos cost\u00f3 el gol\u201d con el cambio de parado en defensa.<\/p>\n<p>Adem\u00e1s, \u201cXolos se arm\u00f3 bien atr\u00e1s y es un equipo que mejor\u00f3 much\u00edsimo en relaci\u00f3n a aquel que enfrentamos en pretemporada y ahora muestran mayor orden y m\u00e1s trabajados f\u00edsicamente\u201d.<\/p>\n<p>Para la visita a H\u00e9roes de Caborca, programada el s\u00e1bado a las 19:00 horas, seguir\u00e1 de baja el mediocampista zurdo Jos\u00e9 Manuel Guerrero, quien regresar\u00e1 hasta la segunda vuelta.<\/p>\n<p>Pescadores es cuarto lugar del Grupo XIII con 10 puntos en siete encuentros disputados.<\/p>\n<p>&nbsp;<\/p>\n<p><b>Regreso a casa hasta enero<\/b><\/p>\n<p>El calendario de juego ha complicado la situaci\u00f3n de los Pescadores, pues el equipo regresar\u00e1 al campo uno de Ciudad Deportiva, su casa, hasta la fecha dos de la segunda vuelta.<\/p>\n<p>Antes, tendr\u00e1 que cumplir con sus compromisos de visita ante H\u00e9roes de Caborca y \u00c1guilas UAS entre el 23 y 30 de noviembre, para descansar el primer fin de semana de diciembre y regresar el 15 de ese mes contra Deportivo Obreg\u00f3n.<\/p>\n<p>De ah\u00ed vendr\u00e1 la pausa previa al inicio de la segunda vuelta, cuyos primer compromiso ser\u00e1 la visita a los Diablos en el campo Nueva Ensenada.<\/p>\n<p>Y el regreso a casa, a\u00fan con fecha por definir, ser\u00e1 hasta la fecha dos de la segunda vuelta contra Indios Cucap\u00e1.<\/p>\n","protected":false},"excerpt":{"rendered":"<p>Ensenada, Baja California.- Las dos derrotas consecutivas son evaluadas por la directiva de Pescadores, pero&#8230;<\/p>\n","protected":false},"author":1,"featured_media":34749,"comment_status":"open","ping_status":"closed","sticky":false,"template":"","format":"standard","meta":{"footnotes":""},"categories":[7,32],"tags":[],"class_list":["post-34748","post","type-post","status-publish","format-standard","has-post-thumbnail","hentry","category-deportes","category-soccer"],"_links":{"self":[{"href":"https:\/\/agpnoticias.com\/news\/index.php?rest_route=\/wp\/v2\/posts\/34748","targetHints":{"allow":["GET"]}}],"collection":[{"href":"https:\/\/agpnoticias.com\/news\/index.php?rest_route=\/wp\/v2\/posts"}],"about":[{"href":"https:\/\/agpnoticias.com\/news\/index.php?rest_route=\/wp\/v2\/types\/post"}],"author":[{"embeddable":true,"href":"https:\/\/agpnoticias.com\/news\/index.php?rest_route=\/wp\/v2\/users\/1"}],"replies":[{"embeddable":true,"href":"https:\/\/agpnoticias.com\/news\/index.php?rest_route=%2Fwp%2Fv2%2Fcomments&post=34748"}],"version-history":[{"count":1,"href":"https:\/\/agpnoticias.com\/news\/index.php?rest_route=\/wp\/v2\/posts\/34748\/revisions"}],"predecessor-version":[{"id":34750,"href":"https:\/\/agpnoticias.com\/news\/index.php?rest_route=\/wp\/v2\/posts\/34748\/revisions\/34750"}],"wp:featuredmedia":[{"embeddable":true,"href":"https:\/\/agpnoticias.com\/news\/index.php?rest_route=\/wp\/v2\/media\/34749"}],"wp:attachment":[{"href":"https:\/\/agpnoticias.com\/news\/index.php?rest_route=%2Fwp%2Fv2%2Fmedia&parent=34748"}],"wp:term":[{"taxonomy":"category","embeddable":true,"href":"https:\/\/agpnoticias.com\/news\/index.php?rest_route=%2Fwp%2Fv2%2Fcategories&post=34748"},{"taxonomy":"post_tag","embeddable":true,"href":"https:\/\/agpnoticias.com\/news\/index.php?rest_route=%2Fwp%2Fv2%2Ftags&post=34748"}],"curies":[{"name":"wp","href":"https:\/\/api.w.org\/{rel}","templated":true}]}}