{"id":34778,"date":"2013-11-22T15:35:39","date_gmt":"2013-11-22T23:35:39","guid":{"rendered":"http:\/\/agpnoticias.com\/news\/?p=34778"},"modified":"2013-11-22T15:35:39","modified_gmt":"2013-11-22T23:35:39","slug":"y-el-nuevo-tecnico-es","status":"publish","type":"post","link":"https:\/\/agpnoticias.com\/news\/?p=34778","title":{"rendered":"Y el nuevo t\u00e9cnico es&#8230;"},"content":{"rendered":"<figure id=\"attachment_34779\" aria-describedby=\"caption-attachment-34779\" style=\"width: 320px\" class=\"wp-caption alignright\"><a href=\"http:\/\/agpnoticias.com\/news\/?attachment_id=34779\" rel=\"attachment wp-att-34779\"><img fetchpriority=\"high\" decoding=\"async\" class=\"size-medium wp-image-34779\" alt=\"En vez de revelar el nombre del sustituto de Jorge Almir\u00f3n, fue anunciada una campa\u00f1a contra el c\u00e1ncer de pr\u00f3stata\" src=\"http:\/\/agpnoticias.com\/news\/wp-content\/uploads\/2013\/11\/En-vez-de-revelar-el-nombre-del-sustituto-de-Jorge-Almir\u00f3n-fue-anunciada-una-campa\u00f1a-contra-el-c\u00e1ncer-de-pr\u00f3stata-320x240.jpg\" width=\"320\" height=\"240\" srcset=\"https:\/\/agpnoticias.com\/news\/wp-content\/uploads\/2013\/11\/En-vez-de-revelar-el-nombre-del-sustituto-de-Jorge-Almir\u00f3n-fue-anunciada-una-campa\u00f1a-contra-el-c\u00e1ncer-de-pr\u00f3stata-320x240.jpg 320w, https:\/\/agpnoticias.com\/news\/wp-content\/uploads\/2013\/11\/En-vez-de-revelar-el-nombre-del-sustituto-de-Jorge-Almir\u00f3n-fue-anunciada-una-campa\u00f1a-contra-el-c\u00e1ncer-de-pr\u00f3stata-200x150.jpg 200w, https:\/\/agpnoticias.com\/news\/wp-content\/uploads\/2013\/11\/En-vez-de-revelar-el-nombre-del-sustituto-de-Jorge-Almir\u00f3n-fue-anunciada-una-campa\u00f1a-contra-el-c\u00e1ncer-de-pr\u00f3stata-640x480.jpg 640w, https:\/\/agpnoticias.com\/news\/wp-content\/uploads\/2013\/11\/En-vez-de-revelar-el-nombre-del-sustituto-de-Jorge-Almir\u00f3n-fue-anunciada-una-campa\u00f1a-contra-el-c\u00e1ncer-de-pr\u00f3stata-600x450.jpg 600w, https:\/\/agpnoticias.com\/news\/wp-content\/uploads\/2013\/11\/En-vez-de-revelar-el-nombre-del-sustituto-de-Jorge-Almir\u00f3n-fue-anunciada-una-campa\u00f1a-contra-el-c\u00e1ncer-de-pr\u00f3stata.jpg 852w\" sizes=\"(max-width: 320px) 100vw, 320px\" \/><\/a><figcaption id=\"caption-attachment-34779\" class=\"wp-caption-text\">En vez de revelar el nombre del sustituto de Jorge Almir\u00f3n, fue anunciada una campa\u00f1a contra el c\u00e1ncer de pr\u00f3stata<\/figcaption><\/figure>\n<p>Tijuana, Baja California.- Los medios de comunicaci\u00f3n regionales fueron invitados por el Club Tijuana a una rueda de prensa en el Estadio Caliente.<\/p>\n<p>Y el rumor, a partir del correo llegado a las redacciones el jueves a las 17:00 horas, se dispar\u00f3 con mayor intensidad: presentar\u00e1n a V\u00edctor Manuel Vucetich o quien sea el t\u00e9cnico que la directiva haya elegido para sustituir a Jorge Almir\u00f3n.<\/p>\n<p>Los representantes de la prensa, seg\u00fan consta en redes sociales, llegaron puntuales en busca de la primicia colectiva para difundir desde la inmediatez de las redes sociales la foto del hombre que tratar\u00e1 de componer lo que se descompuso durante el \u00faltimo semestre.<\/p>\n<p>Y apenas pasaditas las doce del d\u00eda, hora pactada en la invitaci\u00f3n, se dio a conocer la noticia reservada por el club para este d\u00eda: Xolos de Tijuana intensificar\u00e1 su campa\u00f1a para detectar oportunamente el c\u00e1ncer de pr\u00f3stata \u201cCuidarse es de hombres\u201d.<\/p>\n<p>Ni Vuce ni cualquier otro entrenador.<\/p>\n<p>A\u00fan no sale humo blanco.<\/p>\n<p>Cuando menos no hoy, viernes, en el Estadio Caliente.<\/p>\n","protected":false},"excerpt":{"rendered":"<p>Tijuana, Baja California.- Los medios de comunicaci\u00f3n regionales fueron invitados por el Club Tijuana a&#8230;<\/p>\n","protected":false},"author":1,"featured_media":34779,"comment_status":"open","ping_status":"closed","sticky":false,"template":"","format":"standard","meta":{"footnotes":""},"categories":[7,32,17],"tags":[],"class_list":["post-34778","post","type-post","status-publish","format-standard","has-post-thumbnail","hentry","category-deportes","category-soccer","category-xolos-de-tijuana"],"_links":{"self":[{"href":"https:\/\/agpnoticias.com\/news\/index.php?rest_route=\/wp\/v2\/posts\/34778","targetHints":{"allow":["GET"]}}],"collection":[{"href":"https:\/\/agpnoticias.com\/news\/index.php?rest_route=\/wp\/v2\/posts"}],"about":[{"href":"https:\/\/agpnoticias.com\/news\/index.php?rest_route=\/wp\/v2\/types\/post"}],"author":[{"embeddable":true,"href":"https:\/\/agpnoticias.com\/news\/index.php?rest_route=\/wp\/v2\/users\/1"}],"replies":[{"embeddable":true,"href":"https:\/\/agpnoticias.com\/news\/index.php?rest_route=%2Fwp%2Fv2%2Fcomments&post=34778"}],"version-history":[{"count":1,"href":"https:\/\/agpnoticias.com\/news\/index.php?rest_route=\/wp\/v2\/posts\/34778\/revisions"}],"predecessor-version":[{"id":34780,"href":"https:\/\/agpnoticias.com\/news\/index.php?rest_route=\/wp\/v2\/posts\/34778\/revisions\/34780"}],"wp:featuredmedia":[{"embeddable":true,"href":"https:\/\/agpnoticias.com\/news\/index.php?rest_route=\/wp\/v2\/media\/34779"}],"wp:attachment":[{"href":"https:\/\/agpnoticias.com\/news\/index.php?rest_route=%2Fwp%2Fv2%2Fmedia&parent=34778"}],"wp:term":[{"taxonomy":"category","embeddable":true,"href":"https:\/\/agpnoticias.com\/news\/index.php?rest_route=%2Fwp%2Fv2%2Fcategories&post=34778"},{"taxonomy":"post_tag","embeddable":true,"href":"https:\/\/agpnoticias.com\/news\/index.php?rest_route=%2Fwp%2Fv2%2Ftags&post=34778"}],"curies":[{"name":"wp","href":"https:\/\/api.w.org\/{rel}","templated":true}]}}