{"id":34810,"date":"2013-11-23T18:22:56","date_gmt":"2013-11-24T02:22:56","guid":{"rendered":"http:\/\/agpnoticias.com\/news\/?p=34810"},"modified":"2013-11-23T18:30:42","modified_gmt":"2013-11-24T02:30:42","slug":"dolorosa-derrota-de-aztecas-en-la-final-de-lifa","status":"publish","type":"post","link":"https:\/\/agpnoticias.com\/news\/?p=34810","title":{"rendered":"Dolorosa derrota de Aztecas en la final de LIJUFA"},"content":{"rendered":"<figure id=\"attachment_34811\" aria-describedby=\"caption-attachment-34811\" style=\"width: 640px\" class=\"wp-caption aligncenter\"><a href=\"http:\/\/agpnoticias.com\/news\/?attachment_id=34811\" rel=\"attachment wp-att-34811\"><img fetchpriority=\"high\" decoding=\"async\" class=\"size-large wp-image-34811\" alt=\"Les sacaron el juego a los l\u00edderes de punta a punta en LIFA\" src=\"http:\/\/agpnoticias.com\/news\/wp-content\/uploads\/2013\/11\/Les-sacaron-el-juego-a-los-l\u00edderes-de-punta-a-punta-en-LIFA-640x480.jpg\" width=\"640\" height=\"480\" srcset=\"https:\/\/agpnoticias.com\/news\/wp-content\/uploads\/2013\/11\/Les-sacaron-el-juego-a-los-l\u00edderes-de-punta-a-punta-en-LIFA-640x480.jpg 640w, https:\/\/agpnoticias.com\/news\/wp-content\/uploads\/2013\/11\/Les-sacaron-el-juego-a-los-l\u00edderes-de-punta-a-punta-en-LIFA-320x240.jpg 320w\" sizes=\"(max-width: 640px) 100vw, 640px\" \/><\/a><figcaption id=\"caption-attachment-34811\" class=\"wp-caption-text\">Les sacaron el juego a los l\u00edderes de punta a punta en LIFA<\/figcaption><\/figure>\n<p>Ensenada, Baja California.- La carta de presentaci\u00f3n, antes de la final, era impresionante.<\/p>\n<p>Seis victorias en el mismo n\u00famero de partidos y 200 puntos a favor sin uno solo en contra.<\/p>\n<p>Adem\u00e1s, locales en el campo de Ciudad Deportiva.<\/p>\n<figure id=\"attachment_34812\" aria-describedby=\"caption-attachment-34812\" style=\"width: 320px\" class=\"wp-caption alignright\"><a href=\"http:\/\/agpnoticias.com\/news\/?attachment_id=34812\" rel=\"attachment wp-att-34812\"><img decoding=\"async\" class=\"size-medium wp-image-34812\" alt=\"Miguel Garc\u00eda anot\u00f3 en la \u00faltima ofensiva visitante para sentenciar el rumbo de la final\" src=\"http:\/\/agpnoticias.com\/news\/wp-content\/uploads\/2013\/11\/Miguel-Garc\u00eda-anot\u00f3-en-la-\u00faltima-ofensiva-visitante-para-sentenciar-el-rumbo-de-la-final-320x240.jpg\" width=\"320\" height=\"240\" srcset=\"https:\/\/agpnoticias.com\/news\/wp-content\/uploads\/2013\/11\/Miguel-Garc\u00eda-anot\u00f3-en-la-\u00faltima-ofensiva-visitante-para-sentenciar-el-rumbo-de-la-final-320x240.jpg 320w, https:\/\/agpnoticias.com\/news\/wp-content\/uploads\/2013\/11\/Miguel-Garc\u00eda-anot\u00f3-en-la-\u00faltima-ofensiva-visitante-para-sentenciar-el-rumbo-de-la-final-640x480.jpg 640w\" sizes=\"(max-width: 320px) 100vw, 320px\" \/><\/a><figcaption id=\"caption-attachment-34812\" class=\"wp-caption-text\">Miguel Garc\u00eda anot\u00f3 en la \u00faltima ofensiva visitante para sentenciar el rumbo de la final<\/figcaption><\/figure>\n<p>Pero un mal cuarto periodo dio forma a una de las sorpresas m\u00e1s grandes de las que se tenga memoria en la joven historia de la Liga Juvenil de Futbol Americano (LIJUFA).<\/p>\n<p>Los l\u00edderes invictos Aztecas de la Secundaria T\u00e9cnica de Ensenada dejaron escapar una ventaja de 14-2 y terminaron por resignar el campeonato de la categor\u00eda Juvenil frente a los Linces de la Universidad del Valle de Mexicali campus Mexicali.<\/p>\n<p>El marcador final: 16-14.<\/p>\n<p>Cuando Christian Mej\u00eda, casi sin tiempo en el cron\u00f3metro, consum\u00f3 la conversi\u00f3n de manera exitosa, tras el pase de anotaci\u00f3n de Javier Aguilar a Miguel Garc\u00eda para el empate a 14, la remontada estaba resuelta.<\/p>\n<figure id=\"attachment_34813\" aria-describedby=\"caption-attachment-34813\" style=\"width: 183px\" class=\"wp-caption alignleft\"><a href=\"http:\/\/agpnoticias.com\/news\/?attachment_id=34813\" rel=\"attachment wp-att-34813\"><img decoding=\"async\" class=\"size-thumbnail wp-image-34813\" alt=\"Los Aztecas hab\u00edan tomado una ventaja c\u00f3moda que dejaron escapar\" src=\"http:\/\/agpnoticias.com\/news\/wp-content\/uploads\/2013\/11\/Los-Aztecas-hab\u00edan-tomado-una-ventaja-c\u00f3moda-que-dejaron-escapar-183x200.jpg\" width=\"183\" height=\"200\" srcset=\"https:\/\/agpnoticias.com\/news\/wp-content\/uploads\/2013\/11\/Los-Aztecas-hab\u00edan-tomado-una-ventaja-c\u00f3moda-que-dejaron-escapar-183x200.jpg 183w, https:\/\/agpnoticias.com\/news\/wp-content\/uploads\/2013\/11\/Los-Aztecas-hab\u00edan-tomado-una-ventaja-c\u00f3moda-que-dejaron-escapar-600x655.jpg 600w, https:\/\/agpnoticias.com\/news\/wp-content\/uploads\/2013\/11\/Los-Aztecas-hab\u00edan-tomado-una-ventaja-c\u00f3moda-que-dejaron-escapar.jpg 915w\" sizes=\"(max-width: 183px) 100vw, 183px\" \/><\/a><figcaption id=\"caption-attachment-34813\" class=\"wp-caption-text\">Los Aztecas hab\u00edan tomado una ventaja c\u00f3moda que dejaron escapar<\/figcaption><\/figure>\n<p>Antes Jacob S\u00e1nchez y Karim Ruiz hab\u00edan puesto en ventaja a los anfitriones mediante las ofensivas comandadas por el mariscal de campo Jonathan Salgado.<\/p>\n<p>Sin embargo, los errores estaban por llegar despu\u00e9s del medio tiempo.<\/p>\n<p>\u201cLa derrota fue un exceso de errores y falta de concentraci\u00f3n, perdimos por regalarles cerca de 50 yardas en cada ofensiva que nos anotaron, pero hay que reconocer que ellos son un rival fuerte, que tuvo la capacidad de aprovechar nuestras faltas\u201d, dijo Juan Carlos \u201cOjitos\u201d Garc\u00eda.<\/p>\n<p>El entrenador en jefe de los Aztecas descart\u00f3 que haya existido exceso de confianza \u201cporque eso se trabaj\u00f3 antes; lo que pas\u00f3 fue falta de concentraci\u00f3n y eso nos mat\u00f3\u201d.<\/p>\n<p>\u201cEs una l\u00e1stima perder as\u00ed y sobre todo por los n\u00fameros que tra\u00edamos, pero les dije a mis jugadores que en la vida se pierde y se gana y cuando se pierde hay que hacerlo como caballeros y tomando nota para que no vuelva a pasar\u201d, dijo.<\/p>\n<p>El ex jugador de los mismos Aztecas sostuvo que \u201cdesde ahora hay que pensar en buscar la revancha el siguiente a\u00f1o\u201d.<\/p>\n<p>&nbsp;<\/p>\n<p><b>Revancha<\/b><\/p>\n<figure id=\"attachment_34814\" aria-describedby=\"caption-attachment-34814\" style=\"width: 320px\" class=\"wp-caption alignright\"><a href=\"http:\/\/agpnoticias.com\/news\/?attachment_id=34814\" rel=\"attachment wp-att-34814\"><img loading=\"lazy\" decoding=\"async\" class=\"size-medium wp-image-34814\" alt=\"Los Linces UVM de Mexicali consumaron la remontada y son campeones\" src=\"http:\/\/agpnoticias.com\/news\/wp-content\/uploads\/2013\/11\/Los-Linces-UVM-de-Mexicali-consumaron-la-remontada-y-son-campeones-320x240.jpg\" width=\"320\" height=\"240\" srcset=\"https:\/\/agpnoticias.com\/news\/wp-content\/uploads\/2013\/11\/Los-Linces-UVM-de-Mexicali-consumaron-la-remontada-y-son-campeones-320x240.jpg 320w, https:\/\/agpnoticias.com\/news\/wp-content\/uploads\/2013\/11\/Los-Linces-UVM-de-Mexicali-consumaron-la-remontada-y-son-campeones-640x480.jpg 640w\" sizes=\"(max-width: 320px) 100vw, 320px\" \/><\/a><figcaption id=\"caption-attachment-34814\" class=\"wp-caption-text\">Los Linces UVM de Mexicali consumaron la remontada y son campeones<\/figcaption><\/figure>\n<p>En el juego de la temporada regular, los Linces s\u00f3lo perdieron un juego.<\/p>\n<p>Y su rival, entonces, fueron los Aztecas.<\/p>\n<p>La diferencia fue de 14-0.<\/p>\n<p>Despu\u00e9s de ese juego, Marco Aurelio G\u00e1mez tom\u00f3 nota y corrigi\u00f3 para tomar revancha en el juego m\u00e1s importante del a\u00f1o.<\/p>\n<p>\u201cFue una excelente temporada y s\u00f3lo perdimos contra ellos en un juego que nos ayud\u00f3 a analizar los pros y contras del rival, as\u00ed que corregimos la ofensiva para darle m\u00e1s poder, que fue lo que nos falt\u00f3 aquella vez\u201d, relat\u00f3 el entrenador en jefe de los campeones.<\/p>\n<p>Los Linces en la categor\u00eda Juvenil \u201csomos una familia muy unida\u201d que \u201crespondi\u00f3 para anotarle a un equipo que no ten\u00eda punto en contra\u201d.<\/p>\n<p>El equipo mexicalense present\u00f3 r\u00e9cord de 5-1 en la temporada regular.<\/p>\n","protected":false},"excerpt":{"rendered":"<p>Ensenada, Baja California.- La carta de presentaci\u00f3n, antes de la final, era impresionante. Seis victorias&#8230;<\/p>\n","protected":false},"author":1,"featured_media":34811,"comment_status":"open","ping_status":"closed","sticky":false,"template":"","format":"standard","meta":{"footnotes":""},"categories":[7,33],"tags":[],"class_list":["post-34810","post","type-post","status-publish","format-standard","has-post-thumbnail","hentry","category-deportes","category-futbol-americano"],"_links":{"self":[{"href":"https:\/\/agpnoticias.com\/news\/index.php?rest_route=\/wp\/v2\/posts\/34810","targetHints":{"allow":["GET"]}}],"collection":[{"href":"https:\/\/agpnoticias.com\/news\/index.php?rest_route=\/wp\/v2\/posts"}],"about":[{"href":"https:\/\/agpnoticias.com\/news\/index.php?rest_route=\/wp\/v2\/types\/post"}],"author":[{"embeddable":true,"href":"https:\/\/agpnoticias.com\/news\/index.php?rest_route=\/wp\/v2\/users\/1"}],"replies":[{"embeddable":true,"href":"https:\/\/agpnoticias.com\/news\/index.php?rest_route=%2Fwp%2Fv2%2Fcomments&post=34810"}],"version-history":[{"count":2,"href":"https:\/\/agpnoticias.com\/news\/index.php?rest_route=\/wp\/v2\/posts\/34810\/revisions"}],"predecessor-version":[{"id":34816,"href":"https:\/\/agpnoticias.com\/news\/index.php?rest_route=\/wp\/v2\/posts\/34810\/revisions\/34816"}],"wp:featuredmedia":[{"embeddable":true,"href":"https:\/\/agpnoticias.com\/news\/index.php?rest_route=\/wp\/v2\/media\/34811"}],"wp:attachment":[{"href":"https:\/\/agpnoticias.com\/news\/index.php?rest_route=%2Fwp%2Fv2%2Fmedia&parent=34810"}],"wp:term":[{"taxonomy":"category","embeddable":true,"href":"https:\/\/agpnoticias.com\/news\/index.php?rest_route=%2Fwp%2Fv2%2Fcategories&post=34810"},{"taxonomy":"post_tag","embeddable":true,"href":"https:\/\/agpnoticias.com\/news\/index.php?rest_route=%2Fwp%2Fv2%2Ftags&post=34810"}],"curies":[{"name":"wp","href":"https:\/\/api.w.org\/{rel}","templated":true}]}}