{"id":34983,"date":"2013-11-27T19:39:44","date_gmt":"2013-11-28T03:39:44","guid":{"rendered":"http:\/\/agpnoticias.com\/news\/?p=34983"},"modified":"2013-11-27T23:46:54","modified_gmt":"2013-11-28T07:46:54","slug":"elogios-de-mena-al-inde-y-firman-convenio","status":"publish","type":"post","link":"https:\/\/agpnoticias.com\/news\/?p=34983","title":{"rendered":"Elogios de Mena al INDE y firman convenio"},"content":{"rendered":"<figure id=\"attachment_34984\" aria-describedby=\"caption-attachment-34984\" style=\"width: 640px\" class=\"wp-caption aligncenter\"><a href=\"http:\/\/agpnoticias.com\/news\/?attachment_id=34984\" rel=\"attachment wp-att-34984\"><img fetchpriority=\"high\" decoding=\"async\" class=\"size-full wp-image-34984\" alt=\"La firma se registr\u00f3 en el CAR de Tijuana\" src=\"http:\/\/agpnoticias.com\/news\/wp-content\/uploads\/2013\/11\/La-firma-se-registr\u00f3-en-el-CAR-de-Tijuana.jpg\" width=\"640\" height=\"360\" srcset=\"https:\/\/agpnoticias.com\/news\/wp-content\/uploads\/2013\/11\/La-firma-se-registr\u00f3-en-el-CAR-de-Tijuana.jpg 640w, https:\/\/agpnoticias.com\/news\/wp-content\/uploads\/2013\/11\/La-firma-se-registr\u00f3-en-el-CAR-de-Tijuana-200x112.jpg 200w, https:\/\/agpnoticias.com\/news\/wp-content\/uploads\/2013\/11\/La-firma-se-registr\u00f3-en-el-CAR-de-Tijuana-600x337.jpg 600w\" sizes=\"(max-width: 640px) 100vw, 640px\" \/><\/a><figcaption id=\"caption-attachment-34984\" class=\"wp-caption-text\">La firma se registr\u00f3 en el CAR de Tijuana<\/figcaption><\/figure>\n<p>Tijuana, Baja California.- La Comisi\u00f3n Nacional del Deporte (Conade) firm\u00f3 un convenio para compartir programas de activaci\u00f3n f\u00edsica e infraestructura con Baja California, \u201cestado que apoyamos porque est\u00e1 trabajando bien\u201d.<\/p>\n<p>Jes\u00fas Mena Campos, titular de la dependencia, destac\u00f3 la labor de Sa\u00fal Castro al frente del Instituto del Deporte de Baja California y elogi\u00f3 su \u201cgran trayectoria, conocimiento, dedicaci\u00f3n y esfuerzo\u201d.<\/p>\n<figure id=\"attachment_34985\" aria-describedby=\"caption-attachment-34985\" style=\"width: 320px\" class=\"wp-caption alignright\"><a href=\"http:\/\/agpnoticias.com\/news\/?attachment_id=34985\" rel=\"attachment wp-att-34985\"><img decoding=\"async\" class=\"size-medium wp-image-34985\" alt=\"Jes\u00fas Mena con el gobernador\" src=\"http:\/\/agpnoticias.com\/news\/wp-content\/uploads\/2013\/11\/Jes\u00fas-Mena-con-el-gobernador-320x240.jpg\" width=\"320\" height=\"240\" \/><\/a><figcaption id=\"caption-attachment-34985\" class=\"wp-caption-text\">Jes\u00fas Mena con el gobernador<\/figcaption><\/figure>\n<p>En ese sentido, el funcionario federal felicit\u00f3 al gobernador Francisco Vega de Lamadrid por haberlo ratificado.<\/p>\n<p>El director del INDE \u201ces un gran aliado en la Conade y seguiremos trabajando de la mano con el instituto para que el estado siga creciendo\u201d.<\/p>\n<p>Adem\u00e1s reconoci\u00f3 la trayectoria de los bajacalifornianos que han competido en Juegos Ol\u00edmpicos porque \u201ccada uno representa historias de inspiraci\u00f3n para los ni\u00f1os que se decidan a hacer deporte\u201d.<\/p>\n<p>\u201cA \u00a0trav\u00e9s de su ejemplo demuestran que los sue\u00f1os de hacen realidad\u201d, apunt\u00f3 en referencia con los deportistas de experiencia ol\u00edmpica, presentes durante las actividades realizadas en el Centro de Alto Rendimiento de Tijuana.<\/p>\n<p>Por otra parte, revel\u00f3 la intenci\u00f3n del gobierno federal \u201cPonte al 100\u201d para combatir \u201cal enemigo que tenemos que vencer: el sedentarismo\u201d.<\/p>\n<p>Ese es el gran reto que tenemos, apunt\u00f3, porque este pa\u00eds est\u00e1 enfermo y el deporte y la cultura f\u00edsica deben de servir como herramienta de combate con una pol\u00edtica p\u00fablica documentada.<\/p>\n<p>En cuanto a la infraestructura sostuvo que la creaci\u00f3n de instalaciones debe ser acompa\u00f1ada de programas para ponerlas a funcionar.<\/p>\n<p>Baja California, reiter\u00f3, est\u00e1 en una posici\u00f3n de privilegio dentro del contexto deportivo nacional, por eso debemos apoyar, porque est\u00e1n haciendo las cosas bien.<\/p>\n","protected":false},"excerpt":{"rendered":"<p>Tijuana, Baja California.- La Comisi\u00f3n Nacional del Deporte (Conade) firm\u00f3 un convenio para compartir programas&#8230;<\/p>\n","protected":false},"author":1,"featured_media":34984,"comment_status":"open","ping_status":"closed","sticky":false,"template":"","format":"standard","meta":{"footnotes":""},"categories":[7],"tags":[],"class_list":["post-34983","post","type-post","status-publish","format-standard","has-post-thumbnail","hentry","category-deportes"],"_links":{"self":[{"href":"https:\/\/agpnoticias.com\/news\/index.php?rest_route=\/wp\/v2\/posts\/34983","targetHints":{"allow":["GET"]}}],"collection":[{"href":"https:\/\/agpnoticias.com\/news\/index.php?rest_route=\/wp\/v2\/posts"}],"about":[{"href":"https:\/\/agpnoticias.com\/news\/index.php?rest_route=\/wp\/v2\/types\/post"}],"author":[{"embeddable":true,"href":"https:\/\/agpnoticias.com\/news\/index.php?rest_route=\/wp\/v2\/users\/1"}],"replies":[{"embeddable":true,"href":"https:\/\/agpnoticias.com\/news\/index.php?rest_route=%2Fwp%2Fv2%2Fcomments&post=34983"}],"version-history":[{"count":3,"href":"https:\/\/agpnoticias.com\/news\/index.php?rest_route=\/wp\/v2\/posts\/34983\/revisions"}],"predecessor-version":[{"id":34998,"href":"https:\/\/agpnoticias.com\/news\/index.php?rest_route=\/wp\/v2\/posts\/34983\/revisions\/34998"}],"wp:featuredmedia":[{"embeddable":true,"href":"https:\/\/agpnoticias.com\/news\/index.php?rest_route=\/wp\/v2\/media\/34984"}],"wp:attachment":[{"href":"https:\/\/agpnoticias.com\/news\/index.php?rest_route=%2Fwp%2Fv2%2Fmedia&parent=34983"}],"wp:term":[{"taxonomy":"category","embeddable":true,"href":"https:\/\/agpnoticias.com\/news\/index.php?rest_route=%2Fwp%2Fv2%2Fcategories&post=34983"},{"taxonomy":"post_tag","embeddable":true,"href":"https:\/\/agpnoticias.com\/news\/index.php?rest_route=%2Fwp%2Fv2%2Ftags&post=34983"}],"curies":[{"name":"wp","href":"https:\/\/api.w.org\/{rel}","templated":true}]}}