{"id":35013,"date":"2013-11-28T21:34:37","date_gmt":"2013-11-29T05:34:37","guid":{"rendered":"http:\/\/agpnoticias.com\/news\/?p=35013"},"modified":"2017-01-18T14:49:08","modified_gmt":"2017-01-18T22:49:08","slug":"perez-vertti-quiere-oros-centroamericanos-en-la-alberca-y-aguas-abiertas","status":"publish","type":"post","link":"https:\/\/agpnoticias.com\/news\/?p=35013","title":{"rendered":"P\u00e9rez Vertti por oros centroamericanos en la alberca y aguas abiertas"},"content":{"rendered":"<figure id=\"attachment_35014\" aria-describedby=\"caption-attachment-35014\" style=\"width: 320px\" class=\"wp-caption alignright\"><a href=\"http:\/\/agpnoticias.com\/news\/?attachment_id=35014\" rel=\"attachment wp-att-35014\"><img fetchpriority=\"high\" decoding=\"async\" class=\"size-medium wp-image-35014\" alt=\"El ol\u00edmpico espera darle a M\u00e9xico dos triunfos en los Juegos Centroamericanos\" src=\"http:\/\/agpnoticias.com\/news\/wp-content\/uploads\/2013\/11\/El-ol\u00edmpico-espera-darle-a-M\u00e9xico-dos-triunfos-en-los-Juegos-Centroamericanos-320x240.jpg\" width=\"320\" height=\"240\" \/><\/a><figcaption id=\"caption-attachment-35014\" class=\"wp-caption-text\">El ol\u00edmpico espera darle a M\u00e9xico dos triunfos en los Juegos Centroamericanos<\/figcaption><\/figure>\n<p>Tijuana, Baja California.- Un par de oros son los que espera Arturo P\u00e9rez Vertti durante \u201cel evento m\u00e1s importante de 2014\u201d: los Juegos Centroamericanos y del Caribe.<\/p>\n<p>\u201cToda mi preparaci\u00f3n es orientada a los centroamericanos, donde competir\u00e9 en las mismas pruebas de fondo y los diez kil\u00f3metros en pruebas abiertas\u201d, dijo el nadador que represent\u00f3 a M\u00e9xico en los Juegos Ol\u00edmpicos de Londres 2012.<\/p>\n<p>Tanto en los mil 500 metros dentro de la alberca, como en Aguas Abiertas, \u201cespero ganar las medallas de oro; esa es la meta que tengo junto a mi entrenador Bill Rose\u201d, vaticin\u00f3.<\/p>\n<p>\u201cSigo en Mission Viejo con Bill Rose despu\u00e9s de casi un a\u00f1o en el que estoy adapt\u00e1ndome, ya que entreno en yardas, que es algo nuevo para m\u00ed\u201d, explic\u00f3.<\/p>\n<p>En septiembre, Arturo P\u00e9rez Vertti compiti\u00f3 en un evento internacional de Aguas Abiertas celebrado en San Francisco y obtuvo \u201cun muy buen octavo lugar\u201d.<\/p>\n<p>\u201cEl primer fue para un polaco y el segundo fue para el campe\u00f3n ol\u00edmpico; compiti\u00f3 pura gente de ese nivel\u201d, apunt\u00f3.<\/p>\n<p>Luego, en noviembre, \u201ccompet\u00ed en el Grand Prix de Minnesota en las mil 650 yardas y me sent\u00ed muy bien\u201d.<\/p>\n<p>Entre los planes inmediatos del nadador ensenadense \u201cvoy a buscar mi lugar en la selecci\u00f3n durante el nacional de curso corto de Veracruz donde espero clasificar\u201d.<\/p>\n<p>Arturo P\u00e9rez Vertti estuvo en Tijuana como parte de un grupo de atletas ol\u00edmpicos bajacalifornianos, pr\u00f3ximos a formar una asociaci\u00f3n.<\/p>\n<p>\u201cEso implica una gran responsabilidad como participante de atletas ol\u00edmpicos para predicar con el ejemplo y con valores\u201d, afirm\u00f3.<\/p>\n","protected":false},"excerpt":{"rendered":"<p>Tijuana, Baja California.- Un par de oros son los que espera Arturo P\u00e9rez Vertti durante&#8230;<\/p>\n","protected":false},"author":1,"featured_media":35014,"comment_status":"open","ping_status":"closed","sticky":false,"template":"","format":"standard","meta":{"footnotes":""},"categories":[7,705],"tags":[],"class_list":["post-35013","post","type-post","status-publish","format-standard","has-post-thumbnail","hentry","category-deportes","category-natacion"],"_links":{"self":[{"href":"https:\/\/agpnoticias.com\/news\/index.php?rest_route=\/wp\/v2\/posts\/35013","targetHints":{"allow":["GET"]}}],"collection":[{"href":"https:\/\/agpnoticias.com\/news\/index.php?rest_route=\/wp\/v2\/posts"}],"about":[{"href":"https:\/\/agpnoticias.com\/news\/index.php?rest_route=\/wp\/v2\/types\/post"}],"author":[{"embeddable":true,"href":"https:\/\/agpnoticias.com\/news\/index.php?rest_route=\/wp\/v2\/users\/1"}],"replies":[{"embeddable":true,"href":"https:\/\/agpnoticias.com\/news\/index.php?rest_route=%2Fwp%2Fv2%2Fcomments&post=35013"}],"version-history":[{"count":2,"href":"https:\/\/agpnoticias.com\/news\/index.php?rest_route=\/wp\/v2\/posts\/35013\/revisions"}],"predecessor-version":[{"id":35016,"href":"https:\/\/agpnoticias.com\/news\/index.php?rest_route=\/wp\/v2\/posts\/35013\/revisions\/35016"}],"wp:featuredmedia":[{"embeddable":true,"href":"https:\/\/agpnoticias.com\/news\/index.php?rest_route=\/wp\/v2\/media\/35014"}],"wp:attachment":[{"href":"https:\/\/agpnoticias.com\/news\/index.php?rest_route=%2Fwp%2Fv2%2Fmedia&parent=35013"}],"wp:term":[{"taxonomy":"category","embeddable":true,"href":"https:\/\/agpnoticias.com\/news\/index.php?rest_route=%2Fwp%2Fv2%2Fcategories&post=35013"},{"taxonomy":"post_tag","embeddable":true,"href":"https:\/\/agpnoticias.com\/news\/index.php?rest_route=%2Fwp%2Fv2%2Ftags&post=35013"}],"curies":[{"name":"wp","href":"https:\/\/api.w.org\/{rel}","templated":true}]}}