{"id":35140,"date":"2013-12-01T15:50:49","date_gmt":"2013-12-01T23:50:49","guid":{"rendered":"http:\/\/agpnoticias.com\/news\/?p=35140"},"modified":"2013-12-01T15:50:49","modified_gmt":"2013-12-01T23:50:49","slug":"destaca-triunfo-en-equipo","status":"publish","type":"post","link":"https:\/\/agpnoticias.com\/news\/?p=35140","title":{"rendered":"Destaca triunfo en equipo"},"content":{"rendered":"<figure id=\"attachment_35141\" aria-describedby=\"caption-attachment-35141\" style=\"width: 200px\" class=\"wp-caption alignright\"><a href=\"http:\/\/agpnoticias.com\/news\/?attachment_id=35141\" rel=\"attachment wp-att-35141\"><img decoding=\"async\" class=\"size-thumbnail wp-image-35141\" alt=\"El gimnasta tambi\u00e9n festej\u00f3 el premio a \u00d3scar Aguirre\" src=\"http:\/\/agpnoticias.com\/news\/wp-content\/uploads\/2013\/12\/El-gimnasta-tambi\u00e9n-festej\u00f3-el-premio-a-\u00d3scar-Aguirre-200x175.jpg\" width=\"200\" height=\"175\" srcset=\"https:\/\/agpnoticias.com\/news\/wp-content\/uploads\/2013\/12\/El-gimnasta-tambi\u00e9n-festej\u00f3-el-premio-a-\u00d3scar-Aguirre-200x175.jpg 200w, https:\/\/agpnoticias.com\/news\/wp-content\/uploads\/2013\/12\/El-gimnasta-tambi\u00e9n-festej\u00f3-el-premio-a-\u00d3scar-Aguirre-600x527.jpg 600w, https:\/\/agpnoticias.com\/news\/wp-content\/uploads\/2013\/12\/El-gimnasta-tambi\u00e9n-festej\u00f3-el-premio-a-\u00d3scar-Aguirre.jpg 1000w\" sizes=\"(max-width: 200px) 100vw, 200px\" \/><\/a><figcaption id=\"caption-attachment-35141\" class=\"wp-caption-text\">Daniel Corral tambi\u00e9n festej\u00f3 el premio a \u00d3scar Aguirre<\/figcaption><\/figure>\n<p>M\u00e9xico, Distrito Federal.- Daniel Corral destac\u00f3 lo hecho tanto por \u00e9l como por su entrenador \u00d3scar Aguirre durante 2013, luego de recibir el Premio Nacional del Deporte.<\/p>\n<p>\u201cEstamos contentos por lo logrado en 2013.\u00a0\u00a0Esto fue una excelente referencia para salir adelante y seguir trabajando\u201d, mencion\u00f3.<\/p>\n<p>El ganador de medallas de plata en el Campeonato del Mundo y la Universiada Mundial dijo que \u201ceste logro es compartido por un gran paso que hemos dado en la Gimnasia en M\u00e9xico\u201d.<\/p>\n<p>En especial, Daniel Corral festej\u00f3 que el premio a mejor entrenador haya sido otorgado a \u00d3scar Aguirre \u00abpor lo que hemos conseguido no solo en lo deportivo sino tambi\u00e9n en lo personal\u201d.<\/p>\n<p>\u201cEl poderlo compartir con mi entrenador y mi familia es algo que engrandece este momento, y obviamente que mi familia est\u00e9 aqu\u00ed es algo importante para m\u00ed\u201d, explic\u00f3.<\/p>\n<p>El tambi\u00e9n ol\u00edmpico advirti\u00f3 que \u00abtodav\u00eda hay mucho que aprender para ser mejor\u00bb.<\/p>\n<p><span style=\"color: #1a1a1a; font-family: Arial;\">Informaci\u00f3n y fotograf\u00eda: Instituto del Deporte y la Cultura F\u00edsica de Baja California (INDE).<\/span><\/p>\n","protected":false},"excerpt":{"rendered":"<p>M\u00e9xico, Distrito Federal.- Daniel Corral destac\u00f3 lo hecho tanto por \u00e9l como por su entrenador&#8230;<\/p>\n","protected":false},"author":1,"featured_media":35141,"comment_status":"open","ping_status":"closed","sticky":false,"template":"","format":"standard","meta":{"footnotes":""},"categories":[7,46],"tags":[],"class_list":["post-35140","post","type-post","status-publish","format-standard","has-post-thumbnail","hentry","category-deportes","category-gimnasia"],"_links":{"self":[{"href":"https:\/\/agpnoticias.com\/news\/index.php?rest_route=\/wp\/v2\/posts\/35140","targetHints":{"allow":["GET"]}}],"collection":[{"href":"https:\/\/agpnoticias.com\/news\/index.php?rest_route=\/wp\/v2\/posts"}],"about":[{"href":"https:\/\/agpnoticias.com\/news\/index.php?rest_route=\/wp\/v2\/types\/post"}],"author":[{"embeddable":true,"href":"https:\/\/agpnoticias.com\/news\/index.php?rest_route=\/wp\/v2\/users\/1"}],"replies":[{"embeddable":true,"href":"https:\/\/agpnoticias.com\/news\/index.php?rest_route=%2Fwp%2Fv2%2Fcomments&post=35140"}],"version-history":[{"count":1,"href":"https:\/\/agpnoticias.com\/news\/index.php?rest_route=\/wp\/v2\/posts\/35140\/revisions"}],"predecessor-version":[{"id":35142,"href":"https:\/\/agpnoticias.com\/news\/index.php?rest_route=\/wp\/v2\/posts\/35140\/revisions\/35142"}],"wp:featuredmedia":[{"embeddable":true,"href":"https:\/\/agpnoticias.com\/news\/index.php?rest_route=\/wp\/v2\/media\/35141"}],"wp:attachment":[{"href":"https:\/\/agpnoticias.com\/news\/index.php?rest_route=%2Fwp%2Fv2%2Fmedia&parent=35140"}],"wp:term":[{"taxonomy":"category","embeddable":true,"href":"https:\/\/agpnoticias.com\/news\/index.php?rest_route=%2Fwp%2Fv2%2Fcategories&post=35140"},{"taxonomy":"post_tag","embeddable":true,"href":"https:\/\/agpnoticias.com\/news\/index.php?rest_route=%2Fwp%2Fv2%2Ftags&post=35140"}],"curies":[{"name":"wp","href":"https:\/\/api.w.org\/{rel}","templated":true}]}}