{"id":3560,"date":"2011-04-29T08:51:07","date_gmt":"2011-04-29T15:51:07","guid":{"rendered":"http:\/\/agpnoticias.com\/news\/?p=3560"},"modified":"2012-11-05T13:41:59","modified_gmt":"2012-11-05T20:41:59","slug":"dan-a-conocer-lista-de-seleccion-de-liga-municipal-de-beisbol-de-ensenada","status":"publish","type":"post","link":"https:\/\/agpnoticias.com\/news\/?p=3560","title":{"rendered":"Dan a conocer lista de Seleccion de Liga Municipal de Beisbol de Ensenada"},"content":{"rendered":"<p>ENSENADA, Mexico.- La M\u00e1quina Roja de Ensenada Municipal se presenta visitando a la Selecci\u00f3n de San Quint\u00edn, en la primera fecha del Campeonato Estatal de primera fuerza.<\/p>\n<p>En su regreso a los torneos federados, avalados por la Asociaci\u00f3n Estatal de Beisbol de Baja California, los pupilos de Fernando P\u00e9rez viajan este domingo 1 de mayo.<!--more--><\/p>\n<p>Los \u201crojos\u201d comparten el grupo \u201cD\u201d, con las Ligas de San Quint\u00edn, Rural de Maneadero y Urbana de Chapultepec.<\/p>\n<p>Miguel Almaz\u00e1n Villa, Presidente de la Municipal de Ensenada, dio a conocer que la salida a tierras sanquintinenses ser\u00e1 el domingo a la seis de la ma\u00f1ana, con el deportivo Antonio Palacios como punto de reuni\u00f3n<\/p>\n<p>Adem\u00e1s, coment\u00f3 que \u201chabr\u00e1 asientos en el autob\u00fas disponibles para los aficionados que nos quiera acompa\u00f1ar\u201d.<\/p>\n<p>En el roster que se presentar\u00e1 en la jornada inaugural aparecen nueve pitchers (Omar Jim\u00e9nez, Jorge Gonz\u00e1lez, Jorge M\u00e1rquez, Guillermo Siqueiros, Antonio Castro, Ricardo Trevi\u00f1o, Alonso Moreno, Francisco Mora, Giovanni Le\u00f3n) y dos catchers (Marco Antonio Maciel, Sergio L\u00f3pez).<\/p>\n<p>As\u00ed como siete infielders (Rub\u00e9n Garc\u00eda, Dami\u00e1n Patr\u00f3n, Nick Guerra, Alejandro Garc\u00eda, Jorge Zaragoza, Carlos R\u00edos, Cesar Patr\u00f3n) y seis outfielders (Armando Garc\u00eda, Ricardo Baltazar, Luis Miguel J\u00e1uregui, Juan Rasc\u00f3n, Adalberto Arenas, Miguel Maciel)<\/p>\n<p>Selecci\u00f3n de la Liga Municipal de Ensenada<\/p>\n<p>Lanzadores<\/p>\n<p>Omar Jim\u00e9nez<\/p>\n<p>Jorge \u201cPichorrita\u201d Gonz\u00e1lez<\/p>\n<p>Jorge \u201cCoqui\u201d M\u00e1rquez<\/p>\n<p>Guillermo Siqueiros<\/p>\n<p>Antonio Castro<\/p>\n<p>Ricardo Trevi\u00f1o<\/p>\n<p>Alonso Moreno<\/p>\n<p>Francisco Mora<\/p>\n<p>Giovanni Le\u00f3n<\/p>\n<p>Receptores<\/p>\n<p>Marco Antonio Maciel<\/p>\n<p>Sergio L\u00f3pez<\/p>\n<p>Jugadores de cuadro<\/p>\n<p>Rub\u00e9n Garc\u00eda Marchena<\/p>\n<p>Dami\u00e1n \u201cPescado\u201d Patr\u00f3n<\/p>\n<p>Nick Guerra<\/p>\n<p>Alejandro \u201cFiero\u201d Garc\u00eda<\/p>\n<p>Jorge \u201cCaborca\u201d Zaragoza<\/p>\n<p>Carlos R\u00edos Castro<\/p>\n<p>Cesar Patr\u00f3n Villalobos<\/p>\n<p>Jardineros<\/p>\n<p>Armando Garc\u00eda Montoya<\/p>\n<p>Ricardo Baltazar<\/p>\n<p>Luis Miguel J\u00e1uregui<\/p>\n<p>Juan Rasc\u00f3n Ruiz<\/p>\n<p>Adalberto \u201cPico\u201d Arenas<\/p>\n<p>Miguel Maciel<\/p>\n<p>Cuerpo t\u00e9cnico<\/p>\n<p>Manager: Fernando P\u00e9rez Le\u00f3n<\/p>\n<p>Coaches: Daniel Garibay, Juan Carlos Rivera, Jorge Alejandro Rivera, Guillermo Nieto, Berulo y Mart\u00edn Le\u00f3n<\/p>\n<p>Bat boys: Jos\u00e9 \u201cTrueno\u201d P\u00e9rez Le\u00f3n y Carlos Luna<\/p>\n<p>Anotador oficial: Manuel Carrillo Rodr\u00edguez<\/p>\n<p>Coordinador: Jorge C\u00e1rdenas Villegas<\/p>\n<p>Ampayers registrados: Cuauht\u00e9moc \u201cAnimal\u201d S\u00e1ndez, Adri\u00e1n \u201cGallito\u201d Dur\u00e1n y Eduardo \u201cPerr\u00f3n\u201d Parra. AGP\/Jesus Lopez\/ readccion de Angel Dominguez<\/p>\n","protected":false},"excerpt":{"rendered":"<p>ENSENADA, Mexico.- La M\u00e1quina Roja de Ensenada Municipal se presenta visitando a la Selecci\u00f3n de&#8230;<\/p>\n","protected":false},"author":1,"featured_media":3561,"comment_status":"closed","ping_status":"open","sticky":false,"template":"","format":"standard","meta":{"footnotes":""},"categories":[1,7,53],"tags":[],"class_list":["post-3560","post","type-post","status-publish","format-standard","has-post-thumbnail","hentry","category-uncategorized","category-deportes","category-municipal-de-ensenada"],"_links":{"self":[{"href":"https:\/\/agpnoticias.com\/news\/index.php?rest_route=\/wp\/v2\/posts\/3560","targetHints":{"allow":["GET"]}}],"collection":[{"href":"https:\/\/agpnoticias.com\/news\/index.php?rest_route=\/wp\/v2\/posts"}],"about":[{"href":"https:\/\/agpnoticias.com\/news\/index.php?rest_route=\/wp\/v2\/types\/post"}],"author":[{"embeddable":true,"href":"https:\/\/agpnoticias.com\/news\/index.php?rest_route=\/wp\/v2\/users\/1"}],"replies":[{"embeddable":true,"href":"https:\/\/agpnoticias.com\/news\/index.php?rest_route=%2Fwp%2Fv2%2Fcomments&post=3560"}],"version-history":[{"count":2,"href":"https:\/\/agpnoticias.com\/news\/index.php?rest_route=\/wp\/v2\/posts\/3560\/revisions"}],"predecessor-version":[{"id":19473,"href":"https:\/\/agpnoticias.com\/news\/index.php?rest_route=\/wp\/v2\/posts\/3560\/revisions\/19473"}],"wp:featuredmedia":[{"embeddable":true,"href":"https:\/\/agpnoticias.com\/news\/index.php?rest_route=\/wp\/v2\/media\/3561"}],"wp:attachment":[{"href":"https:\/\/agpnoticias.com\/news\/index.php?rest_route=%2Fwp%2Fv2%2Fmedia&parent=3560"}],"wp:term":[{"taxonomy":"category","embeddable":true,"href":"https:\/\/agpnoticias.com\/news\/index.php?rest_route=%2Fwp%2Fv2%2Fcategories&post=3560"},{"taxonomy":"post_tag","embeddable":true,"href":"https:\/\/agpnoticias.com\/news\/index.php?rest_route=%2Fwp%2Fv2%2Ftags&post=3560"}],"curies":[{"name":"wp","href":"https:\/\/api.w.org\/{rel}","templated":true}]}}