{"id":36250,"date":"2013-12-20T19:02:17","date_gmt":"2013-12-21T03:02:17","guid":{"rendered":"http:\/\/agpnoticias.com\/news\/?p=36250"},"modified":"2013-12-20T19:05:26","modified_gmt":"2013-12-21T03:05:26","slug":"del-sub-liderato-a-la-incertidumbre","status":"publish","type":"post","link":"https:\/\/agpnoticias.com\/news\/?p=36250","title":{"rendered":"Del sub liderato a la incertidumbre"},"content":{"rendered":"<figure id=\"attachment_36251\" aria-describedby=\"caption-attachment-36251\" style=\"width: 320px\" class=\"wp-caption alignright\"><a href=\"http:\/\/agpnoticias.com\/news\/?attachment_id=36251\" rel=\"attachment wp-att-36251\"><img fetchpriority=\"high\" decoding=\"async\" class=\"size-medium wp-image-36251\" alt=\"Juan M\u00e1rquez lleg\u00f3 a colocar a los Pescadores en el sub liderato general a principios de noviembre\" src=\"http:\/\/agpnoticias.com\/news\/wp-content\/uploads\/2013\/12\/Juan-M\u00e1rquez-lleg\u00f3-a-colocar-a-los-Pescadores-en-el-sub-liderato-general-a-principios-de-noviembre-320x240.jpg\" width=\"320\" height=\"240\" srcset=\"https:\/\/agpnoticias.com\/news\/wp-content\/uploads\/2013\/12\/Juan-M\u00e1rquez-lleg\u00f3-a-colocar-a-los-Pescadores-en-el-sub-liderato-general-a-principios-de-noviembre-320x240.jpg 320w, https:\/\/agpnoticias.com\/news\/wp-content\/uploads\/2013\/12\/Juan-M\u00e1rquez-lleg\u00f3-a-colocar-a-los-Pescadores-en-el-sub-liderato-general-a-principios-de-noviembre-640x480.jpg 640w\" sizes=\"(max-width: 320px) 100vw, 320px\" \/><\/a><figcaption id=\"caption-attachment-36251\" class=\"wp-caption-text\">Juan M\u00e1rquez lleg\u00f3 a colocar a los Pescadores en el sub liderato general a principios de noviembre<\/figcaption><\/figure>\n<p>Ensenada, Baja California.- Corr\u00eda la primera semana de noviembre. Y todo era certeza. La victoria de 4-1 sobre Guerreros La Cruz daba para pensar en cosas grandes en su debut dentro de la Tercera Divisi\u00f3n Profesional.<\/p>\n<p>Al t\u00e9rmino de la fecha cinco, los Pescadores de Ensenada estaban ubicados en el sub liderato general del Grupo XIII con 10 puntos.<\/p>\n<p>La gu\u00eda entonces era responsabilidad de Juan M\u00e1rquez, el t\u00e9cnico que lleg\u00f3 para sumar simpat\u00edas producto de su sobresaliente trayectoria como entrenador en Ensenada. Pero despu\u00e9s el paso firme, flaque\u00f3.<\/p>\n<p>La derrota de 3-1 como visitantes ante Deportivo Navolato y el sorpresivo traspi\u00e9 en casa frente a Xolos 1-0 significaron los \u00faltimos partidos de Juan M\u00e1rquez al frente del equipo, por cuesti\u00f3n de dinero, falta de presupuesto, seg\u00fan lo argumentado por los dirigentes.<\/p>\n<p>Cinco partidos despu\u00e9s termin\u00f3 la primera vuelta y los Pescadores siguen con los mismos 10 puntos de aquellos \u00a0primeros d\u00edas de noviembre.<\/p>\n<p>Mauricio \u201cCoco\u201d Rodr\u00edguez, el relevo al tim\u00f3n, dej\u00f3 la preparaci\u00f3n f\u00edsica del plantel, para, desde lo t\u00e1ctico, perder la media decena de compromisos restantes.<\/p>\n<p>Al final de la primera vuelta, el conjunto ensenadense es pen\u00faltimo general, s\u00f3lo por encima de Deportivo Obreg\u00f3n, cuya producci\u00f3n muestra los mismos 10 puntos, aunque su diferencia de goleo le releg\u00f3 al s\u00f3tano.<\/p>\n<p>A un mes y medio de esa goleada de 4-1 que apuntaba a la pelea por el liderato, hoy todo es incertidumbre en Pescadores.<\/p>\n<p>Se habla de cambio de sede, renovaci\u00f3n del plantel con visor\u00edas organizadas en pleno torneo y cambio de t\u00e9cnico.<\/p>\n<p>Pero todo queda en el terreno de la especulaci\u00f3n. La segunda vuelta inicia el 8 de febrero y nadie, de la directiva de los Pescadores, responde a los llamados.<\/p>\n","protected":false},"excerpt":{"rendered":"<p>Ensenada, Baja California.- Corr\u00eda la primera semana de noviembre. Y todo era certeza. La victoria&#8230;<\/p>\n","protected":false},"author":1,"featured_media":36251,"comment_status":"closed","ping_status":"closed","sticky":false,"template":"","format":"standard","meta":{"footnotes":""},"categories":[7,32],"tags":[],"class_list":["post-36250","post","type-post","status-publish","format-standard","has-post-thumbnail","hentry","category-deportes","category-soccer"],"_links":{"self":[{"href":"https:\/\/agpnoticias.com\/news\/index.php?rest_route=\/wp\/v2\/posts\/36250","targetHints":{"allow":["GET"]}}],"collection":[{"href":"https:\/\/agpnoticias.com\/news\/index.php?rest_route=\/wp\/v2\/posts"}],"about":[{"href":"https:\/\/agpnoticias.com\/news\/index.php?rest_route=\/wp\/v2\/types\/post"}],"author":[{"embeddable":true,"href":"https:\/\/agpnoticias.com\/news\/index.php?rest_route=\/wp\/v2\/users\/1"}],"replies":[{"embeddable":true,"href":"https:\/\/agpnoticias.com\/news\/index.php?rest_route=%2Fwp%2Fv2%2Fcomments&post=36250"}],"version-history":[{"count":2,"href":"https:\/\/agpnoticias.com\/news\/index.php?rest_route=\/wp\/v2\/posts\/36250\/revisions"}],"predecessor-version":[{"id":36253,"href":"https:\/\/agpnoticias.com\/news\/index.php?rest_route=\/wp\/v2\/posts\/36250\/revisions\/36253"}],"wp:featuredmedia":[{"embeddable":true,"href":"https:\/\/agpnoticias.com\/news\/index.php?rest_route=\/wp\/v2\/media\/36251"}],"wp:attachment":[{"href":"https:\/\/agpnoticias.com\/news\/index.php?rest_route=%2Fwp%2Fv2%2Fmedia&parent=36250"}],"wp:term":[{"taxonomy":"category","embeddable":true,"href":"https:\/\/agpnoticias.com\/news\/index.php?rest_route=%2Fwp%2Fv2%2Fcategories&post=36250"},{"taxonomy":"post_tag","embeddable":true,"href":"https:\/\/agpnoticias.com\/news\/index.php?rest_route=%2Fwp%2Fv2%2Ftags&post=36250"}],"curies":[{"name":"wp","href":"https:\/\/api.w.org\/{rel}","templated":true}]}}