{"id":36277,"date":"2013-12-21T18:40:46","date_gmt":"2013-12-22T02:40:46","guid":{"rendered":"http:\/\/agpnoticias.com\/news\/?p=36277"},"modified":"2013-12-21T18:50:31","modified_gmt":"2013-12-22T02:50:31","slug":"real-azteca-bi-campeon-en-categoria-2000","status":"publish","type":"post","link":"https:\/\/agpnoticias.com\/news\/?p=36277","title":{"rendered":"Real Azteca, bi campe\u00f3n en categor\u00eda 2000"},"content":{"rendered":"<figure id=\"attachment_36278\" aria-describedby=\"caption-attachment-36278\" style=\"width: 640px\" class=\"wp-caption aligncenter\"><a href=\"http:\/\/agpnoticias.com\/news\/?attachment_id=36278\" rel=\"attachment wp-att-36278\"><img fetchpriority=\"high\" decoding=\"async\" class=\"size-full wp-image-36278\" alt=\"Los bi campeones con su nuevo trofeo\" src=\"http:\/\/agpnoticias.com\/news\/wp-content\/uploads\/2013\/12\/Los-bi-campeones-con-su-nuevo-trofeo.jpg\" width=\"640\" height=\"330\" srcset=\"https:\/\/agpnoticias.com\/news\/wp-content\/uploads\/2013\/12\/Los-bi-campeones-con-su-nuevo-trofeo.jpg 640w, https:\/\/agpnoticias.com\/news\/wp-content\/uploads\/2013\/12\/Los-bi-campeones-con-su-nuevo-trofeo-200x103.jpg 200w, https:\/\/agpnoticias.com\/news\/wp-content\/uploads\/2013\/12\/Los-bi-campeones-con-su-nuevo-trofeo-600x309.jpg 600w\" sizes=\"(max-width: 640px) 100vw, 640px\" \/><\/a><figcaption id=\"caption-attachment-36278\" class=\"wp-caption-text\">Los bi campeones con su nuevo trofeo<\/figcaption><\/figure>\n<figure id=\"attachment_36279\" aria-describedby=\"caption-attachment-36279\" style=\"width: 136px\" class=\"wp-caption alignright\"><a href=\"http:\/\/agpnoticias.com\/news\/?attachment_id=36279\" rel=\"attachment wp-att-36279\"><img decoding=\"async\" class=\"size-thumbnail wp-image-36279\" alt=\"Por segundo torneo consecutivo se coron\u00f3 Real Azteca\" src=\"http:\/\/agpnoticias.com\/news\/wp-content\/uploads\/2013\/12\/Por-segundo-torneo-consecutivo-se-coron\u00f3-Real-Azteca-136x200.jpg\" width=\"136\" height=\"200\" srcset=\"https:\/\/agpnoticias.com\/news\/wp-content\/uploads\/2013\/12\/Por-segundo-torneo-consecutivo-se-coron\u00f3-Real-Azteca-136x200.jpg 136w, https:\/\/agpnoticias.com\/news\/wp-content\/uploads\/2013\/12\/Por-segundo-torneo-consecutivo-se-coron\u00f3-Real-Azteca.jpg 438w\" sizes=\"(max-width: 136px) 100vw, 136px\" \/><\/a><figcaption id=\"caption-attachment-36279\" class=\"wp-caption-text\">Por segundo torneo consecutivo se coron\u00f3 Real Azteca<\/figcaption><\/figure>\n<p>Ensenada, Baja California.- El sufrimiento acab\u00f3 en los minutos finales cuando Jes\u00fas Andr\u00e9s P\u00e9rez rob\u00f3 un bal\u00f3n que consum\u00f3 el 3-1 favorable al ahora bi campe\u00f3n de la categor\u00eda 2000, Real Azteca, sobre Deportivo Popular.<\/p>\n<p>Con ventaja de 2-0, el conjunto dirigido por F\u00e9lix \u201cChino\u201d Alvarado era presionado por su rival, que descont\u00f3 mediante un penal cobrado por Rafael Nieto con 10 minutos por jugarse en la cancha del campo Nueva Ensenada.<\/p>\n<figure id=\"attachment_36280\" aria-describedby=\"caption-attachment-36280\" style=\"width: 200px\" class=\"wp-caption alignleft\"><a href=\"http:\/\/agpnoticias.com\/news\/?attachment_id=36280\" rel=\"attachment wp-att-36280\"><img decoding=\"async\" class=\"size-thumbnail wp-image-36280\" alt=\"Deportivo Popular, sub campe\u00f3n\" src=\"http:\/\/agpnoticias.com\/news\/wp-content\/uploads\/2013\/12\/Deportivo-Popular-sub-campe\u00f3n-200x136.jpg\" width=\"200\" height=\"136\" srcset=\"https:\/\/agpnoticias.com\/news\/wp-content\/uploads\/2013\/12\/Deportivo-Popular-sub-campe\u00f3n-200x136.jpg 200w, https:\/\/agpnoticias.com\/news\/wp-content\/uploads\/2013\/12\/Deportivo-Popular-sub-campe\u00f3n-600x410.jpg 600w, https:\/\/agpnoticias.com\/news\/wp-content\/uploads\/2013\/12\/Deportivo-Popular-sub-campe\u00f3n.jpg 640w\" sizes=\"(max-width: 200px) 100vw, 200px\" \/><\/a><figcaption id=\"caption-attachment-36280\" class=\"wp-caption-text\">Deportivo Popular, sub campe\u00f3n<\/figcaption><\/figure>\n<p>Y en su intento por empatar, el portero de Deportivo Popular se fue al frente, pero una jugada de t\u00e1ctica fija no funcion\u00f3 y fue entonces que Jes\u00fas Andr\u00e9s P\u00e9rez se aviv\u00f3 para escaparse solo y casi meterse con el bal\u00f3n hasta la porter\u00eda.<\/p>\n<p>Ese fue el segundo gol de la final para Jes\u00fas Andr\u00e9s P\u00e9rez, mientras que Missael Huerta marc\u00f3 el primero.<\/p>\n<p>El trofeo de campe\u00f3n, entregado por el presidente de la Liga de Futbol Infantil y Juvenil, Fernando Aceves Gonz\u00e1lez, signific\u00f3 el segundo al hilo para Real Azteca dentro de la categor\u00eda 2000.<\/p>\n<figure id=\"attachment_36281\" aria-describedby=\"caption-attachment-36281\" style=\"width: 569px\" class=\"wp-caption aligncenter\"><a href=\"http:\/\/agpnoticias.com\/news\/?attachment_id=36281\" rel=\"attachment wp-att-36281\"><img loading=\"lazy\" decoding=\"async\" class=\"size-full wp-image-36281\" alt=\"Jes\u00fas Andr\u00e9s P\u00e9rez y Missael Huerta marcaron los goles de la victoria\" src=\"http:\/\/agpnoticias.com\/news\/wp-content\/uploads\/2013\/12\/Jes\u00fas-Andr\u00e9s-P\u00e9rez-y-Missael-Huerta-marcaron-los-goles-que-significaron-el-t\u00edtulo.jpg\" width=\"569\" height=\"480\" srcset=\"https:\/\/agpnoticias.com\/news\/wp-content\/uploads\/2013\/12\/Jes\u00fas-Andr\u00e9s-P\u00e9rez-y-Missael-Huerta-marcaron-los-goles-que-significaron-el-t\u00edtulo.jpg 569w, https:\/\/agpnoticias.com\/news\/wp-content\/uploads\/2013\/12\/Jes\u00fas-Andr\u00e9s-P\u00e9rez-y-Missael-Huerta-marcaron-los-goles-que-significaron-el-t\u00edtulo-200x168.jpg 200w\" sizes=\"(max-width: 569px) 100vw, 569px\" \/><\/a><figcaption id=\"caption-attachment-36281\" class=\"wp-caption-text\">Jes\u00fas Andr\u00e9s P\u00e9rez y Missael Huerta marcaron los goles de la victoria<\/figcaption><\/figure>\n","protected":false},"excerpt":{"rendered":"<p>Ensenada, Baja California.- El sufrimiento acab\u00f3 en los minutos finales cuando Jes\u00fas Andr\u00e9s P\u00e9rez rob\u00f3&#8230;<\/p>\n","protected":false},"author":1,"featured_media":36278,"comment_status":"closed","ping_status":"closed","sticky":false,"template":"","format":"standard","meta":{"footnotes":""},"categories":[7,32],"tags":[],"class_list":["post-36277","post","type-post","status-publish","format-standard","has-post-thumbnail","hentry","category-deportes","category-soccer"],"_links":{"self":[{"href":"https:\/\/agpnoticias.com\/news\/index.php?rest_route=\/wp\/v2\/posts\/36277","targetHints":{"allow":["GET"]}}],"collection":[{"href":"https:\/\/agpnoticias.com\/news\/index.php?rest_route=\/wp\/v2\/posts"}],"about":[{"href":"https:\/\/agpnoticias.com\/news\/index.php?rest_route=\/wp\/v2\/types\/post"}],"author":[{"embeddable":true,"href":"https:\/\/agpnoticias.com\/news\/index.php?rest_route=\/wp\/v2\/users\/1"}],"replies":[{"embeddable":true,"href":"https:\/\/agpnoticias.com\/news\/index.php?rest_route=%2Fwp%2Fv2%2Fcomments&post=36277"}],"version-history":[{"count":2,"href":"https:\/\/agpnoticias.com\/news\/index.php?rest_route=\/wp\/v2\/posts\/36277\/revisions"}],"predecessor-version":[{"id":36283,"href":"https:\/\/agpnoticias.com\/news\/index.php?rest_route=\/wp\/v2\/posts\/36277\/revisions\/36283"}],"wp:featuredmedia":[{"embeddable":true,"href":"https:\/\/agpnoticias.com\/news\/index.php?rest_route=\/wp\/v2\/media\/36278"}],"wp:attachment":[{"href":"https:\/\/agpnoticias.com\/news\/index.php?rest_route=%2Fwp%2Fv2%2Fmedia&parent=36277"}],"wp:term":[{"taxonomy":"category","embeddable":true,"href":"https:\/\/agpnoticias.com\/news\/index.php?rest_route=%2Fwp%2Fv2%2Fcategories&post=36277"},{"taxonomy":"post_tag","embeddable":true,"href":"https:\/\/agpnoticias.com\/news\/index.php?rest_route=%2Fwp%2Fv2%2Ftags&post=36277"}],"curies":[{"name":"wp","href":"https:\/\/api.w.org\/{rel}","templated":true}]}}