{"id":36289,"date":"2013-12-21T22:03:56","date_gmt":"2013-12-22T06:03:56","guid":{"rendered":"http:\/\/agpnoticias.com\/news\/?p=36289"},"modified":"2014-01-14T20:50:10","modified_gmt":"2014-01-15T04:50:10","slug":"empate-en-culiacan","status":"publish","type":"post","link":"https:\/\/agpnoticias.com\/news\/?p=36289","title":{"rendered":"Empate en Culiac\u00e1n"},"content":{"rendered":"<figure id=\"attachment_36290\" aria-describedby=\"caption-attachment-36290\" style=\"width: 640px\" class=\"wp-caption aligncenter\"><a href=\"http:\/\/agpnoticias.com\/news\/?attachment_id=36290\" rel=\"attachment wp-att-36290\"><img fetchpriority=\"high\" decoding=\"async\" class=\"size-full wp-image-36290\" alt=\"Fidel Mart\u00ednez hizo el gol de Tijuana\" src=\"http:\/\/agpnoticias.com\/news\/wp-content\/uploads\/2013\/12\/Fidel-Mart\u00ednez-hizo-el-gol-de-Tijuana.jpg\" width=\"640\" height=\"413\" srcset=\"https:\/\/agpnoticias.com\/news\/wp-content\/uploads\/2013\/12\/Fidel-Mart\u00ednez-hizo-el-gol-de-Tijuana.jpg 640w, https:\/\/agpnoticias.com\/news\/wp-content\/uploads\/2013\/12\/Fidel-Mart\u00ednez-hizo-el-gol-de-Tijuana-200x129.jpg 200w, https:\/\/agpnoticias.com\/news\/wp-content\/uploads\/2013\/12\/Fidel-Mart\u00ednez-hizo-el-gol-de-Tijuana-600x387.jpg 600w\" sizes=\"(max-width: 640px) 100vw, 640px\" \/><\/a><figcaption id=\"caption-attachment-36290\" class=\"wp-caption-text\">Fidel Mart\u00ednez hizo el gol de Xolos frente a Dorados<\/figcaption><\/figure>\n<figure id=\"attachment_36291\" aria-describedby=\"caption-attachment-36291\" style=\"width: 200px\" class=\"wp-caption alignright\"><a href=\"http:\/\/agpnoticias.com\/news\/?attachment_id=36291\" rel=\"attachment wp-att-36291\"><img decoding=\"async\" class=\"size-thumbnail wp-image-36291\" alt=\"Cristian Pellerano dio el servicio de gol\" src=\"http:\/\/agpnoticias.com\/news\/wp-content\/uploads\/2013\/12\/Cristian-Pellerano-dio-el-servicio-de-gol-200x147.jpg\" width=\"200\" height=\"147\" srcset=\"https:\/\/agpnoticias.com\/news\/wp-content\/uploads\/2013\/12\/Cristian-Pellerano-dio-el-servicio-de-gol-200x147.jpg 200w, https:\/\/agpnoticias.com\/news\/wp-content\/uploads\/2013\/12\/Cristian-Pellerano-dio-el-servicio-de-gol-600x443.jpg 600w, https:\/\/agpnoticias.com\/news\/wp-content\/uploads\/2013\/12\/Cristian-Pellerano-dio-el-servicio-de-gol.jpg 640w\" sizes=\"(max-width: 200px) 100vw, 200px\" \/><\/a><figcaption id=\"caption-attachment-36291\" class=\"wp-caption-text\">Cristian Pellerano dio el servicio de gol<\/figcaption><\/figure>\n<p>Culiac\u00e1n, Sinaloa.- Los Xoloitzcuintles de Tijuana empataron a un gol durante su tercer partido de pre temporada, segundo frente a Dorados de Sinaloa, equipo tambi\u00e9n propiedad del Grupo Caliente. Despu\u00e9s de vencer entre semana al mismo conjunto de la Liga de Ascenso, los dirigidos por C\u00e9sar Far\u00edas igualaron en el Estadio Banorte 1-1.<\/p>\n<figure id=\"attachment_36292\" aria-describedby=\"caption-attachment-36292\" style=\"width: 200px\" class=\"wp-caption alignleft\"><a href=\"http:\/\/agpnoticias.com\/news\/?attachment_id=36292\" rel=\"attachment wp-att-36292\"><img decoding=\"async\" class=\"size-thumbnail wp-image-36292\" alt=\"Dar\u00edo Benedetto abri\u00f3 el juego en el frente de ataque junto a Jaimen Ayov\u00ed\" src=\"http:\/\/agpnoticias.com\/news\/wp-content\/uploads\/2013\/12\/Dar\u00edo-Benedetto-abri\u00f3-el-juego-en-el-frente-de-ataque-junto-a-Jaimen-Ayov\u00ed-200x132.jpg\" width=\"200\" height=\"132\" srcset=\"https:\/\/agpnoticias.com\/news\/wp-content\/uploads\/2013\/12\/Dar\u00edo-Benedetto-abri\u00f3-el-juego-en-el-frente-de-ataque-junto-a-Jaimen-Ayov\u00ed-200x132.jpg 200w, https:\/\/agpnoticias.com\/news\/wp-content\/uploads\/2013\/12\/Dar\u00edo-Benedetto-abri\u00f3-el-juego-en-el-frente-de-ataque-junto-a-Jaimen-Ayov\u00ed-600x398.jpg 600w, https:\/\/agpnoticias.com\/news\/wp-content\/uploads\/2013\/12\/Dar\u00edo-Benedetto-abri\u00f3-el-juego-en-el-frente-de-ataque-junto-a-Jaimen-Ayov\u00ed.jpg 640w\" sizes=\"(max-width: 200px) 100vw, 200px\" \/><\/a><figcaption id=\"caption-attachment-36292\" class=\"wp-caption-text\">Dar\u00edo Benedetto abri\u00f3 el juego en el frente de ataque junto a Jaimen Ayov\u00ed<\/figcaption><\/figure>\n<p>Julio Rodr\u00edguez adelant\u00f3 a los locales al minuto 16, mientras que el ecuatoriano Fidel Mart\u00ednez aprovech\u00f3 todas las ventajas en las que se encontr\u00f3 gracias a un pase en profundidad de Cristian Pellerano para hacer el empate final al minuto 32.<\/p>\n<p>Los Xolos regresar\u00e1n a Tijuana para seguir trabajando rumbo al Torneo Apertura 2014, antes de medirse en su \u00faltimo juego de preparaci\u00f3n frente a Am\u00e9rica el s\u00e1bado 28 de diciembre en Carson, California.<\/p>\n<p>Una semana m\u00e1s tarde, el Club Tijuana debutar\u00e1 en la liga como visitante frente a Atlas.<\/p>\n<figure id=\"attachment_36293\" aria-describedby=\"caption-attachment-36293\" style=\"width: 640px\" class=\"wp-caption aligncenter\"><a href=\"http:\/\/agpnoticias.com\/news\/?attachment_id=36293\" rel=\"attachment wp-att-36293\"><img loading=\"lazy\" decoding=\"async\" class=\"size-full wp-image-36293\" alt=\"Con este 11 se presentaron los Xolos de C\u00e9sar Far\u00edas en Culiac\u00e1n\" src=\"http:\/\/agpnoticias.com\/news\/wp-content\/uploads\/2013\/12\/Con-este-11-se-presentaron-los-Xolos-de-C\u00e9sar-Far\u00edas-en-Culiac\u00e1n.jpg\" width=\"640\" height=\"433\" srcset=\"https:\/\/agpnoticias.com\/news\/wp-content\/uploads\/2013\/12\/Con-este-11-se-presentaron-los-Xolos-de-C\u00e9sar-Far\u00edas-en-Culiac\u00e1n.jpg 640w, https:\/\/agpnoticias.com\/news\/wp-content\/uploads\/2013\/12\/Con-este-11-se-presentaron-los-Xolos-de-C\u00e9sar-Far\u00edas-en-Culiac\u00e1n-200x135.jpg 200w, https:\/\/agpnoticias.com\/news\/wp-content\/uploads\/2013\/12\/Con-este-11-se-presentaron-los-Xolos-de-C\u00e9sar-Far\u00edas-en-Culiac\u00e1n-600x405.jpg 600w\" sizes=\"(max-width: 640px) 100vw, 640px\" \/><\/a><figcaption id=\"caption-attachment-36293\" class=\"wp-caption-text\">Con este 11 se presentaron los Xolos de C\u00e9sar Far\u00edas en Culiac\u00e1n<\/figcaption><\/figure>\n<p><em>Informaci\u00f3n y fotograf\u00edas: Club Tijuana Xoloitzcuintles de Caliente<\/em><\/p>\n","protected":false},"excerpt":{"rendered":"<p>Culiac\u00e1n, Sinaloa.- Los Xoloitzcuintles de Tijuana empataron a un gol durante su tercer partido de&#8230;<\/p>\n","protected":false},"author":1,"featured_media":36290,"comment_status":"closed","ping_status":"closed","sticky":false,"template":"","format":"standard","meta":{"footnotes":""},"categories":[7,32,17],"tags":[],"class_list":["post-36289","post","type-post","status-publish","format-standard","has-post-thumbnail","hentry","category-deportes","category-soccer","category-xolos-de-tijuana"],"_links":{"self":[{"href":"https:\/\/agpnoticias.com\/news\/index.php?rest_route=\/wp\/v2\/posts\/36289","targetHints":{"allow":["GET"]}}],"collection":[{"href":"https:\/\/agpnoticias.com\/news\/index.php?rest_route=\/wp\/v2\/posts"}],"about":[{"href":"https:\/\/agpnoticias.com\/news\/index.php?rest_route=\/wp\/v2\/types\/post"}],"author":[{"embeddable":true,"href":"https:\/\/agpnoticias.com\/news\/index.php?rest_route=\/wp\/v2\/users\/1"}],"replies":[{"embeddable":true,"href":"https:\/\/agpnoticias.com\/news\/index.php?rest_route=%2Fwp%2Fv2%2Fcomments&post=36289"}],"version-history":[{"count":3,"href":"https:\/\/agpnoticias.com\/news\/index.php?rest_route=\/wp\/v2\/posts\/36289\/revisions"}],"predecessor-version":[{"id":36296,"href":"https:\/\/agpnoticias.com\/news\/index.php?rest_route=\/wp\/v2\/posts\/36289\/revisions\/36296"}],"wp:featuredmedia":[{"embeddable":true,"href":"https:\/\/agpnoticias.com\/news\/index.php?rest_route=\/wp\/v2\/media\/36290"}],"wp:attachment":[{"href":"https:\/\/agpnoticias.com\/news\/index.php?rest_route=%2Fwp%2Fv2%2Fmedia&parent=36289"}],"wp:term":[{"taxonomy":"category","embeddable":true,"href":"https:\/\/agpnoticias.com\/news\/index.php?rest_route=%2Fwp%2Fv2%2Fcategories&post=36289"},{"taxonomy":"post_tag","embeddable":true,"href":"https:\/\/agpnoticias.com\/news\/index.php?rest_route=%2Fwp%2Fv2%2Ftags&post=36289"}],"curies":[{"name":"wp","href":"https:\/\/api.w.org\/{rel}","templated":true}]}}