{"id":371755,"date":"2014-06-04T23:32:41","date_gmt":"2014-06-05T06:32:41","guid":{"rendered":"http:\/\/agpnoticias.com\/news\/?p=371755"},"modified":"2014-12-17T11:50:11","modified_gmt":"2014-12-17T19:50:11","slug":"apuntes-perdidos-65","status":"publish","type":"post","link":"https:\/\/agpnoticias.com\/news\/?p=371755","title":{"rendered":"APUNTES PERDIDOS"},"content":{"rendered":"<p><strong>Por Marco Antonio Dom\u00ednguez Niebla<\/strong><\/p>\n<p>&nbsp;<\/p>\n<p><strong>El famoso caso del ni\u00f1o de Maneadero.<\/strong> Lo le\u00ed en el peri\u00f3dico. Y luego lo vi en ESPN. La historia es conmovedora. Un ni\u00f1o invidente que juega beisbol. Lo he encontrado en persona dos o tres veces y siempre sonr\u00ede, sabe que es el centro de atenci\u00f3n. Todos, beisbolistas y quienes han sabido de \u00e9l, se le acercan, lo acarician, lo toman en brazos. Ignoro qu\u00e9 piense un chiquillo de siete u ocho a\u00f1os viviendo entre la penumbra esos instantes popularidad instant\u00e1nea, de atenci\u00f3n solidaria. Tampoco s\u00e9 si lograra la meta de ir a un campeonato nacional, apoyado por un diario que publica su fotograf\u00eda en la plana principal a diario. S\u00f3lo deseo que quienes rodean a ese chiquillo de Maneadero tengan certezas de lo que har\u00e1 en el momento inminente que no pueda jugar beisbol a causa de su condici\u00f3n y su imagen deje de ser atractiva para vender peri\u00f3dicos y contar su historia por la televisi\u00f3n. Y entonces, espero que Juanito se encuentre sentado en un aula escolar preparando las armas que lo lleven a enfrentar las adversidades que siempre presenta la vida fuera de los grandes encabezados period\u00edsticos, los reflectores de la fama ef\u00edmera y los campos de beisbol.<\/p>\n<p>&nbsp;<\/p>\n<p><strong>Hu\u00e9rfano de mundiales.<\/strong> Contaba con humor que le maravillaba ver a ese chiquillo de seis a\u00f1os tirado frente al televisor absorto en las im\u00e1genes transmitidas desde Argentina. \u00c9l era locutor y aficionado al futbol. Por eso acud\u00eda a hacer los comentarios previos, al medio tiempo y al final de los partidos de M\u00e9xico (o mejor dicho, las goleadas contra M\u00e9xico) en el canal local de televisi\u00f3n. Y su hijo, el de en medio, lo miraba con admiraci\u00f3n desde casa mientras lo esperaba de regreso para charlar lo sucedido durante los juegos de aquella copa argentina en cuya final \u00e9l prefer\u00eda a la naranja holandesa, ya sin Johann, y \u00e9l, su hijo, el de en medio, prefer\u00eda a los chicos de Menotti, m\u00e1s tarde consagrados campeones en el llamado mundial de la dictadura. Cuatro a\u00f1os despu\u00e9s, en Espa\u00f1a, \u00e9l prefer\u00eda a Alemania o a Italia, pero su hijo, el de en medio, viv\u00eda como encantado, pose\u00eddo por la magia brasile\u00f1a, eliminada mucho antes de la final por ese matador del \u00e1rea vestido de azzurri y conocido como Paolo. Ya en M\u00e9xico \u00e9l iba con los tanques teutones dirigidos por el gran Kaiser, y su hijo, el de en medio, iba con Diego, el genio que llevaba el 10 sobre la espalda entre las rayas celestes y blancas, haciendo trizas a sus adversarios hasta levantar la copa. Y fue la \u00faltima. \u00c9l, gran conversador, locutor de los buenos y tocado por esa pasi\u00f3n que es el futbol, parti\u00f3 sin previa advertencia (como parten los hombres a los cuarenta y tantos cuando el coraz\u00f3n dice basta) apenas dos semanas antes del arranque de Italia 90, el que ser\u00eda su cuarto mundial juntos, o lo que es lo mismo, su cuarta ocasi\u00f3n para discrepar y compartir con el futbol como pretexto. Y les cuento que los mundiales ya son otra cosa para el hijo de en medio a partir de aquel junio del 90. Desde entonces ha dividido su vida de manera pr\u00e1ctica. Los tres mundiales con \u00e9l y el resto, los siete que ha decidido seguir en soledad.<\/p>\n<p>&nbsp;<\/p>\n<p><strong>Cap\u00edtulos repetidos.<\/strong> Los chicos se ilusionan. Dicen que ahora s\u00ed, despu\u00e9s del juego contra Ecuador. Y unos cuantos d\u00edas despu\u00e9s, los chicos se decepcionan. Dicen que como siempre no, despu\u00e9s del juego contra Bosnia. Y uno que ha visto la misma historia coloreada en verde cada cuatro a\u00f1os s\u00f3lo puede entenderlos\u00a0por el hecho de que apenas son unos chicos.<\/p>\n<p>&nbsp;<\/p>\n","protected":false},"excerpt":{"rendered":"<p>Por Marco Antonio Dom\u00ednguez Niebla &nbsp; El famoso caso del ni\u00f1o de Maneadero. Lo le\u00ed&#8230;<\/p>\n","protected":false},"author":9,"featured_media":371758,"comment_status":"closed","ping_status":"closed","sticky":false,"template":"","format":"standard","meta":{"footnotes":""},"categories":[1,24,141,7],"tags":[],"class_list":["post-371755","post","type-post","status-publish","format-standard","has-post-thumbnail","hentry","category-uncategorized","category-la-columna","category-columnas","category-deportes"],"_links":{"self":[{"href":"https:\/\/agpnoticias.com\/news\/index.php?rest_route=\/wp\/v2\/posts\/371755","targetHints":{"allow":["GET"]}}],"collection":[{"href":"https:\/\/agpnoticias.com\/news\/index.php?rest_route=\/wp\/v2\/posts"}],"about":[{"href":"https:\/\/agpnoticias.com\/news\/index.php?rest_route=\/wp\/v2\/types\/post"}],"author":[{"embeddable":true,"href":"https:\/\/agpnoticias.com\/news\/index.php?rest_route=\/wp\/v2\/users\/9"}],"replies":[{"embeddable":true,"href":"https:\/\/agpnoticias.com\/news\/index.php?rest_route=%2Fwp%2Fv2%2Fcomments&post=371755"}],"version-history":[{"count":4,"href":"https:\/\/agpnoticias.com\/news\/index.php?rest_route=\/wp\/v2\/posts\/371755\/revisions"}],"predecessor-version":[{"id":371848,"href":"https:\/\/agpnoticias.com\/news\/index.php?rest_route=\/wp\/v2\/posts\/371755\/revisions\/371848"}],"wp:featuredmedia":[{"embeddable":true,"href":"https:\/\/agpnoticias.com\/news\/index.php?rest_route=\/wp\/v2\/media\/371758"}],"wp:attachment":[{"href":"https:\/\/agpnoticias.com\/news\/index.php?rest_route=%2Fwp%2Fv2%2Fmedia&parent=371755"}],"wp:term":[{"taxonomy":"category","embeddable":true,"href":"https:\/\/agpnoticias.com\/news\/index.php?rest_route=%2Fwp%2Fv2%2Fcategories&post=371755"},{"taxonomy":"post_tag","embeddable":true,"href":"https:\/\/agpnoticias.com\/news\/index.php?rest_route=%2Fwp%2Fv2%2Ftags&post=371755"}],"curies":[{"name":"wp","href":"https:\/\/api.w.org\/{rel}","templated":true}]}}