{"id":3727,"date":"2011-05-11T09:12:20","date_gmt":"2011-05-11T16:12:20","guid":{"rendered":"http:\/\/agpnoticias.com\/news\/?p=3727"},"modified":"2011-05-11T09:12:20","modified_gmt":"2011-05-11T16:12:20","slug":"sepultan-a-sus-hijos-en-el-dia-de-la-madre","status":"publish","type":"post","link":"https:\/\/agpnoticias.com\/news\/?p=3727","title":{"rendered":"Sepultan a sus hijos en el dia de la Madre"},"content":{"rendered":"<p>ENSENADA, Mexico.- Rodeadas de cientos de flores y arreglos sobre los ata\u00fades de sus hijos, seis madres permanecieron este diez de mayo, lejos de cualquier celebraci\u00f3n, junto a sus hijos, muertos la madrugada del domingo 8 de mayo en un accidente automovil\u00edstico que acab\u00f3 en un instante con sue\u00f1os y proyectos de siete j\u00f3venes residentes del poblado de El Zorrillo.<\/p>\n<p>Salvo Ismael que fue velado en Maneadero, seis de los j\u00f3venes fallecidos Ignacio, Luis Alonso, Jos\u00e9 Manuel, Omar Iv\u00e1n, Brian y Francisco Antonio fueron velados juntos, en el sal\u00f3n comunitario de la delegaci\u00f3n de \u00a8El Zorrillo\u00a8, uno de los poblados mas pobres del municipio de Ensenada ubicado 30 kil\u00f3metros al sur de la ciudad.<!--more--><\/p>\n<p>El Zorrillo o \u201cCa\u00f1\u00f3n Buenavista\u201d esta habitado principalmente por migrantes procedentes de entidades del sureste del pa\u00eds que llegaron inicialmente a trabajar en los campos agr\u00edcolas de Maneadero.<\/p>\n<p>Sin embargo, todos los j\u00f3venes fallecidos cuyas edades fluctuaban entre los 18 y 20 a\u00f1os de edad, eran nacidos ya en el Municipio de Ensenada.<\/p>\n<p>Pese a la juventud de todos, entre ellos hab\u00eda dos que eran ya padres de familia, Francisco Antonio y Luis Alonso el primero con un hijo peque\u00f1o y otro en camino, el segundo casado y con dos hijas.<\/p>\n<p>Otro de los occisos Jos\u00e9 Manuel Gonz\u00e1lez Pe\u00f1a de 18 a\u00f1os de edad, era el hijo mayor y el sost\u00e9n de su casa, un muchacho que tres d\u00edas antes hab\u00eda regresado de la ciudad de M\u00e9xico, tras asistir a un viaje.<\/p>\n<p>El trabajaba temporalmente en espera de reunir dinero para continuar la Universidad, quer\u00eda ser ingeniero. Mientras tanto ayudaba econ\u00f3micamente a su madre, Silvia, una joven mujer que explica como su hijo aun no le hab\u00eda terminado de contar su visita de dos semanas a la capital del pa\u00eds.<\/p>\n<p>El s\u00e1bado era un fin de semana normal los muchachos ten\u00edan semanas que hab\u00edan hecho planes para ir a una quincea\u00f1era en Maneadero y de la que regresaban al accidentarse.<\/p>\n<p>Eran un grupo de hermanos, primos y amigos que siempre se hab\u00edan juntado desde ni\u00f1os.<\/p>\n<p>Br\u00edan Garc\u00eda Hern\u00e1ndez y Francisco Antonio Garc\u00eda Hern\u00e1ndez eran hermanos y Luis Alonso Santiago Garc\u00eda su primo.<\/p>\n<p>Jos\u00e9 Alberto Santiago Garc\u00eda de 16 a\u00f1os el \u00fanico sobreviviente, debido a que fue detenido por una falta administrativa y se qued\u00f3 arrestado en la delegaci\u00f3n, era hermano de Luis Alonso y hab\u00eda llegado con ellos a la fiesta de quince a\u00f1os.<\/p>\n<p>Pero a Jos\u00e9 Alberto no le tocaba, pero si vio como qued\u00f3 el veh\u00edculo en el que murieron todos sus amigos.<\/p>\n<p>\u201cPor algo Dios me dej\u00f3 aqu\u00ed, ahora tengo que trabajar y luchar para ayudar a mi cu\u00f1ada y a mis sobrinos para sacarlos adelante como si fueran m\u00edos\u201d.<\/p>\n<p>Con l\u00e1grimas en los ojos recuerda a su hermano, que siempre estaba contento y trabajaba para tener una casa, poner un negocio y comprarse y carro para que su familia viviera mejor.<\/p>\n<p>Ignacio Samuel Hern\u00e1ndez de 18 a\u00f1os otro de los occisos termin\u00f3 la prepa en el Cebeta junto con Ismael y Brian.<\/p>\n<p>Saida y Yesenia dos compa\u00f1eras de escuela aseguran que eran buenos muchachos algunos reci\u00e9n hab\u00edan terminado la escuela, otros estaban por terminar.<\/p>\n<p>En las exequias familiares y amigos luc\u00edan consternados, sin embargo se manten\u00edan tranquilos.<\/p>\n<p>Al concluir el velorio uno de los ata\u00fades el de Ignacio, fue sacado en hombros por sus amigos para subirlo a la caja de un pick up y acompa\u00f1arlo en andas, a dar la \u00faltima vuelta a la cuadra, algo que el hac\u00eda siempre cuando hac\u00eda ejercicio precisamente en esa cancha donde se ubica el centro comunitario donde se vel\u00f3.<\/p>\n<p>De ah\u00ed fueron trasladados al pante\u00f3n de la delegaci\u00f3n de Maneadero donde fueron sepultados. AGP\/foto y redaccion de www.ensenada.net\/ Elizabeth Vargas<\/p>\n","protected":false},"excerpt":{"rendered":"<p>ENSENADA, Mexico.- Rodeadas de cientos de flores y arreglos sobre los ata\u00fades de sus hijos,&#8230;<\/p>\n","protected":false},"author":1,"featured_media":3728,"comment_status":"open","ping_status":"open","sticky":false,"template":"","format":"standard","meta":{"footnotes":""},"categories":[1],"tags":[],"class_list":["post-3727","post","type-post","status-publish","format-standard","has-post-thumbnail","hentry","category-uncategorized"],"_links":{"self":[{"href":"https:\/\/agpnoticias.com\/news\/index.php?rest_route=\/wp\/v2\/posts\/3727","targetHints":{"allow":["GET"]}}],"collection":[{"href":"https:\/\/agpnoticias.com\/news\/index.php?rest_route=\/wp\/v2\/posts"}],"about":[{"href":"https:\/\/agpnoticias.com\/news\/index.php?rest_route=\/wp\/v2\/types\/post"}],"author":[{"embeddable":true,"href":"https:\/\/agpnoticias.com\/news\/index.php?rest_route=\/wp\/v2\/users\/1"}],"replies":[{"embeddable":true,"href":"https:\/\/agpnoticias.com\/news\/index.php?rest_route=%2Fwp%2Fv2%2Fcomments&post=3727"}],"version-history":[{"count":1,"href":"https:\/\/agpnoticias.com\/news\/index.php?rest_route=\/wp\/v2\/posts\/3727\/revisions"}],"predecessor-version":[{"id":3729,"href":"https:\/\/agpnoticias.com\/news\/index.php?rest_route=\/wp\/v2\/posts\/3727\/revisions\/3729"}],"wp:featuredmedia":[{"embeddable":true,"href":"https:\/\/agpnoticias.com\/news\/index.php?rest_route=\/wp\/v2\/media\/3728"}],"wp:attachment":[{"href":"https:\/\/agpnoticias.com\/news\/index.php?rest_route=%2Fwp%2Fv2%2Fmedia&parent=3727"}],"wp:term":[{"taxonomy":"category","embeddable":true,"href":"https:\/\/agpnoticias.com\/news\/index.php?rest_route=%2Fwp%2Fv2%2Fcategories&post=3727"},{"taxonomy":"post_tag","embeddable":true,"href":"https:\/\/agpnoticias.com\/news\/index.php?rest_route=%2Fwp%2Fv2%2Ftags&post=3727"}],"curies":[{"name":"wp","href":"https:\/\/api.w.org\/{rel}","templated":true}]}}