{"id":3734,"date":"2011-05-11T09:17:48","date_gmt":"2011-05-11T16:17:48","guid":{"rendered":"http:\/\/agpnoticias.com\/news\/?p=3734"},"modified":"2012-10-15T11:30:40","modified_gmt":"2012-10-15T19:30:40","slug":"ayudan-a-jovenes-con-sindrome-de-down-en-ensenada","status":"publish","type":"post","link":"https:\/\/agpnoticias.com\/news\/?p=3734","title":{"rendered":"Ayudan a jovenes con Sindrome de Down en Ensenada"},"content":{"rendered":"<p>ENSENADA, Mexico.- Impulsar la convivencia y la integraci\u00f3n de los j\u00f3venes con S\u00edndrome de Down, es el objetivo del viaje al Rancho Meling en el que est\u00e1n participando 18 integrantes activos de \u00c1ngeles por Siempre: Un mundo sin diferencias.<\/p>\n<p>Francisco Javier Amaro Olgu\u00edn, presidente de la agrupaci\u00f3n, inform\u00f3 que este viaje forma parte de una clase de desarrollo social que se imparte a los j\u00f3venes, y en la que se busca realizar actividades al aire libre.<!--more--><\/p>\n<p>Detall\u00f3 que el viaje inici\u00f3 el jueves y concluir\u00e1 ma\u00f1ana por la tarde, en los cuatro d\u00edas los asistentes tendr\u00e1n contacto directo con la naturaleza, adem\u00e1s de que practicar\u00e1n deportes como caminata, b\u00e1squetbol, nataci\u00f3n, voleibol y cachibol.<\/p>\n<p>Hoy se desarrollar\u00e1 un Festival por el D\u00eda del Ni\u00f1o, en el que habr\u00e1 comida, pastel, dulces, pi\u00f1atas y n\u00fameros musicales en honor de los j\u00f3venes con coraz\u00f3n de ni\u00f1o.<\/p>\n<p>Ser\u00e1 hasta el martes cuando los j\u00f3venes Down se integren a sus actividades cotidianas en el Centro de Extensi\u00f3n de Conocimientos de Esquema Modificado (Cecem) del Instituto Mexicano del Seguro Social (IMSS) en Ensenada.<\/p>\n<p>Amaro Olgu\u00edn agradeci\u00f3 a Finn Jem y Andr\u00e9s Olvera Cos\u00edo, quienes proporcionaron los v\u00edveres necesarios para que los j\u00f3venes puedan realizar su estancia en el rancho cercano al Parque Nacional Sierra de San Pedro M\u00e1rtir.<\/p>\n<p>Por \u00faltimo, invit\u00f3 a los padres de peque\u00f1os y j\u00f3venes con S\u00edndrome de Down a que se acerquen a \u00c1ngeles por Siempre, para que obtengan mayor informaci\u00f3n y puedan compartir sus experiencias con otros padres de familia.<\/p>\n<p>Para mayor informaci\u00f3n, los interesados pueden comunicarse al tel\u00e9fono 175-69-22 y al correo electr\u00f3nico angelesporsiempre1_down@hotmail.com. AGP<\/p>\n","protected":false},"excerpt":{"rendered":"<p>ENSENADA, Mexico.- Impulsar la convivencia y la integraci\u00f3n de los j\u00f3venes con S\u00edndrome de Down,&#8230;<\/p>\n","protected":false},"author":1,"featured_media":0,"comment_status":"open","ping_status":"open","sticky":false,"template":"","format":"standard","meta":{"footnotes":""},"categories":[1,35],"tags":[],"class_list":["post-3734","post","type-post","status-publish","format-standard","hentry","category-uncategorized","category-basquetbol"],"_links":{"self":[{"href":"https:\/\/agpnoticias.com\/news\/index.php?rest_route=\/wp\/v2\/posts\/3734","targetHints":{"allow":["GET"]}}],"collection":[{"href":"https:\/\/agpnoticias.com\/news\/index.php?rest_route=\/wp\/v2\/posts"}],"about":[{"href":"https:\/\/agpnoticias.com\/news\/index.php?rest_route=\/wp\/v2\/types\/post"}],"author":[{"embeddable":true,"href":"https:\/\/agpnoticias.com\/news\/index.php?rest_route=\/wp\/v2\/users\/1"}],"replies":[{"embeddable":true,"href":"https:\/\/agpnoticias.com\/news\/index.php?rest_route=%2Fwp%2Fv2%2Fcomments&post=3734"}],"version-history":[{"count":6,"href":"https:\/\/agpnoticias.com\/news\/index.php?rest_route=\/wp\/v2\/posts\/3734\/revisions"}],"predecessor-version":[{"id":17761,"href":"https:\/\/agpnoticias.com\/news\/index.php?rest_route=\/wp\/v2\/posts\/3734\/revisions\/17761"}],"wp:attachment":[{"href":"https:\/\/agpnoticias.com\/news\/index.php?rest_route=%2Fwp%2Fv2%2Fmedia&parent=3734"}],"wp:term":[{"taxonomy":"category","embeddable":true,"href":"https:\/\/agpnoticias.com\/news\/index.php?rest_route=%2Fwp%2Fv2%2Fcategories&post=3734"},{"taxonomy":"post_tag","embeddable":true,"href":"https:\/\/agpnoticias.com\/news\/index.php?rest_route=%2Fwp%2Fv2%2Ftags&post=3734"}],"curies":[{"name":"wp","href":"https:\/\/api.w.org\/{rel}","templated":true}]}}