{"id":37712,"date":"2014-01-24T16:36:58","date_gmt":"2014-01-25T00:36:58","guid":{"rendered":"http:\/\/agpnoticias.com\/news\/?p=37712"},"modified":"2014-01-28T19:44:01","modified_gmt":"2014-01-29T03:44:01","slug":"a-ordenar-la-casa","status":"publish","type":"post","link":"https:\/\/agpnoticias.com\/news\/?p=37712","title":{"rendered":"A ordenar la casa"},"content":{"rendered":"<figure id=\"attachment_37720\" aria-describedby=\"caption-attachment-37720\" style=\"width: 320px\" class=\"wp-caption alignright\"><a href=\"http:\/\/agpnoticias.com\/news\/?attachment_id=37720\" rel=\"attachment wp-att-37720\"><img fetchpriority=\"high\" decoding=\"async\" class=\"size-medium wp-image-37720\" alt=\"Samuel Flores tendr\u00e1 el desaf\u00edo de cambiar la cara de los Pescadores\" src=\"http:\/\/agpnoticias.com\/news\/wp-content\/uploads\/2014\/01\/Samuel-Flores-tendr\u00e1-el-desaf\u00edo-de-cambiar-la-cara-de-los-Pescadores-320x240.jpg\" width=\"320\" height=\"240\" \/><\/a><figcaption id=\"caption-attachment-37720\" class=\"wp-caption-text\">Samuel Flores tendr\u00e1 el desaf\u00edo de cambiar la cara de los Pescadores<\/figcaption><\/figure>\n<p>Ensenada, Baja California.- Los Pescadores ya tienen un gu\u00eda que pretende hacerlos llegar a puerto seguro.<\/p>\n<p>Samuel Flores, titular de la Escuela Atlas Ensenada entre 1998 y 2003, ha sido designado vicepresidente del equipo de la Tercera Divisi\u00f3n que finaliz\u00f3 la primera vuelta en el s\u00f3tano del Grupo XIII.<\/p>\n<p>La llegada del nuevo directivo es ordenar la instituci\u00f3n y brindar certeza tanto a los integrantes del plantel como a la afici\u00f3n de Ensenada con el establecimiento de una base que garantice la permanencia de Pescadores en la plaza por varios a\u00f1os.<\/p>\n<p>\u201cEntr\u00e9 al club como vicepresidente y estar\u00e9 encargado del \u00e1rea administrativa, el funcionamiento del equipo\u201d, indic\u00f3 durante el entrenamiento en el que fue presentado frente al grupo de futbolista.<\/p>\n<p>Samuel Flores tiene como meta encabezar \u201cun proyecto a largo plazo\u201d que entregue el ascenso a la Segunda Divisi\u00f3n en \u201cun plazo de tres a\u00f1os\u201d junto al presidente de la instituci\u00f3n Roberto Mu\u00f1oz.<\/p>\n<p>\u201cLa intenci\u00f3n es que el equipo ascienda y se le meter\u00e1 lo que se le tenga que meter en infraestructura deportiva\u201d, adem\u00e1s de que \u201ctraeremos gente que venga a dejar una ense\u00f1anza al futbol ensenadense\u201d, apunt\u00f3.<\/p>\n<p>En Ensenada, consider\u00f3 siempre ha existido potencial, pero el proceso no llega a culminarse con la ejecuci\u00f3n de los proyectos.<\/p>\n<p><strong>T\u00e9cnico de fuera para el siguiente torneo<\/strong><\/p>\n<p>Samuel Flores adelant\u00f3 que el ensenadense Salvador Zazueta permanecer\u00e1 como director t\u00e9cnico durante la segunda vuelta del actual torneo, aunque aclar\u00f3 que el siguiente certamen llegar\u00e1 un entrenador de fuera.<\/p>\n<p>\u201cSe est\u00e1 platicando con entrenadores profesionales del interior para traerlos el pr\u00f3ximo torneo, ahorita vamos a apoyar al entrenador que pusieron se queda, pero queremos ser muy claros y traeremos a alguien de fuera porque queremos tener un plan a largo plazo\u201d, puntualiz\u00f3.<\/p>\n<p>&nbsp;<\/p>\n<p><b>Plaza con futuro<\/b><\/p>\n<p>En opini\u00f3n del nuevo directivo de Pescadores, Ensenada cuenta con las caracter\u00edsticas para desarrollar proyectos de futbol profesional.<\/p>\n<p>\u201cEs una plaza con much\u00edsimo potencial, si no viera potencial no estuviera aqu\u00ed, hay que recordar que Pescadores gan\u00f3 el segundo lugar de asistencia a sus partidos en toda la Tercera Divisi\u00f3n\u201d, subray\u00f3.<\/p>\n<p>Con dos equipos de esa categor\u00eda en la ciudad, Diablos y Pescadores, \u201cel futbol de Ensenada experimentar\u00e1 un crecimiento en todos sentidos\u201d.<\/p>\n<p>&nbsp;<\/p>\n<p><b>Convenios<\/b><\/p>\n<p>Samuel Flores est\u00e1 dedicado al ramo restaurantero y alternar\u00e1 su residencia entre Ensenada, Cincinnati, Ohio, en los Estados Unidos, y Guadalajara, Jalisco, donde \u201che seguido ligado al futbol\u201d.<\/p>\n<p>Entre los contactos hechos a lo largo de los a\u00f1os, el ex titular de la Escuela Atlas Ensenada buscar\u00e1 alianzas para que los integrantes de Pescadores \u201cvean m\u00e1s all\u00e1\u201d y tengan oportunidad de \u201cllegar m\u00e1s lejos\u201d y \u201cno estancarse\u201d.<\/p>\n<p>\u201cCuando fui director de Atlas Ensenada logr\u00e9 acomodar 32 jugadores a nivel profesional\u201d, apunt\u00f3.<\/p>\n<p>La escuela rojinegra en Ensenada \u201cinici\u00f3 por una sugerencia de mi t\u00edo Efra\u00edn Flores\u201d, actual directivo de Pachuca, quien ser\u00e1 uno de sus principales asesores.<\/p>\n<p>&nbsp;<\/p>\n<p><b>Herencia<\/b><\/p>\n<p>El vicepresidente de Pescadores, fuera por once a\u00f1os de Ensenada, manifest\u00f3 su emoci\u00f3n por ver consolidados como entrenadores a elementos que colaboraron con \u00e9l en la Escuela Atlas, como Pavel Alvarado y el ex t\u00e9cnico de Pescadores Juan M\u00e1rquez.<\/p>\n<p>Asimismo, destac\u00f3 la juventud del cuerpo t\u00e9cnico de Pescadores, cuyo entrenador, Salvador Zazueta, as\u00ed como el responsable de preparar a los arqueros, Erik Flores, \u201cjugaron conmigo en Atlas\u201d.<\/p>\n<p>Samuel Flores inici\u00f3 funciones de manera oficial durante la semana y la ma\u00f1ana de este viernes dio su primera charla frente al grupo de jugadores.<\/p>\n","protected":false},"excerpt":{"rendered":"<p>Ensenada, Baja California.- Los Pescadores ya tienen un gu\u00eda que pretende hacerlos llegar a puerto&#8230;<\/p>\n","protected":false},"author":1,"featured_media":37720,"comment_status":"closed","ping_status":"closed","sticky":false,"template":"","format":"standard","meta":{"footnotes":""},"categories":[7,32],"tags":[],"class_list":["post-37712","post","type-post","status-publish","format-standard","has-post-thumbnail","hentry","category-deportes","category-soccer"],"_links":{"self":[{"href":"https:\/\/agpnoticias.com\/news\/index.php?rest_route=\/wp\/v2\/posts\/37712","targetHints":{"allow":["GET"]}}],"collection":[{"href":"https:\/\/agpnoticias.com\/news\/index.php?rest_route=\/wp\/v2\/posts"}],"about":[{"href":"https:\/\/agpnoticias.com\/news\/index.php?rest_route=\/wp\/v2\/types\/post"}],"author":[{"embeddable":true,"href":"https:\/\/agpnoticias.com\/news\/index.php?rest_route=\/wp\/v2\/users\/1"}],"replies":[{"embeddable":true,"href":"https:\/\/agpnoticias.com\/news\/index.php?rest_route=%2Fwp%2Fv2%2Fcomments&post=37712"}],"version-history":[{"count":4,"href":"https:\/\/agpnoticias.com\/news\/index.php?rest_route=\/wp\/v2\/posts\/37712\/revisions"}],"predecessor-version":[{"id":37931,"href":"https:\/\/agpnoticias.com\/news\/index.php?rest_route=\/wp\/v2\/posts\/37712\/revisions\/37931"}],"wp:featuredmedia":[{"embeddable":true,"href":"https:\/\/agpnoticias.com\/news\/index.php?rest_route=\/wp\/v2\/media\/37720"}],"wp:attachment":[{"href":"https:\/\/agpnoticias.com\/news\/index.php?rest_route=%2Fwp%2Fv2%2Fmedia&parent=37712"}],"wp:term":[{"taxonomy":"category","embeddable":true,"href":"https:\/\/agpnoticias.com\/news\/index.php?rest_route=%2Fwp%2Fv2%2Fcategories&post=37712"},{"taxonomy":"post_tag","embeddable":true,"href":"https:\/\/agpnoticias.com\/news\/index.php?rest_route=%2Fwp%2Fv2%2Ftags&post=37712"}],"curies":[{"name":"wp","href":"https:\/\/api.w.org\/{rel}","templated":true}]}}