{"id":37784,"date":"2014-01-25T19:20:43","date_gmt":"2014-01-26T03:20:43","guid":{"rendered":"http:\/\/agpnoticias.com\/news\/?p=37784"},"modified":"2014-01-25T19:20:43","modified_gmt":"2014-01-26T03:20:43","slug":"listas-para-la-olimpiada-nacional","status":"publish","type":"post","link":"https:\/\/agpnoticias.com\/news\/?p=37784","title":{"rendered":"\u00a1Listas para la Olimpiada Nacional!"},"content":{"rendered":"<figure id=\"attachment_37786\" aria-describedby=\"caption-attachment-37786\" style=\"width: 640px\" class=\"wp-caption alignright\"><a href=\"http:\/\/agpnoticias.com\/news\/?attachment_id=37786\" rel=\"attachment wp-att-37786\"><img fetchpriority=\"high\" decoding=\"async\" class=\"size-full wp-image-37786\" alt=\"Nicole C\u00f3rdova, Victoria Murillo y Natalia Escalera, acompa\u00f1adas por los t\u00e9cnicos Pavel Oceguera y F\u00e1tima Gamietea\" src=\"http:\/\/agpnoticias.com\/news\/wp-content\/uploads\/2014\/01\/Nicole-C\u00f3rdova-Victoria-Murillo-y-Natalia-Escalera-junto-a-los-t\u00e9cnicos-Pavel-Oceguera-y-F\u00e1tima-Gamietea.jpg\" width=\"640\" height=\"453\" srcset=\"https:\/\/agpnoticias.com\/news\/wp-content\/uploads\/2014\/01\/Nicole-C\u00f3rdova-Victoria-Murillo-y-Natalia-Escalera-junto-a-los-t\u00e9cnicos-Pavel-Oceguera-y-F\u00e1tima-Gamietea.jpg 640w, https:\/\/agpnoticias.com\/news\/wp-content\/uploads\/2014\/01\/Nicole-C\u00f3rdova-Victoria-Murillo-y-Natalia-Escalera-junto-a-los-t\u00e9cnicos-Pavel-Oceguera-y-F\u00e1tima-Gamietea-200x141.jpg 200w, https:\/\/agpnoticias.com\/news\/wp-content\/uploads\/2014\/01\/Nicole-C\u00f3rdova-Victoria-Murillo-y-Natalia-Escalera-junto-a-los-t\u00e9cnicos-Pavel-Oceguera-y-F\u00e1tima-Gamietea-600x424.jpg 600w\" sizes=\"(max-width: 640px) 100vw, 640px\" \/><\/a><figcaption id=\"caption-attachment-37786\" class=\"wp-caption-text\">Nicole C\u00f3rdova, Victoria Murillo y Natalia Escalera, acompa\u00f1adas por los t\u00e9cnicos Pavel Oceguera y F\u00e1tima Gamietea<\/figcaption><\/figure>\n<p>Ensenada, Baja California.- Entre las candidatas a destacar en la pr\u00f3xima Olimpiada Nacional hay que apuntar a tres gimnastas ensenadenses: Natalia Escalera, Nicole C\u00f3rdova y Victoria Murillo.<\/p>\n<figure id=\"attachment_37787\" aria-describedby=\"caption-attachment-37787\" style=\"width: 200px\" class=\"wp-caption alignleft\"><a href=\"http:\/\/agpnoticias.com\/news\/?attachment_id=37787\" rel=\"attachment wp-att-37787\"><img decoding=\"async\" class=\"size-thumbnail wp-image-37787\" alt=\"Pavel Oceguera junto a Natalia Escalera\" src=\"http:\/\/agpnoticias.com\/news\/wp-content\/uploads\/2014\/01\/Pavel-Oceguera-junto-a-Natalia-Escalera-200x133.jpg\" width=\"200\" height=\"133\" srcset=\"https:\/\/agpnoticias.com\/news\/wp-content\/uploads\/2014\/01\/Pavel-Oceguera-junto-a-Natalia-Escalera-200x133.jpg 200w, https:\/\/agpnoticias.com\/news\/wp-content\/uploads\/2014\/01\/Pavel-Oceguera-junto-a-Natalia-Escalera-600x400.jpg 600w, https:\/\/agpnoticias.com\/news\/wp-content\/uploads\/2014\/01\/Pavel-Oceguera-junto-a-Natalia-Escalera.jpg 640w\" sizes=\"(max-width: 200px) 100vw, 200px\" \/><\/a><figcaption id=\"caption-attachment-37787\" class=\"wp-caption-text\">Pavel Oceguera junto a Natalia Escalera<\/figcaption><\/figure>\n<p>El tr\u00edo de integrantes del Centro Gimn\u00e1stico Baja Dynamo fueron invitadas al Canc\u00fan Classic Invitacional, un certamen donde tradicionalmente compiten los seleccionados de Estados Unidos y Canad\u00e1.<\/p>\n<p>\u201cEs una competencia muy fuerte y escogimos algunas ni\u00f1as de diferentes niveles para ver c\u00f3mo va la preparaci\u00f3n rumbo a la Olimpiada Nacional como primer objetivo y fue muy satisfactorio el resultado porque pusimos a M\u00e9xico en un escaparate muy bueno\u201d, indic\u00f3 Pavel Oceguera Ornelas.<\/p>\n<figure id=\"attachment_37788\" aria-describedby=\"caption-attachment-37788\" style=\"width: 133px\" class=\"wp-caption alignright\"><a href=\"http:\/\/agpnoticias.com\/news\/?attachment_id=37788\" rel=\"attachment wp-att-37788\"><img decoding=\"async\" class=\"size-thumbnail wp-image-37788\" alt=\"Alberto Orozco, entrenador de Victoria Murillo\" src=\"http:\/\/agpnoticias.com\/news\/wp-content\/uploads\/2014\/01\/Alberto-Orozco-entrenador-de-Victoria-Murillo-133x200.jpg\" width=\"133\" height=\"200\" srcset=\"https:\/\/agpnoticias.com\/news\/wp-content\/uploads\/2014\/01\/Alberto-Orozco-entrenador-de-Victoria-Murillo-133x200.jpg 133w, https:\/\/agpnoticias.com\/news\/wp-content\/uploads\/2014\/01\/Alberto-Orozco-entrenador-de-Victoria-Murillo.jpg 427w\" sizes=\"(max-width: 133px) 100vw, 133px\" \/><\/a><figcaption id=\"caption-attachment-37788\" class=\"wp-caption-text\">Alberto Orozco, entrenador de Victoria Murillo<\/figcaption><\/figure>\n<p>En primer t\u00e9rmino, el t\u00e9cnico ensenadense subray\u00f3 la actuaci\u00f3n de la m\u00faltiple medallista de Olimpiada Nacional, Natalia Escalera, ganadora del tercer lugar general en una categor\u00eda mayor a la que le corresponde de acuerdo a su edad.<\/p>\n<p>\u201cNatalia est\u00e1 en su primer a\u00f1o de nivel 8 y, a minutos de iniciar la competencia, el organizador del evento nos hizo la invitaci\u00f3n de participar en la siguiente categor\u00eda, nivel 9, previo a la elite de Estados Unidos\u201d, explic\u00f3.<\/p>\n<p>Entonces, \u201ctomamos el reto y con apenas 11 a\u00f1os cumplidos, Natalia logr\u00f3 el oro en salto de caballo, cuatro lugar en piso y tercero all around en una competencia muy fuerte\u201d.<\/p>\n<p>Otra integrante de Baja Dynamo que viaj\u00f3 a Canc\u00fan fue Mariana Nicole C\u00f3rdova, \u201cganadora del primer lugar en manos libres con una rutina hermosa que estamos incorporando\u201d<\/p>\n<figure id=\"attachment_37789\" aria-describedby=\"caption-attachment-37789\" style=\"width: 200px\" class=\"wp-caption alignleft\"><a href=\"http:\/\/agpnoticias.com\/news\/?attachment_id=37789\" rel=\"attachment wp-att-37789\"><img loading=\"lazy\" decoding=\"async\" class=\"size-thumbnail wp-image-37789\" alt=\"Nicole C\u00f3rdova y el t\u00e9cnico William Garc\u00eda\" src=\"http:\/\/agpnoticias.com\/news\/wp-content\/uploads\/2014\/01\/Nicole-C\u00f3rdova-con-el-t\u00e9cnico-William-Garc\u00eda-200x133.jpg\" width=\"200\" height=\"133\" srcset=\"https:\/\/agpnoticias.com\/news\/wp-content\/uploads\/2014\/01\/Nicole-C\u00f3rdova-con-el-t\u00e9cnico-William-Garc\u00eda-200x133.jpg 200w, https:\/\/agpnoticias.com\/news\/wp-content\/uploads\/2014\/01\/Nicole-C\u00f3rdova-con-el-t\u00e9cnico-William-Garc\u00eda-600x400.jpg 600w, https:\/\/agpnoticias.com\/news\/wp-content\/uploads\/2014\/01\/Nicole-C\u00f3rdova-con-el-t\u00e9cnico-William-Garc\u00eda.jpg 640w\" sizes=\"(max-width: 200px) 100vw, 200px\" \/><\/a><figcaption id=\"caption-attachment-37789\" class=\"wp-caption-text\">Nicole C\u00f3rdova y el t\u00e9cnico William Garc\u00eda<\/figcaption><\/figure>\n<p>\u201cY para cerrar con broche de oro en el nivel 6, que es la categor\u00eda m\u00e1s peque\u00f1a de Olimpiada Nacional, Victoria Murillo se meti\u00f3 oro en barras, plata en piso y viga, bronce en salto y primero all around\u201d, inform\u00f3.<\/p>\n<p>Los resultados de sus tres dirigidas \u201cson un par\u00e1metro y nos dan una expectativa muy buena para la Olimpiada Nacional, donde vamos a competir para ganar, para eso nos preparamos, para ser los mejores\u201d, dijo.<\/p>\n<p>Pavel Oceguera destac\u00f3 el trabajo del grupo de t\u00e9cnicos de Baja Dynamo, integrado, entre otros, por Jos\u00e9 Alberto Orozco, F\u00e1tima Gamietea y William Garc\u00eda.<\/p>\n<p>&nbsp;<\/p>\n<p><b>Desaf\u00edo superado<\/b><\/p>\n<p>Cuando se enter\u00f3 del cambio de categor\u00eda a minutos de iniciar las actividades del Canc\u00fan Classic, Natalia Escalera sinti\u00f3 la presi\u00f3n de verse frente a frente con los prospectos de la gimnasia de los Estados Unidos.<\/p>\n<p>\u201cCasi suelto las l\u00e1grimas porque iba a competir con las Junior Olympics, que es el nivel m\u00e1s alto, pero, pues, me concentr\u00e9 y le di\u2026\u201d, coment\u00f3 la gimnasta.<\/p>\n<p>Controlada la presi\u00f3n \u201cgan\u00e9 salto, cuarto en piso y tercero all around gracias al trabajo duro\u201d.<\/p>\n<p>Ahora, \u201clas aspiraciones para la Olimpiada Nacional son ganar las seis medallas de oro\u201d.<\/p>\n<p>&nbsp;<\/p>\n<figure id=\"attachment_37791\" aria-describedby=\"caption-attachment-37791\" style=\"width: 449px\" class=\"wp-caption aligncenter\"><a href=\"http:\/\/agpnoticias.com\/news\/?attachment_id=37791\" rel=\"attachment wp-att-37791\"><img loading=\"lazy\" decoding=\"async\" class=\"size-large wp-image-37791\" alt=\"Natalia Escalera super\u00f3 el reto de enfrentar a gimnastas mayores\" src=\"http:\/\/agpnoticias.com\/news\/wp-content\/uploads\/2014\/01\/Natalia-Escalera-super\u00f3-el-reto-de-enfrentar-a-gimnastas-mayores-449x480.jpg\" width=\"449\" height=\"480\" \/><\/a><figcaption id=\"caption-attachment-37791\" class=\"wp-caption-text\">Natalia Escalera super\u00f3 el reto de enfrentar a gimnastas mayores<\/figcaption><\/figure>\n<p><b>Primera en manos libres<\/b><\/p>\n<p>Ninguna gimnasta super\u00f3 a Mariana Nicole C\u00f3rdova en la especialidad de piso durante el Canc\u00fan Classic Invitacional.<\/p>\n<p>\u201cGan\u00e9 oro en piso en Canc\u00fan con una rutina que trabajamos aqu\u00ed en Baja Dynamo\u201d, se\u00f1al\u00f3\u00a0 la gimnasta competidora en Clase 7.<\/p>\n<p>Para la Olimpiada Nacional 2014 su meta \u201ces ganar el primer lugar de mi categor\u00eda\u201d.<\/p>\n<figure id=\"attachment_37793\" aria-describedby=\"caption-attachment-37793\" style=\"width: 480px\" class=\"wp-caption aligncenter\"><a href=\"http:\/\/agpnoticias.com\/news\/?attachment_id=37793\" rel=\"attachment wp-att-37793\"><img loading=\"lazy\" decoding=\"async\" class=\"size-full wp-image-37793\" alt=\"Nicole C\u00f3rdova con su medalla de oro\" src=\"http:\/\/agpnoticias.com\/news\/wp-content\/uploads\/2014\/01\/Nicole-C\u00f3rdova.jpg\" width=\"480\" height=\"555\" srcset=\"https:\/\/agpnoticias.com\/news\/wp-content\/uploads\/2014\/01\/Nicole-C\u00f3rdova.jpg 480w, https:\/\/agpnoticias.com\/news\/wp-content\/uploads\/2014\/01\/Nicole-C\u00f3rdova-172x200.jpg 172w\" sizes=\"(max-width: 480px) 100vw, 480px\" \/><\/a><figcaption id=\"caption-attachment-37793\" class=\"wp-caption-text\">Nicole C\u00f3rdova con su medalla de oro<\/figcaption><\/figure>\n<p>&nbsp;<\/p>\n<p><b>La mejor<\/b><\/p>\n<p>Victoria Murillo Peralta se present\u00f3 en nivel 6 y su desempe\u00f1o la convirti\u00f3 en la m\u00e1xima ganadora de la categor\u00eda.<\/p>\n<p>\u201cMe fue muy bien en todo, m\u00e1s en barras donde gan\u00e9 un oro y tambi\u00e9n me llev\u00e9 dos platas y un bronce\u201d, dijo la integrante de la selecci\u00f3n de Baja California que buscar\u00e1 \u201cganar todos los aparatos y el all around en la Olimpiada Nacional\u201d.<\/p>\n<p>&nbsp;<\/p>\n<figure id=\"attachment_37794\" aria-describedby=\"caption-attachment-37794\" style=\"width: 480px\" class=\"wp-caption aligncenter\"><a href=\"http:\/\/agpnoticias.com\/news\/?attachment_id=37794\" rel=\"attachment wp-att-37794\"><img loading=\"lazy\" decoding=\"async\" class=\"size-full wp-image-37794\" alt=\"Victoria Murillo con su colecci\u00f3n de medallas\" src=\"http:\/\/agpnoticias.com\/news\/wp-content\/uploads\/2014\/01\/Victoria-Murillo-con-su-colecci\u00f3n-de-medallas.jpg\" width=\"480\" height=\"539\" srcset=\"https:\/\/agpnoticias.com\/news\/wp-content\/uploads\/2014\/01\/Victoria-Murillo-con-su-colecci\u00f3n-de-medallas.jpg 480w, https:\/\/agpnoticias.com\/news\/wp-content\/uploads\/2014\/01\/Victoria-Murillo-con-su-colecci\u00f3n-de-medallas-178x200.jpg 178w\" sizes=\"(max-width: 480px) 100vw, 480px\" \/><\/a><figcaption id=\"caption-attachment-37794\" class=\"wp-caption-text\">Victoria Murillo con su colecci\u00f3n de medallas<\/figcaption><\/figure>\n","protected":false},"excerpt":{"rendered":"<p>Ensenada, Baja California.- Entre las candidatas a destacar en la pr\u00f3xima Olimpiada Nacional hay que&#8230;<\/p>\n","protected":false},"author":1,"featured_media":37786,"comment_status":"closed","ping_status":"closed","sticky":false,"template":"","format":"standard","meta":{"footnotes":""},"categories":[7,46],"tags":[],"class_list":["post-37784","post","type-post","status-publish","format-standard","has-post-thumbnail","hentry","category-deportes","category-gimnasia"],"_links":{"self":[{"href":"https:\/\/agpnoticias.com\/news\/index.php?rest_route=\/wp\/v2\/posts\/37784","targetHints":{"allow":["GET"]}}],"collection":[{"href":"https:\/\/agpnoticias.com\/news\/index.php?rest_route=\/wp\/v2\/posts"}],"about":[{"href":"https:\/\/agpnoticias.com\/news\/index.php?rest_route=\/wp\/v2\/types\/post"}],"author":[{"embeddable":true,"href":"https:\/\/agpnoticias.com\/news\/index.php?rest_route=\/wp\/v2\/users\/1"}],"replies":[{"embeddable":true,"href":"https:\/\/agpnoticias.com\/news\/index.php?rest_route=%2Fwp%2Fv2%2Fcomments&post=37784"}],"version-history":[{"count":1,"href":"https:\/\/agpnoticias.com\/news\/index.php?rest_route=\/wp\/v2\/posts\/37784\/revisions"}],"predecessor-version":[{"id":37795,"href":"https:\/\/agpnoticias.com\/news\/index.php?rest_route=\/wp\/v2\/posts\/37784\/revisions\/37795"}],"wp:featuredmedia":[{"embeddable":true,"href":"https:\/\/agpnoticias.com\/news\/index.php?rest_route=\/wp\/v2\/media\/37786"}],"wp:attachment":[{"href":"https:\/\/agpnoticias.com\/news\/index.php?rest_route=%2Fwp%2Fv2%2Fmedia&parent=37784"}],"wp:term":[{"taxonomy":"category","embeddable":true,"href":"https:\/\/agpnoticias.com\/news\/index.php?rest_route=%2Fwp%2Fv2%2Fcategories&post=37784"},{"taxonomy":"post_tag","embeddable":true,"href":"https:\/\/agpnoticias.com\/news\/index.php?rest_route=%2Fwp%2Fv2%2Ftags&post=37784"}],"curies":[{"name":"wp","href":"https:\/\/api.w.org\/{rel}","templated":true}]}}