{"id":37796,"date":"2014-01-25T20:15:07","date_gmt":"2014-01-26T04:15:07","guid":{"rendered":"http:\/\/agpnoticias.com\/news\/?p=37796"},"modified":"2014-01-25T20:28:06","modified_gmt":"2014-01-26T04:28:06","slug":"revancha-consumada","status":"publish","type":"post","link":"https:\/\/agpnoticias.com\/news\/?p=37796","title":{"rendered":"Revancha consumada"},"content":{"rendered":"<figure id=\"attachment_37797\" aria-describedby=\"caption-attachment-37797\" style=\"width: 480px\" class=\"wp-caption aligncenter\"><a href=\"http:\/\/agpnoticias.com\/news\/?attachment_id=37797\" rel=\"attachment wp-att-37797\"><img fetchpriority=\"high\" decoding=\"async\" class=\"size-full wp-image-37797\" alt=\"Manuel &quot;Maza&quot; Mar\u00edn destac\u00f3 por el equipo local\" src=\"http:\/\/agpnoticias.com\/news\/wp-content\/uploads\/2014\/01\/Manuel-Maza-Mar\u00edn-destac\u00f3-por-el-equipo-local.jpg\" width=\"480\" height=\"544\" srcset=\"https:\/\/agpnoticias.com\/news\/wp-content\/uploads\/2014\/01\/Manuel-Maza-Mar\u00edn-destac\u00f3-por-el-equipo-local.jpg 480w, https:\/\/agpnoticias.com\/news\/wp-content\/uploads\/2014\/01\/Manuel-Maza-Mar\u00edn-destac\u00f3-por-el-equipo-local-176x200.jpg 176w\" sizes=\"(max-width: 480px) 100vw, 480px\" \/><\/a><figcaption id=\"caption-attachment-37797\" class=\"wp-caption-text\">Manuel \u00abMasa\u00bb Mar\u00edn destac\u00f3 por el equipo local<\/figcaption><\/figure>\n<p>Ensenada, Baja California.- Fue un encuentro de esos que quedan en la memoria de los espectadores.<\/p>\n<p>Ensenada y Mexicali empatados a 58-58 cumplido el tr\u00e1mite regular de juego.<\/p>\n<p>Luego de cinco minutos m\u00e1s de tiempo extra, otra vez igualados: 64-64.<\/p>\n<p>Hasta el segundo tiempo agregado, al fin, uno pudo sacar ventaja.<\/p>\n<p>Y Ensenada consum\u00f3 la venganza de la derrota sufrida en la final de la etapa estatal a Olimpiada Nacional del a\u00f1o pasado.<\/p>\n<p>La pizarra del gimnasio municipal \u00d3scar \u201cTigre\u201d Garc\u00eda mostr\u00f3 el 74-72 a favor de los locales, con 28 puntos anotados por Manuel \u00abMasa\u00bb Mar\u00edn y 22 de Humberto Guill\u00edn, quien convirti\u00f3 cuatro triples.<\/p>\n<p>\u201cConseguimos la revancha y necesit\u00e1bamos hacerlo para quedar campeones, ahora vendr\u00e1 Tijuana, un rival muy duro, pero hay talento para sacar esto adelante\u201d, indic\u00f3 Alejandro Ortiz.<\/p>\n<p>El entrenador de Ensenada sostuvo que \u201ceste juego era muy importante porque nos pone en la final\u201d.<\/p>\n<p>Las acciones que mantuvieron a la afici\u00f3n atenta \u201cfueron muy parecidas al juego del a\u00f1o pasado cuando le ganamos a Tijuana en tiempo extra, pero despu\u00e9s contra este mismo equipo, Mexicali, salimos en un mal d\u00eda y perdimos el estatal por tres puntos\u201d.<\/p>\n<p>El \u201cGallo\u201d Ortiz destac\u00f3 entre sus jugadores a \u201c(Manuel) \u00b4Masa\u00b4 Mar\u00edn como botador y un buen tirador como Humberto Guillin, adem\u00e1s de Andr\u00e9s Lugo en los rebotes, quien es un jugador important\u00edsimo a la hora de defender junto con Pedro Hern\u00e1ndez\u201d.<\/p>\n<p>Como responsable de dirigir esta categor\u00eda en la Olimpiada Nacional 2013, el entrenador subray\u00f3 \u201cel muy buen grupo de muchachos que hay en todos los municipios\u201d.<\/p>\n<p>\u201cEl a\u00f1o pasado los dirig\u00ed en la Olimpiada Nacional y no fuimos campeones, as\u00ed que hay que buscar esa revancha\u201d, apunt\u00f3.<\/p>\n<figure id=\"attachment_37801\" aria-describedby=\"caption-attachment-37801\" style=\"width: 534px\" class=\"wp-caption aligncenter\"><a href=\"http:\/\/agpnoticias.com\/news\/?attachment_id=37801\" rel=\"attachment wp-att-37801\"><img decoding=\"async\" class=\"size-full wp-image-37801\" alt=\"Ensenada se impuso a Mexicali\" src=\"http:\/\/agpnoticias.com\/news\/wp-content\/uploads\/2014\/01\/Ensenada-se-impuso-a-Mexicali.jpg\" width=\"534\" height=\"480\" srcset=\"https:\/\/agpnoticias.com\/news\/wp-content\/uploads\/2014\/01\/Ensenada-se-impuso-a-Mexicali.jpg 534w, https:\/\/agpnoticias.com\/news\/wp-content\/uploads\/2014\/01\/Ensenada-se-impuso-a-Mexicali-200x179.jpg 200w\" sizes=\"(max-width: 534px) 100vw, 534px\" \/><\/a><figcaption id=\"caption-attachment-37801\" class=\"wp-caption-text\">Ensenada se impuso a Mexicali<\/figcaption><\/figure>\n<p>&nbsp;<\/p>\n","protected":false},"excerpt":{"rendered":"<p>Ensenada, Baja California.- Fue un encuentro de esos que quedan en la memoria de los&#8230;<\/p>\n","protected":false},"author":1,"featured_media":37803,"comment_status":"closed","ping_status":"closed","sticky":false,"template":"","format":"standard","meta":{"footnotes":""},"categories":[35,73,7],"tags":[],"class_list":["post-37796","post","type-post","status-publish","format-standard","has-post-thumbnail","hentry","category-basquetbol","category-deportebajacalifornia","category-deportes"],"_links":{"self":[{"href":"https:\/\/agpnoticias.com\/news\/index.php?rest_route=\/wp\/v2\/posts\/37796","targetHints":{"allow":["GET"]}}],"collection":[{"href":"https:\/\/agpnoticias.com\/news\/index.php?rest_route=\/wp\/v2\/posts"}],"about":[{"href":"https:\/\/agpnoticias.com\/news\/index.php?rest_route=\/wp\/v2\/types\/post"}],"author":[{"embeddable":true,"href":"https:\/\/agpnoticias.com\/news\/index.php?rest_route=\/wp\/v2\/users\/1"}],"replies":[{"embeddable":true,"href":"https:\/\/agpnoticias.com\/news\/index.php?rest_route=%2Fwp%2Fv2%2Fcomments&post=37796"}],"version-history":[{"count":4,"href":"https:\/\/agpnoticias.com\/news\/index.php?rest_route=\/wp\/v2\/posts\/37796\/revisions"}],"predecessor-version":[{"id":37806,"href":"https:\/\/agpnoticias.com\/news\/index.php?rest_route=\/wp\/v2\/posts\/37796\/revisions\/37806"}],"wp:featuredmedia":[{"embeddable":true,"href":"https:\/\/agpnoticias.com\/news\/index.php?rest_route=\/wp\/v2\/media\/37803"}],"wp:attachment":[{"href":"https:\/\/agpnoticias.com\/news\/index.php?rest_route=%2Fwp%2Fv2%2Fmedia&parent=37796"}],"wp:term":[{"taxonomy":"category","embeddable":true,"href":"https:\/\/agpnoticias.com\/news\/index.php?rest_route=%2Fwp%2Fv2%2Fcategories&post=37796"},{"taxonomy":"post_tag","embeddable":true,"href":"https:\/\/agpnoticias.com\/news\/index.php?rest_route=%2Fwp%2Fv2%2Ftags&post=37796"}],"curies":[{"name":"wp","href":"https:\/\/api.w.org\/{rel}","templated":true}]}}