{"id":37807,"date":"2014-01-25T21:14:29","date_gmt":"2014-01-26T05:14:29","guid":{"rendered":"http:\/\/agpnoticias.com\/news\/?p=37807"},"modified":"2014-01-25T21:19:57","modified_gmt":"2014-01-26T05:19:57","slug":"inicio-prometedor","status":"publish","type":"post","link":"https:\/\/agpnoticias.com\/news\/?p=37807","title":{"rendered":"Inicio prometedor"},"content":{"rendered":"<figure id=\"attachment_37808\" aria-describedby=\"caption-attachment-37808\" style=\"width: 640px\" class=\"wp-caption alignright\"><a href=\"http:\/\/agpnoticias.com\/news\/?attachment_id=37808\" rel=\"attachment wp-att-37808\"><img fetchpriority=\"high\" decoding=\"async\" class=\"size-full wp-image-37808\" alt=\"Ensenada venci\u00f3 a Tijuana en la categor\u00eda Sub 15\" src=\"http:\/\/agpnoticias.com\/news\/wp-content\/uploads\/2014\/01\/Ensenada-venci\u00f3-a-Tijuana-en-la-categor\u00eda-Sub-15.jpg\" width=\"640\" height=\"427\" srcset=\"https:\/\/agpnoticias.com\/news\/wp-content\/uploads\/2014\/01\/Ensenada-venci\u00f3-a-Tijuana-en-la-categor\u00eda-Sub-15.jpg 640w, https:\/\/agpnoticias.com\/news\/wp-content\/uploads\/2014\/01\/Ensenada-venci\u00f3-a-Tijuana-en-la-categor\u00eda-Sub-15-200x133.jpg 200w, https:\/\/agpnoticias.com\/news\/wp-content\/uploads\/2014\/01\/Ensenada-venci\u00f3-a-Tijuana-en-la-categor\u00eda-Sub-15-600x400.jpg 600w\" sizes=\"(max-width: 640px) 100vw, 640px\" \/><\/a><figcaption id=\"caption-attachment-37808\" class=\"wp-caption-text\">Ensenada venci\u00f3 a Tijuana en la categor\u00eda Sub 15<\/figcaption><\/figure>\n<figure id=\"attachment_37809\" aria-describedby=\"caption-attachment-37809\" style=\"width: 148px\" class=\"wp-caption alignright\"><a href=\"http:\/\/agpnoticias.com\/news\/?attachment_id=37809\" rel=\"attachment wp-att-37809\"><img decoding=\"async\" class=\"size-thumbnail wp-image-37809\" alt=\"El domingo, Ensenada jugar\u00e1 contra Tecate y Mexicali\" src=\"http:\/\/agpnoticias.com\/news\/wp-content\/uploads\/2014\/01\/El-domingo-Ensenada-jugar\u00e1-contra-Tecate-y-Mexicali-148x200.jpg\" width=\"148\" height=\"200\" srcset=\"https:\/\/agpnoticias.com\/news\/wp-content\/uploads\/2014\/01\/El-domingo-Ensenada-jugar\u00e1-contra-Tecate-y-Mexicali-148x200.jpg 148w, https:\/\/agpnoticias.com\/news\/wp-content\/uploads\/2014\/01\/El-domingo-Ensenada-jugar\u00e1-contra-Tecate-y-Mexicali.jpg 475w\" sizes=\"(max-width: 148px) 100vw, 148px\" \/><\/a><figcaption id=\"caption-attachment-37809\" class=\"wp-caption-text\">El domingo, Ensenada jugar\u00e1 contra Tecate y Mexicali<\/figcaption><\/figure>\n<p>Ensenada, Baja California.- La selecci\u00f3n de Ensenada apunt\u00f3 hacia el t\u00edtulo de la categor\u00eda Sub 15 en el estatal a Olimpiada Nacional tras superar a Tijuana 60-49.<\/p>\n<p>Alexis Santana anot\u00f3 15 puntos, sumados a 13 de Luis Eduardo Mart\u00ednez y 11 de Carlos del Real, para la victoria que tendr\u00e1 que ser confirmada con un par de juegos este domingo frente a Tecate y Mexicali, a las 9:00 y 18:00 horas.<\/p>\n<p>\u201cLa selecci\u00f3n es integrada por 13 jugadores de 14 a\u00f1os y nos preparamos muy fuerte porque los dem\u00e1s equipos est\u00e1n duros y la categor\u00eda es muy re\u00f1ida\u201d, dijo Omar Cervera.<\/p>\n<p>El t\u00e9cnico explic\u00f3 que el proceso de preparaci\u00f3n const\u00f3 de \u201cdos meses y medio con 25 ni\u00f1os, hasta llegar a este grupo que quiere pelear por el primer lugar\u201d.<\/p>\n<p>\u201cEs un equipo aguerrido, fuerte y r\u00e1pido\u201d, describi\u00f3.<\/p>\n<figure id=\"attachment_37811\" aria-describedby=\"caption-attachment-37811\" style=\"width: 480px\" class=\"wp-caption aligncenter\"><a href=\"http:\/\/agpnoticias.com\/news\/?attachment_id=37811\" rel=\"attachment wp-att-37811\"><img decoding=\"async\" class=\"size-full wp-image-37811\" alt=\"La duela del gimnasio municipal fue sede del encuentro\" src=\"http:\/\/agpnoticias.com\/news\/wp-content\/uploads\/2014\/01\/La-duela-del-gimnasio-municipal-fue-sede-del-encuentro.jpg\" width=\"480\" height=\"533\" srcset=\"https:\/\/agpnoticias.com\/news\/wp-content\/uploads\/2014\/01\/La-duela-del-gimnasio-municipal-fue-sede-del-encuentro.jpg 480w, https:\/\/agpnoticias.com\/news\/wp-content\/uploads\/2014\/01\/La-duela-del-gimnasio-municipal-fue-sede-del-encuentro-180x200.jpg 180w\" sizes=\"(max-width: 480px) 100vw, 480px\" \/><\/a><figcaption id=\"caption-attachment-37811\" class=\"wp-caption-text\">La duela del gimnasio municipal fue sede del encuentro<\/figcaption><\/figure>\n","protected":false},"excerpt":{"rendered":"<p>Ensenada, Baja California.- La selecci\u00f3n de Ensenada apunt\u00f3 hacia el t\u00edtulo de la categor\u00eda Sub&#8230;<\/p>\n","protected":false},"author":1,"featured_media":37808,"comment_status":"closed","ping_status":"closed","sticky":false,"template":"","format":"standard","meta":{"footnotes":""},"categories":[35,73,7],"tags":[],"class_list":["post-37807","post","type-post","status-publish","format-standard","has-post-thumbnail","hentry","category-basquetbol","category-deportebajacalifornia","category-deportes"],"_links":{"self":[{"href":"https:\/\/agpnoticias.com\/news\/index.php?rest_route=\/wp\/v2\/posts\/37807","targetHints":{"allow":["GET"]}}],"collection":[{"href":"https:\/\/agpnoticias.com\/news\/index.php?rest_route=\/wp\/v2\/posts"}],"about":[{"href":"https:\/\/agpnoticias.com\/news\/index.php?rest_route=\/wp\/v2\/types\/post"}],"author":[{"embeddable":true,"href":"https:\/\/agpnoticias.com\/news\/index.php?rest_route=\/wp\/v2\/users\/1"}],"replies":[{"embeddable":true,"href":"https:\/\/agpnoticias.com\/news\/index.php?rest_route=%2Fwp%2Fv2%2Fcomments&post=37807"}],"version-history":[{"count":4,"href":"https:\/\/agpnoticias.com\/news\/index.php?rest_route=\/wp\/v2\/posts\/37807\/revisions"}],"predecessor-version":[{"id":37814,"href":"https:\/\/agpnoticias.com\/news\/index.php?rest_route=\/wp\/v2\/posts\/37807\/revisions\/37814"}],"wp:featuredmedia":[{"embeddable":true,"href":"https:\/\/agpnoticias.com\/news\/index.php?rest_route=\/wp\/v2\/media\/37808"}],"wp:attachment":[{"href":"https:\/\/agpnoticias.com\/news\/index.php?rest_route=%2Fwp%2Fv2%2Fmedia&parent=37807"}],"wp:term":[{"taxonomy":"category","embeddable":true,"href":"https:\/\/agpnoticias.com\/news\/index.php?rest_route=%2Fwp%2Fv2%2Fcategories&post=37807"},{"taxonomy":"post_tag","embeddable":true,"href":"https:\/\/agpnoticias.com\/news\/index.php?rest_route=%2Fwp%2Fv2%2Ftags&post=37807"}],"curies":[{"name":"wp","href":"https:\/\/api.w.org\/{rel}","templated":true}]}}