{"id":37823,"date":"2014-01-26T11:12:11","date_gmt":"2014-01-26T19:12:11","guid":{"rendered":"http:\/\/agpnoticias.com\/news\/?p=37823"},"modified":"2014-01-26T11:12:11","modified_gmt":"2014-01-26T19:12:11","slug":"completos-esperan-a-los-pescadores","status":"publish","type":"post","link":"https:\/\/agpnoticias.com\/news\/?p=37823","title":{"rendered":"Completos, esperan a los Pescadores"},"content":{"rendered":"<figure id=\"attachment_37824\" aria-describedby=\"caption-attachment-37824\" style=\"width: 320px\" class=\"wp-caption alignright\"><a href=\"http:\/\/agpnoticias.com\/news\/?attachment_id=37824\" rel=\"attachment wp-att-37824\"><img fetchpriority=\"high\" decoding=\"async\" class=\"size-medium wp-image-37824\" alt=\"La directiva de Diablos public\u00f3 la lista de jugadores que buscar\u00e1n la clasificaci\u00f3n durante la segunda vuelta\" src=\"http:\/\/agpnoticias.com\/news\/wp-content\/uploads\/2014\/01\/La-directiva-de-Diablos-public\u00f3-la-lista-de-jugadores-que-buscar\u00e1n-la-clasificaci\u00f3n-durante-la-segunda-vuelta-320x240.jpg\" width=\"320\" height=\"240\" \/><\/a><figcaption id=\"caption-attachment-37824\" class=\"wp-caption-text\">La directiva de Diablos public\u00f3 la lista de jugadores que buscar\u00e1n la clasificaci\u00f3n durante la segunda vuelta<\/figcaption><\/figure>\n<p>Ensenada, Baja California.- Los Diablos de Ensenada ya hicieron los ajustes necesarios para enfrentar la segunda vuelta del Torneo de la Tercera Divisi\u00f3n Profesional.<\/p>\n<p>Bardo Ochoa, vicepresidente del equipo que finaliz\u00f3 la primera vuelta en la cuarta posici\u00f3n del Grupo XIII, present\u00f3 el listado de elementos que estar\u00e1n a disposici\u00f3n del t\u00e9cnico Carlos Ram\u00f3n Figueroa para medirse a los Pescadores de Ensenada el 8 de febrero.<\/p>\n<p>En la lista destacan nombres de jugadores art\u00edfices del repunte de los Diablos durante la primera vuelta, entre ellos el arquero Francisco Pareja, los mediocampistas Luis S\u00e1nchez, Riguian Castro y Jaime L\u00f3pez, los zagueros Zacar\u00edas Casta\u00f1eda y Jos\u00e9 L\u00f3pez, as\u00ed como el ofensivo Brandon Escoto.<\/p>\n<p>Las bajas presentadas para la segunda vuelta se dieron en base al informe del cuerpo t\u00e9cnico y los elementos considerados tuvieron que dejar al equipo para dar cabida a refuerzos como el mediocampista llegado de Jaguares de Chiapas Sub 15, Manuel D\u00edaz.<\/p>\n<p>Tambi\u00e9n se ha sumado Gabriel Huerta, en espera de su baja de Chivas Sub 15, as\u00ed como el ex integrante de Indios Cucap\u00e1, Lorenzo Ram\u00edrez.<\/p>\n<p>De la misma instituci\u00f3n de Diablos han sido llamados al primer equipo Pedro Gonz\u00e1lez, Esteban Arzate y Juli\u00e1n Castillo.<\/p>\n<p>Gildardo Castro y Marco Antonio Matos, ambos nacidos en 1999, tambi\u00e9n trabajar\u00e1n con el primer equipo.<\/p>\n<p>Los Diablos perdieron en su debut durante la primera vuelta con los mismos Pescadores y buscar\u00e1n venganza el s\u00e1bado 8 de febrero en el campo Nueva Ensenada.<\/p>\n<p>&nbsp;<\/p>\n<p><b>Diablos de Ensenada<\/b><\/p>\n<p>Francisco Pareja Mart\u00ednez<\/p>\n<p>Alexis Mu\u00f1oz Villegas<\/p>\n<p>Jos\u00e9 Gilberto L\u00f3pez Acosta<\/p>\n<p>Ricardo Arellano Nolasco<\/p>\n<p>Riguian Castro Galindo<\/p>\n<p>Alan S\u00e1nchez Canseco<\/p>\n<p>Luis S\u00e1nchez Soto<\/p>\n<p>Tom\u00e1s Cort\u00e9s Castellanos<\/p>\n<p>Zacar\u00edas Casta\u00f1eda V\u00e1zquez<\/p>\n<p>Brandon Escoto Moreno<\/p>\n<p>Jaime L\u00f3pez Urias<\/p>\n<p>Christian Carmona L\u00f3pez<\/p>\n<p>Omar Adonai Arellano Cabrera<\/p>\n<p>Blass Trujillo Sarmiento<\/p>\n<p>Gabriel Jim\u00e9nez Arellanes<\/p>\n<p>Edwin Aguilar Salvador<\/p>\n<p>Gerardo Jurado Far\u00edas<\/p>\n<p>Alejandro Garc\u00eda Bernal<\/p>\n<p>Lorenzo Ram\u00edrez Flores<\/p>\n<p>Manuel D\u00edaz Meza<\/p>\n<p>Gabriel Huerta Ram\u00edrez<\/p>\n<p>Pedro Gonz\u00e1lez Nieto<\/p>\n<p>Esteban Alonzo Arzate<\/p>\n<p>Juli\u00e1n Castillo Soberanes<\/p>\n<p><b>\u00a0<\/b><\/p>\n<p><b>Cuerpo T\u00e9cnico<\/b><\/p>\n<p><b>Director T\u00e9cnico: <\/b>Carlos Ram\u00f3n Figueroa<\/p>\n<p><b>Auxiliar T\u00e9cnico: <\/b>Francisco N\u00fa\u00f1ez<\/p>\n<p><b>Preparador F\u00edsico: <\/b>Esteban Hern\u00e1ndez Armas<\/p>\n<p><b>Utilero:<\/b> Carlos Ram\u00f3n \u00abRampa\u00bb Romero<\/p>\n","protected":false},"excerpt":{"rendered":"<p>Ensenada, Baja California.- Los Diablos de Ensenada ya hicieron los ajustes necesarios para enfrentar la&#8230;<\/p>\n","protected":false},"author":1,"featured_media":37824,"comment_status":"closed","ping_status":"closed","sticky":false,"template":"","format":"standard","meta":{"footnotes":""},"categories":[7,32],"tags":[],"class_list":["post-37823","post","type-post","status-publish","format-standard","has-post-thumbnail","hentry","category-deportes","category-soccer"],"_links":{"self":[{"href":"https:\/\/agpnoticias.com\/news\/index.php?rest_route=\/wp\/v2\/posts\/37823","targetHints":{"allow":["GET"]}}],"collection":[{"href":"https:\/\/agpnoticias.com\/news\/index.php?rest_route=\/wp\/v2\/posts"}],"about":[{"href":"https:\/\/agpnoticias.com\/news\/index.php?rest_route=\/wp\/v2\/types\/post"}],"author":[{"embeddable":true,"href":"https:\/\/agpnoticias.com\/news\/index.php?rest_route=\/wp\/v2\/users\/1"}],"replies":[{"embeddable":true,"href":"https:\/\/agpnoticias.com\/news\/index.php?rest_route=%2Fwp%2Fv2%2Fcomments&post=37823"}],"version-history":[{"count":1,"href":"https:\/\/agpnoticias.com\/news\/index.php?rest_route=\/wp\/v2\/posts\/37823\/revisions"}],"predecessor-version":[{"id":37825,"href":"https:\/\/agpnoticias.com\/news\/index.php?rest_route=\/wp\/v2\/posts\/37823\/revisions\/37825"}],"wp:featuredmedia":[{"embeddable":true,"href":"https:\/\/agpnoticias.com\/news\/index.php?rest_route=\/wp\/v2\/media\/37824"}],"wp:attachment":[{"href":"https:\/\/agpnoticias.com\/news\/index.php?rest_route=%2Fwp%2Fv2%2Fmedia&parent=37823"}],"wp:term":[{"taxonomy":"category","embeddable":true,"href":"https:\/\/agpnoticias.com\/news\/index.php?rest_route=%2Fwp%2Fv2%2Fcategories&post=37823"},{"taxonomy":"post_tag","embeddable":true,"href":"https:\/\/agpnoticias.com\/news\/index.php?rest_route=%2Fwp%2Fv2%2Ftags&post=37823"}],"curies":[{"name":"wp","href":"https:\/\/api.w.org\/{rel}","templated":true}]}}