{"id":37834,"date":"2014-01-26T21:47:45","date_gmt":"2014-01-27T05:47:45","guid":{"rendered":"http:\/\/agpnoticias.com\/news\/?p=37834"},"modified":"2014-01-26T21:47:45","modified_gmt":"2014-01-27T05:47:45","slug":"en-memoria-de-brenda","status":"publish","type":"post","link":"https:\/\/agpnoticias.com\/news\/?p=37834","title":{"rendered":"En memoria de Brenda"},"content":{"rendered":"<figure id=\"attachment_37835\" aria-describedby=\"caption-attachment-37835\" style=\"width: 640px\" class=\"wp-caption aligncenter\"><a href=\"http:\/\/agpnoticias.com\/news\/?attachment_id=37835\" rel=\"attachment wp-att-37835\"><img fetchpriority=\"high\" decoding=\"async\" class=\"size-full wp-image-37835\" alt=\"Los corredores locales recordaron a quien los acompa\u00f1\u00f3 durante las fechas atl\u00e9ticas celebradas en Ensenada\" src=\"http:\/\/agpnoticias.com\/news\/wp-content\/uploads\/2014\/01\/Los-corredores-locales-recordaron-a-quien-los-acompa\u00f1\u00f3-durante-las-fechas-atl\u00e9ticas-celebradas-en-Ensenada.jpg\" width=\"640\" height=\"427\" srcset=\"https:\/\/agpnoticias.com\/news\/wp-content\/uploads\/2014\/01\/Los-corredores-locales-recordaron-a-quien-los-acompa\u00f1\u00f3-durante-las-fechas-atl\u00e9ticas-celebradas-en-Ensenada.jpg 640w, https:\/\/agpnoticias.com\/news\/wp-content\/uploads\/2014\/01\/Los-corredores-locales-recordaron-a-quien-los-acompa\u00f1\u00f3-durante-las-fechas-atl\u00e9ticas-celebradas-en-Ensenada-200x133.jpg 200w, https:\/\/agpnoticias.com\/news\/wp-content\/uploads\/2014\/01\/Los-corredores-locales-recordaron-a-quien-los-acompa\u00f1\u00f3-durante-las-fechas-atl\u00e9ticas-celebradas-en-Ensenada-600x400.jpg 600w\" sizes=\"(max-width: 640px) 100vw, 640px\" \/><\/a><figcaption id=\"caption-attachment-37835\" class=\"wp-caption-text\">Los corredores locales recordaron a quien los acompa\u00f1\u00f3 durante las fechas atl\u00e9ticas celebradas en Ensenada<\/figcaption><\/figure>\n<p>Ensenada, Baja California.- Brenda Rocha ten\u00eda 25 a\u00f1os, no faltaba a una sola carrera atl\u00e9tica y acud\u00eda de manera peri\u00f3dica a supervisar su salud.<\/p>\n<p>Con ese antecedente, el infarto que acab\u00f3 con su vida impact\u00f3 no s\u00f3lo a su familia sino a toda la comunidad atl\u00e9tica de Ensenada, cuyos integrantes se unieron este domingo para recordarla a un a\u00f1o de su fallecimiento.<\/p>\n<figure id=\"attachment_37836\" aria-describedby=\"caption-attachment-37836\" style=\"width: 320px\" class=\"wp-caption alignright\"><a href=\"http:\/\/agpnoticias.com\/news\/?attachment_id=37836\" rel=\"attachment wp-att-37836\"><img decoding=\"async\" class=\"size-medium wp-image-37836\" alt=\"La familia de Brenda Rocha organiz\u00f3 el evento conmemorativo a su memoria\" src=\"http:\/\/agpnoticias.com\/news\/wp-content\/uploads\/2014\/01\/La-familia-de-Brenda-Rocha-organiz\u00f3-el-evento-conmemorativo-a-su-memoria-320x240.jpg\" width=\"320\" height=\"240\" \/><\/a><figcaption id=\"caption-attachment-37836\" class=\"wp-caption-text\">La familia de Brenda Rocha organiz\u00f3 el evento conmemorativo a su memoria<\/figcaption><\/figure>\n<p>\u201cEl motivo fue rendir honor a mi hija, ella fue una gran deportista, le encantaban las carreras y por eso decidimos organizar el evento\u201d, inform\u00f3 Norberto Rocha Nolasco.<\/p>\n<p>El padre de Brenda relat\u00f3 que \u201cella empez\u00f3 muy peque\u00f1a en el atletismo, desde los ocho a\u00f1os en la carrera Corre Ni\u00f1o Corre, y de ah\u00ed agarr\u00f3 el oficio\u201d.<\/p>\n<p>\u201cDespu\u00e9s fue a la universidad y represent\u00f3 a Ensenada a nivel estado\u201d, agreg\u00f3 Modesta, su madre, quien agradeci\u00f3 la respuesta de los corredores locales.<\/p>\n<p>Para la familia y su c\u00edrculo m\u00e1s cercano, \u201cera muy dif\u00edcil tomar la decisi\u00f3n (de realizar el evento) por lo duro que ha sido lo que hemos pasado, pero como ella se la viv\u00eda en el deporte, los mismos compa\u00f1eros nos insistieron\u201d.<\/p>\n<p>Brenda Rocha laboraba en una instituci\u00f3n bancaria, donde, en plena jornada laboral, sufri\u00f3 el ataque al coraz\u00f3n del que ya no pudo recuperarse.<\/p>\n<p>\u201cYo quiero aconsejar a los atletas que nunca dejen de hacer deporte ni descuiden su salud, que est\u00e9n al pendiente con doctores y especialistas porque \u00faltimamente se han presentado muchas muertes de j\u00f3venes por infarto\u201d, indic\u00f3.<\/p>\n<p>En el caso de su hija, \u201cnunca supimos porqu\u00e9 sufri\u00f3 el infarto, ya que nunca padeci\u00f3 alta presi\u00f3n y jam\u00e1s se le descubri\u00f3 nada; tal vez hubo alg\u00fan estudio que hizo falta, porque siempre vio a los mejores especialistas y no se le detect\u00f3 nada\u201d.<\/p>\n<p>Brenda era la segunda de tres hijos del matrimonio entre Norberto y Modesta, hermana menor de Norberto y mayor que Juan Armando.<\/p>\n<p>&nbsp;<\/p>\n<figure id=\"attachment_37837\" aria-describedby=\"caption-attachment-37837\" style=\"width: 480px\" class=\"wp-caption aligncenter\"><a href=\"http:\/\/agpnoticias.com\/news\/?attachment_id=37837\" rel=\"attachment wp-att-37837\"><img decoding=\"async\" class=\"size-full wp-image-37837\" alt=\"Alan Marr\u00f3n gan\u00f3 la carrera de cinco kil\u00f3metros\" src=\"http:\/\/agpnoticias.com\/news\/wp-content\/uploads\/2014\/01\/Alan-Marr\u00f3n-gan\u00f3-la-carrera-de-cinco-kil\u00f3metros.jpg\" width=\"480\" height=\"620\" srcset=\"https:\/\/agpnoticias.com\/news\/wp-content\/uploads\/2014\/01\/Alan-Marr\u00f3n-gan\u00f3-la-carrera-de-cinco-kil\u00f3metros.jpg 480w, https:\/\/agpnoticias.com\/news\/wp-content\/uploads\/2014\/01\/Alan-Marr\u00f3n-gan\u00f3-la-carrera-de-cinco-kil\u00f3metros-154x200.jpg 154w\" sizes=\"(max-width: 480px) 100vw, 480px\" \/><\/a><figcaption id=\"caption-attachment-37837\" class=\"wp-caption-text\">Alan Marr\u00f3n gan\u00f3 la carrera de cinco kil\u00f3metros<\/figcaption><\/figure>\n<p><b>Gana Alan<\/b><\/p>\n<p>La carrera de cinco kil\u00f3metros que tuvo como sede Playa Hermosa fue ganada por Alan Marr\u00f3n (19:36), seguido por Diego Guzm\u00e1n y Mario Reyes.<\/p>\n<p>En la rama femenil, la primera en arribar, entre los cerca de 500 corredores, fue Nancy Crisanto (24:48).<\/p>\n<figure id=\"attachment_37839\" aria-describedby=\"caption-attachment-37839\" style=\"width: 427px\" class=\"wp-caption aligncenter\"><a href=\"http:\/\/agpnoticias.com\/news\/?attachment_id=37839\" rel=\"attachment wp-att-37839\"><img loading=\"lazy\" decoding=\"async\" class=\"size-full wp-image-37839\" alt=\"Nancy Crisanto fue l\u00edder en la rama femenil\" src=\"http:\/\/agpnoticias.com\/news\/wp-content\/uploads\/2014\/01\/Nancy-Crisanto-fue-l\u00edder-en-la-rama-femenil.jpg\" width=\"427\" height=\"640\" srcset=\"https:\/\/agpnoticias.com\/news\/wp-content\/uploads\/2014\/01\/Nancy-Crisanto-fue-l\u00edder-en-la-rama-femenil.jpg 427w, https:\/\/agpnoticias.com\/news\/wp-content\/uploads\/2014\/01\/Nancy-Crisanto-fue-l\u00edder-en-la-rama-femenil-133x200.jpg 133w\" sizes=\"(max-width: 427px) 100vw, 427px\" \/><\/a><figcaption id=\"caption-attachment-37839\" class=\"wp-caption-text\">Nancy Crisanto fue l\u00edder en la rama femenil<\/figcaption><\/figure>\n","protected":false},"excerpt":{"rendered":"<p>Ensenada, Baja California.- Brenda Rocha ten\u00eda 25 a\u00f1os, no faltaba a una sola carrera atl\u00e9tica&#8230;<\/p>\n","protected":false},"author":1,"featured_media":37835,"comment_status":"closed","ping_status":"closed","sticky":false,"template":"","format":"standard","meta":{"footnotes":""},"categories":[31,7],"tags":[],"class_list":["post-37834","post","type-post","status-publish","format-standard","has-post-thumbnail","hentry","category-atletismo","category-deportes"],"_links":{"self":[{"href":"https:\/\/agpnoticias.com\/news\/index.php?rest_route=\/wp\/v2\/posts\/37834","targetHints":{"allow":["GET"]}}],"collection":[{"href":"https:\/\/agpnoticias.com\/news\/index.php?rest_route=\/wp\/v2\/posts"}],"about":[{"href":"https:\/\/agpnoticias.com\/news\/index.php?rest_route=\/wp\/v2\/types\/post"}],"author":[{"embeddable":true,"href":"https:\/\/agpnoticias.com\/news\/index.php?rest_route=\/wp\/v2\/users\/1"}],"replies":[{"embeddable":true,"href":"https:\/\/agpnoticias.com\/news\/index.php?rest_route=%2Fwp%2Fv2%2Fcomments&post=37834"}],"version-history":[{"count":1,"href":"https:\/\/agpnoticias.com\/news\/index.php?rest_route=\/wp\/v2\/posts\/37834\/revisions"}],"predecessor-version":[{"id":37840,"href":"https:\/\/agpnoticias.com\/news\/index.php?rest_route=\/wp\/v2\/posts\/37834\/revisions\/37840"}],"wp:featuredmedia":[{"embeddable":true,"href":"https:\/\/agpnoticias.com\/news\/index.php?rest_route=\/wp\/v2\/media\/37835"}],"wp:attachment":[{"href":"https:\/\/agpnoticias.com\/news\/index.php?rest_route=%2Fwp%2Fv2%2Fmedia&parent=37834"}],"wp:term":[{"taxonomy":"category","embeddable":true,"href":"https:\/\/agpnoticias.com\/news\/index.php?rest_route=%2Fwp%2Fv2%2Fcategories&post=37834"},{"taxonomy":"post_tag","embeddable":true,"href":"https:\/\/agpnoticias.com\/news\/index.php?rest_route=%2Fwp%2Fv2%2Ftags&post=37834"}],"curies":[{"name":"wp","href":"https:\/\/api.w.org\/{rel}","templated":true}]}}