{"id":37869,"date":"2014-01-27T17:39:46","date_gmt":"2014-01-28T01:39:46","guid":{"rendered":"http:\/\/agpnoticias.com\/news\/?p=37869"},"modified":"2014-01-27T17:39:46","modified_gmt":"2014-01-28T01:39:46","slug":"simple-realidad-arraso-ensenada","status":"publish","type":"post","link":"https:\/\/agpnoticias.com\/news\/?p=37869","title":{"rendered":"Simple realidad: Arras\u00f3 Ensenada"},"content":{"rendered":"<figure id=\"attachment_37871\" aria-describedby=\"caption-attachment-37871\" style=\"width: 640px\" class=\"wp-caption aligncenter\"><a href=\"http:\/\/agpnoticias.com\/news\/?attachment_id=37871\" rel=\"attachment wp-att-37871\"><img fetchpriority=\"high\" decoding=\"async\" class=\"size-full wp-image-37871\" alt=\"Los Judokas dirigidos por Jos\u00e9 Guadalupe Salgado dominaron la eliminatoria estatal\" src=\"http:\/\/agpnoticias.com\/news\/wp-content\/uploads\/2014\/01\/Los-Judokas-dirigidos-por-Jos\u00e9-Guadalupe-Salgado-dominaron-la-eliminatoria-estatal.jpg\" width=\"640\" height=\"357\" srcset=\"https:\/\/agpnoticias.com\/news\/wp-content\/uploads\/2014\/01\/Los-Judokas-dirigidos-por-Jos\u00e9-Guadalupe-Salgado-dominaron-la-eliminatoria-estatal.jpg 640w, https:\/\/agpnoticias.com\/news\/wp-content\/uploads\/2014\/01\/Los-Judokas-dirigidos-por-Jos\u00e9-Guadalupe-Salgado-dominaron-la-eliminatoria-estatal-200x111.jpg 200w, https:\/\/agpnoticias.com\/news\/wp-content\/uploads\/2014\/01\/Los-Judokas-dirigidos-por-Jos\u00e9-Guadalupe-Salgado-dominaron-la-eliminatoria-estatal-600x334.jpg 600w\" sizes=\"(max-width: 640px) 100vw, 640px\" \/><\/a><figcaption id=\"caption-attachment-37871\" class=\"wp-caption-text\">Los Judokas dirigidos por Jos\u00e9 Guadalupe Salgado dominaron la eliminatoria estatal<\/figcaption><\/figure>\n<p>Ensenada, Baja California.- Para Jos\u00e9 Guadalupe Salgado los lideratos conseguidos en ambas ramas dentro de la eliminatoria estatal a Olimpiada Nacional no son sorpresa, s\u00f3lo una realidad.<\/p>\n<p>El fin de semana en el Gimnasio de Usos M\u00faltiples del Centro de Alto Rendimiento de Tijuana, los Judokas ensenadenses ganaron la rama femenil con ocho oros y dos platas, mientras que entre los varoniles se registraron 11 oros, siete platas y seis bronces.<\/p>\n<figure id=\"attachment_37870\" aria-describedby=\"caption-attachment-37870\" style=\"width: 320px\" class=\"wp-caption alignright\"><a href=\"http:\/\/agpnoticias.com\/news\/?attachment_id=37870\" rel=\"attachment wp-att-37870\"><img decoding=\"async\" class=\"size-medium wp-image-37870\" alt=\"Ensenada domin\u00f3 las dos ramas en el estatal de Judo\" src=\"http:\/\/agpnoticias.com\/news\/wp-content\/uploads\/2014\/01\/Ensenada-domin\u00f3-las-dos-ramas-en-el-estatal-de-Judo-320x240.jpg\" width=\"320\" height=\"240\" \/><\/a><figcaption id=\"caption-attachment-37870\" class=\"wp-caption-text\">Ensenada domin\u00f3 las dos ramas en el estatal de Judo<\/figcaption><\/figure>\n<p>\u201cYa hace algunos a\u00f1os que Ensenada es la punta de lanza del Judo de Baja California y lo digo con orgullo porque ha sido una labor bien bonita a lo largo de los a\u00f1os por parte de los padres de familia\u201d, indic\u00f3 el t\u00e9cnico.<\/p>\n<p>Actualmente, \u201cEnsenada est\u00e1 cargando el Judo estatal, tenemos buenos equipos en Tijuana y Mexicali, pero siempre somos quienes estamos ah\u00ed\u201d.<\/p>\n<p>\u201cTenemos gente solidificada como Jeanette Gonz\u00e1lez Calder\u00f3n, multi medallista de Olimpiada Nacional con varios oros y ella es uno de nuestros pron\u00f3sticos para repetir\u201d, refiri\u00f3.<\/p>\n<p>Tambi\u00e9n est\u00e1 \u201cmi hijo Jos\u00e9 Fernando, oro en la pasada Olimpiada Nacional, as\u00ed que ser\u00e1 el tipo a vencer en 2014 dentro de la categor\u00eda Elite, 66 kilogramos, donde apenas se present\u00f3 el a\u00f1o pasado\u201d.<\/p>\n<p>\u201cHay una constelaci\u00f3n de estrellas entre los ni\u00f1itos, Mar\u00eda del Carmen Canales, Oscar Lemus, Alberto Corona, el hermano de Jeanette, Juan Gonz\u00e1lez Calder\u00f3n\u2026 un grupo fuerte que me tiene muy entusiasmado\u201d, apunt\u00f3.<\/p>\n<p>La captaci\u00f3n de talentos \u201cnosotros mismos la hacemos\u201d en escuela del municipio, as\u00ed como mediante el programa de detecci\u00f3n a cargo del Instituto del Deporte de Baja California (INDE), \u201caunque en menor escala\u201d.<\/p>\n<p>\u201cPara se Judoka hay que tener chispa, voluntad, compromiso de los padres, y de lo dem\u00e1s nos encargamos nosotros\u201d, dijo.<\/p>\n<p>&nbsp;<\/p>\n<p>Resultados generales, rama femenil:<\/p>\n<p>Infantiles, 31 kilos<\/p>\n<p>1.- Ensenada, Ir\u00e1n Mancilla<\/p>\n<p>2.- Tijuana, Giana Victoria Adame<\/p>\n<p>3.- Mexicali, Am\u00e9rica Gallardo.<\/p>\n<p>34 kilos, infantil<\/p>\n<p>1.- Tijuana, Sof\u00eda Torres.<\/p>\n<p>2.- Tijuana, Cristina Medina<\/p>\n<p>3.- Tijuana, Marifer P\u00e9rez<\/p>\n<p>36 kgs., juvenil menor<\/p>\n<p>1.- Tijuana, Valeria Torres.<\/p>\n<p>2.- Ensenada, Tania Corona<\/p>\n<p>3.- Ensenada, Kassandra Espinoza<\/p>\n<p>47 kilos infantil<\/p>\n<p>1.- Ensenada, Tezza Facundo<\/p>\n<p>2.- Tijuana, Galilea Fabi\u00e1n<\/p>\n<p>3.- Tijuana, Matilda Serrano<\/p>\n<p>Categor\u00eda Elite 52 kilos<\/p>\n<p>1.- Tijuana, Jennifer Cruz<\/p>\n<p>2.- Mexicali, Janeth Cano<\/p>\n<p>M\u00e1s de 52 kilos infantil<\/p>\n<p>1.- Tijuana, Fernanda Escobar<\/p>\n<p>2.- Ensenada, Natalia Flores.<\/p>\n<p>52 kilos, infantil<\/p>\n<p>1.- Ensenada, Alexia Rodr\u00edguez<\/p>\n<p>2.- Mexicali, Sof\u00eda Salazar<\/p>\n<p>Categor\u00eda 63 kilos, juvenil mayor intermedio<\/p>\n<p>1.- Tijuana, Luc\u00eda Jim\u00e9nez<\/p>\n<p>2.- Ensenada, Dafne Sarabia<\/p>\n<p>En m\u00e1s de 70 kilos, juvenil mayor<\/p>\n<p>1.- Tijuana, Karina Moreno<\/p>\n<p>2.- Tijuana, Natalia Estrada<\/p>\n<p>M\u00e1s de 64 kilos, juvenil menor<\/p>\n<p>1.- Ensenada, Jazm\u00edn Barahona<\/p>\n<p>2.- Tijuana, Leslie Valadez<\/p>\n<p>53 kilos juvenil menor<\/p>\n<p>1.- Ensenada, Damaris L\u00f3pez.<\/p>\n<p>2.- Tijuana, Damaris R\u00edos.<\/p>\n<p>En la juvenil menor, 58 kilos<\/p>\n<p>1.- Ensenada, Dafne L\u00f3pez<\/p>\n<p>2.- Ensenada, Ximena Carrillo.<\/p>\n<p>En 44 kilos juvenil menor<\/p>\n<p>1.- Ensenada, Cristina Ojeda<\/p>\n<p>2.- Ensenada, Abigail Bustos<\/p>\n<p>&nbsp;<\/p>\n<p>Resultados en la rama varonil<\/p>\n<p>28 kilos, infantil<\/p>\n<p>1.- Ensenada, Christopher Vergara Sandoval<\/p>\n<p>2.- Ensenada, Yahir P\u00e9rez<\/p>\n<p>3.- Tijuana, Luis Felipe Torres<\/p>\n<p>31 kilos, infantil<\/p>\n<p>1.- Ensenada, Juan Manuel Aguilar<\/p>\n<p>2.- Ensenada, Andrick Espinoza.<\/p>\n<p>Categor\u00eda 34 kilos, infantil<\/p>\n<p>1.- Ensenada, Jos\u00e9 Eduardo N\u00fa\u00f1ez<\/p>\n<p>2.- Ensenada, Paul Gabriel D\u00edaz<\/p>\n<p>38 kilos, infantil<\/p>\n<p>1.- Tijuana, Lery Luis Mercado<\/p>\n<p>2.- Tijuana, Sa\u00fal Igareda Robles<\/p>\n<p>3.- Ensenada, David Enrique Rend\u00f3n<\/p>\n<p>Categor\u00eda infantil, 42 kilogramos<\/p>\n<p>1.- Ensenada, Andr\u00e9s Rodr\u00edguez.<\/p>\n<p>2.- Ensenada, Luis Ojeda Contreras.<\/p>\n<p>47 kilos, infantil<\/p>\n<p>1.- Ensenada, Miguel Inzunza<\/p>\n<p>2.- Tijuana, Angel Garc\u00eda Torres<\/p>\n<p>Juvenil menor, 36 kilos<\/p>\n<p>1.- Ensenada, Ram\u00f3n Hern\u00e1ndez<\/p>\n<p>2.- Mexicali, Ricardo Dom\u00ednguez<\/p>\n<p>3.- Ensenada, edgar Garc\u00eda<\/p>\n<p>40 kilos, juvenil menor<\/p>\n<p>1.- Tijuana, Bryan Cabrera<\/p>\n<p>2.- Sebasti\u00e1n Uribe<\/p>\n<p>3.- Tijuana, Kenji Hojyo<\/p>\n<p>44 kilos, juvenil menor<\/p>\n<p>1.- Ensenada, Alberto Corona<\/p>\n<p>2.- Mexicali, Gerardo Molina<\/p>\n<p>3.- Ensenada, Isaac D\u00edaz<\/p>\n<p>Juvenil menor, 53 kilos<\/p>\n<p>1.- Ensenada, Iv\u00e1n D\u00edaz Guti\u00e9rrez<\/p>\n<p>2.- Ensenada, Oscar lemus Vera<\/p>\n<p>Juvenil mayor, 51 kilos<\/p>\n<p>1.- Tijuana, Erick Garc\u00eda<\/p>\n<p>2.- Ensenada, Juan Gonz\u00e1lez<\/p>\n<p>3.- Ensenada, Imanol Rodr\u00edguez<\/p>\n<p>60 kilos, juvenil mayor<\/p>\n<p>1.- Tijuana, Aldo Arias<\/p>\n<p>2.- Ensenada, Adolfo Valdez<\/p>\n<p>3.- Ensenada, Jonathan Le\u00f3n<\/p>\n<p>En Juvenil mayor, 66 kilos<\/p>\n<p>1.- Tijuana, Alejandro Uribe<\/p>\n<p>2.- Mexicali, Bruno Ruiz S\u00e1nchez<\/p>\n<p>3.- Mexicali, Carlos Salazar<\/p>\n<p>66 kilos, elite<\/p>\n<p>1.- Ensenada, Jos\u00e9 Fernando Salgado<\/p>\n<p>2.- Tijuana, Marco Antonio Meza<\/p>\n<p>En 73 kilos, juvenil mayor<\/p>\n<p>1.- Ensenada, Jorge Ram\u00edrez Ca\u00f1as<\/p>\n<p>2.- Mexicali, V\u00edctor Hugo Hern\u00e1ndez<\/p>\n<p>Categor\u00eda 81 kilos, juvenil mayor<\/p>\n<p>1.- Mexicali, Ir\u00e1n Garc\u00eda<\/p>\n<p>2.- Ensenada, Jos\u00e9 David Arroyos<\/p>\n","protected":false},"excerpt":{"rendered":"<p>Ensenada, Baja California.- Para Jos\u00e9 Guadalupe Salgado los lideratos conseguidos en ambas ramas dentro de&#8230;<\/p>\n","protected":false},"author":1,"featured_media":37871,"comment_status":"closed","ping_status":"closed","sticky":false,"template":"","format":"standard","meta":{"footnotes":""},"categories":[73,7],"tags":[],"class_list":["post-37869","post","type-post","status-publish","format-standard","has-post-thumbnail","hentry","category-deportebajacalifornia","category-deportes"],"_links":{"self":[{"href":"https:\/\/agpnoticias.com\/news\/index.php?rest_route=\/wp\/v2\/posts\/37869","targetHints":{"allow":["GET"]}}],"collection":[{"href":"https:\/\/agpnoticias.com\/news\/index.php?rest_route=\/wp\/v2\/posts"}],"about":[{"href":"https:\/\/agpnoticias.com\/news\/index.php?rest_route=\/wp\/v2\/types\/post"}],"author":[{"embeddable":true,"href":"https:\/\/agpnoticias.com\/news\/index.php?rest_route=\/wp\/v2\/users\/1"}],"replies":[{"embeddable":true,"href":"https:\/\/agpnoticias.com\/news\/index.php?rest_route=%2Fwp%2Fv2%2Fcomments&post=37869"}],"version-history":[{"count":1,"href":"https:\/\/agpnoticias.com\/news\/index.php?rest_route=\/wp\/v2\/posts\/37869\/revisions"}],"predecessor-version":[{"id":37872,"href":"https:\/\/agpnoticias.com\/news\/index.php?rest_route=\/wp\/v2\/posts\/37869\/revisions\/37872"}],"wp:featuredmedia":[{"embeddable":true,"href":"https:\/\/agpnoticias.com\/news\/index.php?rest_route=\/wp\/v2\/media\/37871"}],"wp:attachment":[{"href":"https:\/\/agpnoticias.com\/news\/index.php?rest_route=%2Fwp%2Fv2%2Fmedia&parent=37869"}],"wp:term":[{"taxonomy":"category","embeddable":true,"href":"https:\/\/agpnoticias.com\/news\/index.php?rest_route=%2Fwp%2Fv2%2Fcategories&post=37869"},{"taxonomy":"post_tag","embeddable":true,"href":"https:\/\/agpnoticias.com\/news\/index.php?rest_route=%2Fwp%2Fv2%2Ftags&post=37869"}],"curies":[{"name":"wp","href":"https:\/\/api.w.org\/{rel}","templated":true}]}}