{"id":37873,"date":"2014-01-27T17:44:37","date_gmt":"2014-01-28T01:44:37","guid":{"rendered":"http:\/\/agpnoticias.com\/news\/?p=37873"},"modified":"2014-01-27T17:44:37","modified_gmt":"2014-01-28T01:44:37","slug":"fin-de-sequia","status":"publish","type":"post","link":"https:\/\/agpnoticias.com\/news\/?p=37873","title":{"rendered":"Fin de sequ\u00eda"},"content":{"rendered":"<figure id=\"attachment_37874\" aria-describedby=\"caption-attachment-37874\" style=\"width: 320px\" class=\"wp-caption alignright\"><a href=\"http:\/\/agpnoticias.com\/news\/?attachment_id=37874\" rel=\"attachment wp-att-37874\"><img fetchpriority=\"high\" decoding=\"async\" class=\"size-medium wp-image-37874\" alt=\"Alejandro Ortiz destac\u00f3 lo hecho por Ensenada en la eliminatoria estatal de Baloncesto\" src=\"http:\/\/agpnoticias.com\/news\/wp-content\/uploads\/2014\/01\/Alejandro-Ortiz-destac\u00f3-lo-hecho-por-Ensenada-en-la-eliminatoria-estatal-de-Baloncesto-320x240.jpg\" width=\"320\" height=\"240\" srcset=\"https:\/\/agpnoticias.com\/news\/wp-content\/uploads\/2014\/01\/Alejandro-Ortiz-destac\u00f3-lo-hecho-por-Ensenada-en-la-eliminatoria-estatal-de-Baloncesto-320x240.jpg 320w, https:\/\/agpnoticias.com\/news\/wp-content\/uploads\/2014\/01\/Alejandro-Ortiz-destac\u00f3-lo-hecho-por-Ensenada-en-la-eliminatoria-estatal-de-Baloncesto-200x150.jpg 200w, https:\/\/agpnoticias.com\/news\/wp-content\/uploads\/2014\/01\/Alejandro-Ortiz-destac\u00f3-lo-hecho-por-Ensenada-en-la-eliminatoria-estatal-de-Baloncesto.jpg 529w\" sizes=\"(max-width: 320px) 100vw, 320px\" \/><\/a><figcaption id=\"caption-attachment-37874\" class=\"wp-caption-text\">Alejandro Ortiz destac\u00f3 lo hecho por Ensenada en la eliminatoria estatal de Baloncesto<\/figcaption><\/figure>\n<p>Ensenada, Baja California.- Por fortuna no lleg\u00f3 el indeseado quinto aniversario.<\/p>\n<p>Las selecciones de Baloncesto de Ensenada, como locales, ganaron los campeonatos estatales Sub 16 y Sub 17 para acabar con una sequ\u00eda que se remontaba a 2009 en la rama varonil.<\/p>\n<p>\u201cLos resultados son muy positivos, hace tiempo que no logr\u00e1bamos dos campeonatos estatales, ni siquiera uno; en 2010 lleg\u00f3 uno femenil y desde 2009 no gan\u00e1bamos en la rama varonil\u201d, record\u00f3 Alejandro Ortiz Soto.<\/p>\n<p>En especial, el \u201cGallo\u201d Ortiz reconoci\u00f3 la aportaci\u00f3n hecha por el experimentado entrenador Rafael \u201cBule\u201d de la Cerda en la categor\u00eda Sub 16, donde se registr\u00f3 el primero de los lideratos este domingo en el gimnasio municipal de Ensenada, tras la victoria sobre Mexicali.<\/p>\n<p>\u201cEs un entrenador que nos da mucha experiencia y (la final) fue un juego muy cardiaco, empez\u00f3 muy bien con 12 puntos de ventaja, nos dieron vuelta en el marcador y alcanzamos a ganar por ocho para quedarnos con el primer lugar\u201d, apunt\u00f3.<\/p>\n<p>En esa divisi\u00f3n, \u201chay talento y motivaci\u00f3n, ganas de ganar, de querer ser campeones y lo lograron\u201d.<\/p>\n<p>Mientras tanto, en la categor\u00eda Sub 17, con \u00e9l como t\u00e9cnico, Alejandro Ortiz reencontr\u00f3 a un grupo que ya va de salida en el proceso a Olimpiada Nacional, ahora por primera vez campeones estatales.<\/p>\n<p>\u201cEstos fueron los \u00faltimos juegos de olimpiada para muchos de ellos, ha sido un grupo que se ha mantenido unido desde hace tres a\u00f1os base de 5 o 6 jugadores\u201d, explic\u00f3.<\/p>\n<p>En ese sentido, tambi\u00e9n subray\u00f3 la asesor\u00eda de Gerardo \u201cTarz\u00e1n\u201d Guerrero en ambas categor\u00edas campeonas.<\/p>\n<p>El presidente de la Liga Municipal de Baloncesto de Ensenada lament\u00f3 \u00a0\u00a0\u00a0\u00a0\u00a0\u00a0\u00a0\u00a0\u00a0\u00a0\u00a0\u00a0\u00a0 que las quintetas locales no hayan podido consumar el triplete, luego de que el equipo Sub 15 haya perdido la final con Mexicali despu\u00e9s de un inicio incierto.<\/p>\n<p>Ahora, los seleccionados ensenadenses esperar\u00e1n las convocatorias para conformar el representativo de Baja California en las siguientes fases del proceso a Olimpiada Nacional.<\/p>\n","protected":false},"excerpt":{"rendered":"<p>Ensenada, Baja California.- Por fortuna no lleg\u00f3 el indeseado quinto aniversario. Las selecciones de Baloncesto&#8230;<\/p>\n","protected":false},"author":1,"featured_media":37874,"comment_status":"closed","ping_status":"closed","sticky":false,"template":"","format":"standard","meta":{"footnotes":""},"categories":[35,7],"tags":[],"class_list":["post-37873","post","type-post","status-publish","format-standard","has-post-thumbnail","hentry","category-basquetbol","category-deportes"],"_links":{"self":[{"href":"https:\/\/agpnoticias.com\/news\/index.php?rest_route=\/wp\/v2\/posts\/37873","targetHints":{"allow":["GET"]}}],"collection":[{"href":"https:\/\/agpnoticias.com\/news\/index.php?rest_route=\/wp\/v2\/posts"}],"about":[{"href":"https:\/\/agpnoticias.com\/news\/index.php?rest_route=\/wp\/v2\/types\/post"}],"author":[{"embeddable":true,"href":"https:\/\/agpnoticias.com\/news\/index.php?rest_route=\/wp\/v2\/users\/1"}],"replies":[{"embeddable":true,"href":"https:\/\/agpnoticias.com\/news\/index.php?rest_route=%2Fwp%2Fv2%2Fcomments&post=37873"}],"version-history":[{"count":1,"href":"https:\/\/agpnoticias.com\/news\/index.php?rest_route=\/wp\/v2\/posts\/37873\/revisions"}],"predecessor-version":[{"id":37875,"href":"https:\/\/agpnoticias.com\/news\/index.php?rest_route=\/wp\/v2\/posts\/37873\/revisions\/37875"}],"wp:featuredmedia":[{"embeddable":true,"href":"https:\/\/agpnoticias.com\/news\/index.php?rest_route=\/wp\/v2\/media\/37874"}],"wp:attachment":[{"href":"https:\/\/agpnoticias.com\/news\/index.php?rest_route=%2Fwp%2Fv2%2Fmedia&parent=37873"}],"wp:term":[{"taxonomy":"category","embeddable":true,"href":"https:\/\/agpnoticias.com\/news\/index.php?rest_route=%2Fwp%2Fv2%2Fcategories&post=37873"},{"taxonomy":"post_tag","embeddable":true,"href":"https:\/\/agpnoticias.com\/news\/index.php?rest_route=%2Fwp%2Fv2%2Ftags&post=37873"}],"curies":[{"name":"wp","href":"https:\/\/api.w.org\/{rel}","templated":true}]}}