{"id":37879,"date":"2014-01-27T17:51:21","date_gmt":"2014-01-28T01:51:21","guid":{"rendered":"http:\/\/agpnoticias.com\/news\/?p=37879"},"modified":"2014-01-27T17:51:21","modified_gmt":"2014-01-28T01:51:21","slug":"dentro-todos-los-de-juan-diego","status":"publish","type":"post","link":"https:\/\/agpnoticias.com\/news\/?p=37879","title":{"rendered":"Dentro todos los de Juan Diego"},"content":{"rendered":"<figure id=\"attachment_37880\" aria-describedby=\"caption-attachment-37880\" style=\"width: 320px\" class=\"wp-caption alignright\"><a href=\"http:\/\/agpnoticias.com\/news\/?attachment_id=37880\" rel=\"attachment wp-att-37880\"><img fetchpriority=\"high\" decoding=\"async\" class=\"size-medium wp-image-37880\" alt=\"La delegaci\u00f3n de Shito Ryu cumpli\u00f3 con las expectativas en el estatal\" src=\"http:\/\/agpnoticias.com\/news\/wp-content\/uploads\/2014\/01\/La-delegaci\u00f3n-de-Shito-Ryu-cumpli\u00f3-con-las-expectativas-en-el-estatal-320x240.jpg\" width=\"320\" height=\"240\" srcset=\"https:\/\/agpnoticias.com\/news\/wp-content\/uploads\/2014\/01\/La-delegaci\u00f3n-de-Shito-Ryu-cumpli\u00f3-con-las-expectativas-en-el-estatal-320x240.jpg 320w, https:\/\/agpnoticias.com\/news\/wp-content\/uploads\/2014\/01\/La-delegaci\u00f3n-de-Shito-Ryu-cumpli\u00f3-con-las-expectativas-en-el-estatal-200x149.jpg 200w, https:\/\/agpnoticias.com\/news\/wp-content\/uploads\/2014\/01\/La-delegaci\u00f3n-de-Shito-Ryu-cumpli\u00f3-con-las-expectativas-en-el-estatal-600x449.jpg 600w, https:\/\/agpnoticias.com\/news\/wp-content\/uploads\/2014\/01\/La-delegaci\u00f3n-de-Shito-Ryu-cumpli\u00f3-con-las-expectativas-en-el-estatal.jpg 640w\" sizes=\"(max-width: 320px) 100vw, 320px\" \/><\/a><figcaption id=\"caption-attachment-37880\" class=\"wp-caption-text\">La delegaci\u00f3n de Shito Ryu cumpli\u00f3 con las expectativas en el estatal<\/figcaption><\/figure>\n<p>Ensenada, Baja California.- La Escuela Shito Ryu de Ensenada confirm\u00f3 su liderazgo en el Karate de Baja California.<\/p>\n<p>El fin de semana en Mexicali, la organizaci\u00f3n encabezada por Juan Diego Rodr\u00edguez regres\u00f3 con sus 18 representantes clasificados al Campeonato Nacional de Karate, \u00faltimo filtro selectivo a Olimpiada Nacional.<\/p>\n<p>\u201cEn cintas negras fuimos con 18 atletas y clasificamos a todos, ya en el nacional pensamos clasificar entre 12 y 15 en Monterrey, Nuevo Le\u00f3n, durante el mes de marzo\u201d, inform\u00f3.<\/p>\n<p>En total, Shito Ryu consigui\u00f3 21 oros, 6 platas y 3 bronces para dominar la eliminatoria en la capital del estado.<\/p>\n<p>Sobre su posici\u00f3n como referente del Karate estatal, Juan Diego Rodr\u00edguez consider\u00f3 que \u201cel desaf\u00edo se da d\u00eda a d\u00eda y la ilusi\u00f3n es como si fu\u00e9ramos empezando, afortunadamente tenemos gente generaci\u00f3n tras generaci\u00f3n\u201d.<\/p>\n<p>Entre sus dirigidos destac\u00f3 a la medallista mundial en Brasil, Daniel Valladares, as\u00ed como los tambi\u00e9n participantes de un mundial en Espa\u00f1a, Ricardo Oliveros y Armando Luque.<\/p>\n<p>\u201cTrabajo d\u00eda a d\u00eda para mejorar lo hecho, el reto es dif\u00edcil, hemos ido sacando generaciones mejor preparadas y trabajo con mis hermanos Ricardo y Rhams\u00e9s\u201d, precis\u00f3.<\/p>\n<p>Adem\u00e1s de lo hecho en competencias mundiales, \u00a0\u201cen el centroamericano tuvimos cuatro oros con Diego Rodr\u00edguez, Daniela Valladares, Armando Luque y Juan McCormick\u201d.<\/p>\n<p>\u201cTambi\u00e9n tenemos generaciones peque\u00f1as en cintas blancas y azules que vienen puntuando\u201d, agreg\u00f3.<\/p>\n","protected":false},"excerpt":{"rendered":"<p>Ensenada, Baja California.- La Escuela Shito Ryu de Ensenada confirm\u00f3 su liderazgo en el Karate&#8230;<\/p>\n","protected":false},"author":1,"featured_media":37880,"comment_status":"closed","ping_status":"closed","sticky":false,"template":"","format":"standard","meta":{"footnotes":""},"categories":[73,7],"tags":[],"class_list":["post-37879","post","type-post","status-publish","format-standard","has-post-thumbnail","hentry","category-deportebajacalifornia","category-deportes"],"_links":{"self":[{"href":"https:\/\/agpnoticias.com\/news\/index.php?rest_route=\/wp\/v2\/posts\/37879","targetHints":{"allow":["GET"]}}],"collection":[{"href":"https:\/\/agpnoticias.com\/news\/index.php?rest_route=\/wp\/v2\/posts"}],"about":[{"href":"https:\/\/agpnoticias.com\/news\/index.php?rest_route=\/wp\/v2\/types\/post"}],"author":[{"embeddable":true,"href":"https:\/\/agpnoticias.com\/news\/index.php?rest_route=\/wp\/v2\/users\/1"}],"replies":[{"embeddable":true,"href":"https:\/\/agpnoticias.com\/news\/index.php?rest_route=%2Fwp%2Fv2%2Fcomments&post=37879"}],"version-history":[{"count":1,"href":"https:\/\/agpnoticias.com\/news\/index.php?rest_route=\/wp\/v2\/posts\/37879\/revisions"}],"predecessor-version":[{"id":37881,"href":"https:\/\/agpnoticias.com\/news\/index.php?rest_route=\/wp\/v2\/posts\/37879\/revisions\/37881"}],"wp:featuredmedia":[{"embeddable":true,"href":"https:\/\/agpnoticias.com\/news\/index.php?rest_route=\/wp\/v2\/media\/37880"}],"wp:attachment":[{"href":"https:\/\/agpnoticias.com\/news\/index.php?rest_route=%2Fwp%2Fv2%2Fmedia&parent=37879"}],"wp:term":[{"taxonomy":"category","embeddable":true,"href":"https:\/\/agpnoticias.com\/news\/index.php?rest_route=%2Fwp%2Fv2%2Fcategories&post=37879"},{"taxonomy":"post_tag","embeddable":true,"href":"https:\/\/agpnoticias.com\/news\/index.php?rest_route=%2Fwp%2Fv2%2Ftags&post=37879"}],"curies":[{"name":"wp","href":"https:\/\/api.w.org\/{rel}","templated":true}]}}