{"id":37882,"date":"2014-01-27T17:54:04","date_gmt":"2014-01-28T01:54:04","guid":{"rendered":"http:\/\/agpnoticias.com\/news\/?p=37882"},"modified":"2016-12-28T22:21:49","modified_gmt":"2016-12-29T06:21:49","slug":"ruda-no-mundialista-si","status":"publish","type":"post","link":"https:\/\/agpnoticias.com\/news\/?p=37882","title":{"rendered":"\u00abRuda, no; mundialista, s\u00ed\u00bb"},"content":{"rendered":"<figure id=\"attachment_37883\" aria-describedby=\"caption-attachment-37883\" style=\"width: 320px\" class=\"wp-caption alignright\"><a href=\"http:\/\/agpnoticias.com\/news\/?attachment_id=37883\" rel=\"attachment wp-att-37883\"><img fetchpriority=\"high\" decoding=\"async\" class=\"size-medium wp-image-37883\" alt=\"Daniela Valladares, medallista en Brasil, con su t\u00e9cnico Juan Diego Rodr\u00edguez\" src=\"http:\/\/agpnoticias.com\/news\/wp-content\/uploads\/2014\/01\/Daniela-Valladares-con-su-t\u00e9cnico-Juan-Diego-Rodr\u00edguez-320x240.jpg\" width=\"320\" height=\"240\" srcset=\"https:\/\/agpnoticias.com\/news\/wp-content\/uploads\/2014\/01\/Daniela-Valladares-con-su-t\u00e9cnico-Juan-Diego-Rodr\u00edguez-320x240.jpg 320w, https:\/\/agpnoticias.com\/news\/wp-content\/uploads\/2014\/01\/Daniela-Valladares-con-su-t\u00e9cnico-Juan-Diego-Rodr\u00edguez-200x149.jpg 200w, https:\/\/agpnoticias.com\/news\/wp-content\/uploads\/2014\/01\/Daniela-Valladares-con-su-t\u00e9cnico-Juan-Diego-Rodr\u00edguez-600x448.jpg 600w, https:\/\/agpnoticias.com\/news\/wp-content\/uploads\/2014\/01\/Daniela-Valladares-con-su-t\u00e9cnico-Juan-Diego-Rodr\u00edguez.jpg 640w\" sizes=\"(max-width: 320px) 100vw, 320px\" \/><\/a><figcaption id=\"caption-attachment-37883\" class=\"wp-caption-text\">Daniela Valladares, medallista en Brasil, con su t\u00e9cnico Juan Diego Rodr\u00edguez<\/figcaption><\/figure>\n<p>Ensenada, Baja California.- Le dicen \u201cruda\u201d, aunque ella considera que s\u00f3lo hace lo necesario para conseguir los puntos que la han llevado a representar a M\u00e9xico en el \u00e1mbito internacional.<\/p>\n<p>Daniela Valladares se califica como una karateca a la que le \u201cgusta mucho patear\u201d, combativa, aun cuando la descripci\u00f3n que de ella hacen sus compa\u00f1eros discrepe de su punto de vista.<\/p>\n<p>\u201cUnos me dicen que soy muy ruda, pero a m\u00ed casi no me gusta golpear, lo que s\u00ed me gusta es patear mucho\u201d, coment\u00f3 la seleccionada por Baja California en el proceso a Olimpiada Nacional.<\/p>\n<p>Despu\u00e9s de un oro centroamericano en Nicaragua y plata en el Abierto de los Estados Unidos, la disc\u00edpula de Juan Diego Rodr\u00edguez apunt\u00f3 su mira en el pico m\u00e1s alto que ha tocado su carrera.<\/p>\n<p>\u201cEn el mundial de Brasil compet\u00ed contra competidores de 17 a\u00f1os en la categor\u00eda menos de 59 kilos y apenas con 16\u201d, sin embargo, su desempe\u00f1o la proyect\u00f3 hasta el tercer lugar, el bronce mundialista.<\/p>\n<p>Cuando lleg\u00f3 al Karate, la estudiante de cuatro semestre en Cbtis 41 no sent\u00eda atracci\u00f3n hacia la disciplina.<\/p>\n<p>\u201cMe gustaba m\u00e1s el futbol, pero me empez\u00f3 a gustarme el Karate porque viajaban mucho\u201d, explic\u00f3.<\/p>\n<p>Su primer entrenador fue Juan Jos\u00e9 Rodr\u00edguez y luego pas\u00f3 a ser dirigida por los hijos de su mentor, Ricardo y Juan Diego, con quien trabaja desde hace nueve a\u00f1os.<\/p>\n<p>Por el momento, Daniela Valladares piensa en continuar su carrera en ascenso, a la vez de combinar sus estudios de bachillerato, combinaci\u00f3n que \u201ces dif\u00edcil\u201d pero posible \u201csi le echas ganas\u201d.<\/p>\n","protected":false},"excerpt":{"rendered":"<p>Ensenada, Baja California.- Le dicen \u201cruda\u201d, aunque ella considera que s\u00f3lo hace lo necesario para&#8230;<\/p>\n","protected":false},"author":1,"featured_media":37883,"comment_status":"closed","ping_status":"closed","sticky":false,"template":"","format":"standard","meta":{"footnotes":""},"categories":[73,7,695],"tags":[],"class_list":["post-37882","post","type-post","status-publish","format-standard","has-post-thumbnail","hentry","category-deportebajacalifornia","category-deportes","category-karate"],"_links":{"self":[{"href":"https:\/\/agpnoticias.com\/news\/index.php?rest_route=\/wp\/v2\/posts\/37882","targetHints":{"allow":["GET"]}}],"collection":[{"href":"https:\/\/agpnoticias.com\/news\/index.php?rest_route=\/wp\/v2\/posts"}],"about":[{"href":"https:\/\/agpnoticias.com\/news\/index.php?rest_route=\/wp\/v2\/types\/post"}],"author":[{"embeddable":true,"href":"https:\/\/agpnoticias.com\/news\/index.php?rest_route=\/wp\/v2\/users\/1"}],"replies":[{"embeddable":true,"href":"https:\/\/agpnoticias.com\/news\/index.php?rest_route=%2Fwp%2Fv2%2Fcomments&post=37882"}],"version-history":[{"count":1,"href":"https:\/\/agpnoticias.com\/news\/index.php?rest_route=\/wp\/v2\/posts\/37882\/revisions"}],"predecessor-version":[{"id":37884,"href":"https:\/\/agpnoticias.com\/news\/index.php?rest_route=\/wp\/v2\/posts\/37882\/revisions\/37884"}],"wp:featuredmedia":[{"embeddable":true,"href":"https:\/\/agpnoticias.com\/news\/index.php?rest_route=\/wp\/v2\/media\/37883"}],"wp:attachment":[{"href":"https:\/\/agpnoticias.com\/news\/index.php?rest_route=%2Fwp%2Fv2%2Fmedia&parent=37882"}],"wp:term":[{"taxonomy":"category","embeddable":true,"href":"https:\/\/agpnoticias.com\/news\/index.php?rest_route=%2Fwp%2Fv2%2Fcategories&post=37882"},{"taxonomy":"post_tag","embeddable":true,"href":"https:\/\/agpnoticias.com\/news\/index.php?rest_route=%2Fwp%2Fv2%2Ftags&post=37882"}],"curies":[{"name":"wp","href":"https:\/\/api.w.org\/{rel}","templated":true}]}}