{"id":37912,"date":"2014-01-28T16:53:44","date_gmt":"2014-01-29T00:53:44","guid":{"rendered":"http:\/\/agpnoticias.com\/news\/?p=37912"},"modified":"2014-01-28T19:22:45","modified_gmt":"2014-01-29T03:22:45","slug":"antes-rojinegros-hoy-pescadores","status":"publish","type":"post","link":"https:\/\/agpnoticias.com\/news\/?p=37912","title":{"rendered":"Antes rojinegros, hoy Pescadores"},"content":{"rendered":"<figure id=\"attachment_37914\" aria-describedby=\"caption-attachment-37914\" style=\"width: 428px\" class=\"wp-caption alignright\"><a href=\"http:\/\/agpnoticias.com\/news\/?attachment_id=37914\" rel=\"attachment wp-att-37914\"><img fetchpriority=\"high\" decoding=\"async\" class=\"size-full wp-image-37914\" alt=\"Omar R\u00edos y Uziel Lencioni han vuelto a jugar juntos, ahora con Pescadores\" src=\"http:\/\/agpnoticias.com\/news\/wp-content\/uploads\/2014\/01\/Omar-R\u00edos-y-Uziel-Lencioni-han-vuelto-a-jugar-juntos-ahora-con-Pescadores.jpg\" width=\"428\" height=\"640\" srcset=\"https:\/\/agpnoticias.com\/news\/wp-content\/uploads\/2014\/01\/Omar-R\u00edos-y-Uziel-Lencioni-han-vuelto-a-jugar-juntos-ahora-con-Pescadores.jpg 428w, https:\/\/agpnoticias.com\/news\/wp-content\/uploads\/2014\/01\/Omar-R\u00edos-y-Uziel-Lencioni-han-vuelto-a-jugar-juntos-ahora-con-Pescadores-133x200.jpg 133w\" sizes=\"(max-width: 428px) 100vw, 428px\" \/><\/a><figcaption id=\"caption-attachment-37914\" class=\"wp-caption-text\">Omar R\u00edos y Uziel Lencioni han vuelto a jugar juntos, ahora con el conjunto de la Tercera Divisi\u00f3n<\/figcaption><\/figure>\n<p>Ensenada, Baja California.- En su momento formaron una de las duplas m\u00e1s productivas dentro del futbol infantil y juvenil de Ensenada.<\/p>\n<p>Ambos eran integrantes de la Escuela Atlas Ensenada, instituci\u00f3n en la que se conocieron desde la categor\u00eda infantil menor.<\/p>\n<p>Ahora, despu\u00e9s de sus experiencias por organizaciones profesionales, Omar R\u00edos y Uziel Lencioni se han reencontrado pero como jugadores del equipo de Tercera Divisi\u00f3n Pescadores de Ensenada.<\/p>\n<p>Omar R\u00edos jug\u00f3 en fuerzas b\u00e1sicas de Am\u00e9rica con participaci\u00f3n en el once titular del plantel Sub 15 que incluso viaj\u00f3 por una gira europea, mientras que Uziel Lencioni fue parte de Estudiantes Tecos.<\/p>\n<p>\u201cEstoy metido en el trabajo con Pescadores, vine a sumar, a lograr los objetivos, a ganar juegos y clasificar a la liguilla, lo que s\u00f3lo se lograr\u00e1 en base a trabajo y disciplina\u201d, dijo el ex americanista.<\/p>\n<p>Sobre su partida de la organizaci\u00f3n azul crema se limit\u00f3 a decir que fue \u201cpor problemas con la directiva, un cambio\u2026\u201d.<\/p>\n<p>\u201cEn Am\u00e9rica tom\u00e9 much\u00edsima experiencia, aprend\u00ed distintos tipos de juego, roce, fogueo, y eso me ayudar\u00e1 a competir con jugadores de todas las edades\u201d, consider\u00f3.<\/p>\n<p>Al partir de Coapa, \u201cme llamaron a venir para ac\u00e1 y me interes\u00f3 porque estar\u00e9 m\u00e1s cerca de mi familia y mis amigos\u201d.<\/p>\n<p>Entre ellos encontr\u00f3 a Uziel Lencioni, el delantero al que serv\u00eda balones de gol durante su estancia en la escuela rojinegra.<\/p>\n<p>\u201cJugamos juntos desde peque\u00f1os en Atlas, y qu\u00e9 bueno que volvemos a compartir la cancha para poder aportar triunfos y goles al equipo\u201d, apunt\u00f3.<\/p>\n<p>Aunque tambi\u00e9n fue buscado por el otro equipo ensenadense de la Tercera Divisi\u00f3n, Diablos, \u201cdecid\u00ed a quedarme en Pescadores por las amistades que tengo aqu\u00ed\u201d, adem\u00e1s \u201cme gust\u00f3 m\u00e1s la competencia, los jugadores, el tipo de entrenador y la directiva\u201d.<\/p>\n<p>&nbsp;<\/p>\n<p><b>Socio en ataque<\/b><\/p>\n<p>Uziel Lencioni solicit\u00f3 su carta hace seis meses para regresar a Ensenada y sumarse a Pescadores.<\/p>\n<p>\u201cRegres\u00e9 para estar cerca de mi familia, quer\u00eda conocer el futbol de aqu\u00ed y hablando con Genaro (Rubio, director deportivo) se dio la posibilidad de venir a Pescadores\u201d, indic\u00f3 el delantero que jugara con Estudiantes Tecos.<\/p>\n<p>Despu\u00e9s de alg\u00fan tiempo sin jugar juntos, el ariete de Pescadores dijo que experimenta la etapa de reencuentro futbol\u00edstico con Omar R\u00edos.<\/p>\n<p>\u201cEstoy orgulloso de jugar con \u00e9l, perdimos el contacto, no nos entendemos como antes todav\u00eda, pero vamos a trabajar para hacerlo\u201d, coment\u00f3.<\/p>\n<p>El juego que abrir\u00e1 la segunda vuelta, contra Diablos de Ensenada, \u201cya lo esperamos\u201d, sostuvo el atacante que, durante la pretemporada, ha sido utilizado como titular por el t\u00e9cnico Salvador Zazueta, al igual que su socio en punta Omar R\u00edos.<\/p>\n","protected":false},"excerpt":{"rendered":"<p>Ensenada, Baja California.- En su momento formaron una de las duplas m\u00e1s productivas dentro del&#8230;<\/p>\n","protected":false},"author":1,"featured_media":37913,"comment_status":"closed","ping_status":"closed","sticky":false,"template":"","format":"standard","meta":{"footnotes":""},"categories":[7,32],"tags":[],"class_list":["post-37912","post","type-post","status-publish","format-standard","has-post-thumbnail","hentry","category-deportes","category-soccer"],"_links":{"self":[{"href":"https:\/\/agpnoticias.com\/news\/index.php?rest_route=\/wp\/v2\/posts\/37912","targetHints":{"allow":["GET"]}}],"collection":[{"href":"https:\/\/agpnoticias.com\/news\/index.php?rest_route=\/wp\/v2\/posts"}],"about":[{"href":"https:\/\/agpnoticias.com\/news\/index.php?rest_route=\/wp\/v2\/types\/post"}],"author":[{"embeddable":true,"href":"https:\/\/agpnoticias.com\/news\/index.php?rest_route=\/wp\/v2\/users\/1"}],"replies":[{"embeddable":true,"href":"https:\/\/agpnoticias.com\/news\/index.php?rest_route=%2Fwp%2Fv2%2Fcomments&post=37912"}],"version-history":[{"count":4,"href":"https:\/\/agpnoticias.com\/news\/index.php?rest_route=\/wp\/v2\/posts\/37912\/revisions"}],"predecessor-version":[{"id":37930,"href":"https:\/\/agpnoticias.com\/news\/index.php?rest_route=\/wp\/v2\/posts\/37912\/revisions\/37930"}],"wp:featuredmedia":[{"embeddable":true,"href":"https:\/\/agpnoticias.com\/news\/index.php?rest_route=\/wp\/v2\/media\/37913"}],"wp:attachment":[{"href":"https:\/\/agpnoticias.com\/news\/index.php?rest_route=%2Fwp%2Fv2%2Fmedia&parent=37912"}],"wp:term":[{"taxonomy":"category","embeddable":true,"href":"https:\/\/agpnoticias.com\/news\/index.php?rest_route=%2Fwp%2Fv2%2Fcategories&post=37912"},{"taxonomy":"post_tag","embeddable":true,"href":"https:\/\/agpnoticias.com\/news\/index.php?rest_route=%2Fwp%2Fv2%2Ftags&post=37912"}],"curies":[{"name":"wp","href":"https:\/\/api.w.org\/{rel}","templated":true}]}}