{"id":379681,"date":"2014-06-05T16:40:36","date_gmt":"2014-06-05T23:40:36","guid":{"rendered":"http:\/\/agpnoticias.com\/news\/?p=379681"},"modified":"2014-06-05T16:40:36","modified_gmt":"2014-06-05T23:40:36","slug":"en-espera-de-los-refuerzos-ic-recibira-a-la-rural","status":"publish","type":"post","link":"https:\/\/agpnoticias.com\/news\/?p=379681","title":{"rendered":"En espera de los refuerzos, IC recibir\u00e1 a la Rural"},"content":{"rendered":"<figure id=\"attachment_379692\" aria-describedby=\"caption-attachment-379692\" style=\"width: 640px\" class=\"wp-caption aligncenter\"><a href=\"http:\/\/agpnoticias.com\/news\/wp-content\/uploads\/2014\/06\/Alberto-Mancilla-espera-contar-m\u00e1s-adelante-con-Dami\u00e1n-Patr\u00f3n-y-C\u00e9sar-M\u00e1rquez.jpg\"><img fetchpriority=\"high\" decoding=\"async\" class=\"size-full wp-image-379692\" src=\"http:\/\/agpnoticias.com\/news\/wp-content\/uploads\/2014\/06\/Alberto-Mancilla-espera-contar-m\u00e1s-adelante-con-Dami\u00e1n-Patr\u00f3n-y-C\u00e9sar-M\u00e1rquez.jpg\" alt=\"Alberto Mancilla espera contar m\u00e1s adelante con Dami\u00e1n Patr\u00f3n y C\u00e9sar M\u00e1rquez\" width=\"640\" height=\"427\" srcset=\"https:\/\/agpnoticias.com\/news\/wp-content\/uploads\/2014\/06\/Alberto-Mancilla-espera-contar-m\u00e1s-adelante-con-Dami\u00e1n-Patr\u00f3n-y-C\u00e9sar-M\u00e1rquez.jpg 640w, https:\/\/agpnoticias.com\/news\/wp-content\/uploads\/2014\/06\/Alberto-Mancilla-espera-contar-m\u00e1s-adelante-con-Dami\u00e1n-Patr\u00f3n-y-C\u00e9sar-M\u00e1rquez-200x133.jpg 200w, https:\/\/agpnoticias.com\/news\/wp-content\/uploads\/2014\/06\/Alberto-Mancilla-espera-contar-m\u00e1s-adelante-con-Dami\u00e1n-Patr\u00f3n-y-C\u00e9sar-M\u00e1rquez-600x400.jpg 600w\" sizes=\"(max-width: 640px) 100vw, 640px\" \/><\/a><figcaption id=\"caption-attachment-379692\" class=\"wp-caption-text\">Alberto Mancilla espera contar m\u00e1s adelante con Dami\u00e1n Patr\u00f3n y C\u00e9sar M\u00e1rquez<\/figcaption><\/figure>\n<p>Ensenada, Baja California.- La Liga Industrial Comercial, con incorporaciones pendientes, \u00a0recibir\u00e1 el domingo a la invicta Liga Rural de Maneadero con r\u00e9cord de 1-1 en el Campeonato Estatal de Beisbol tras la divisi\u00f3n registrada durante su presentaci\u00f3n en Tecate.<\/p>\n<p>\u201cDividimos, el equipo confiaba en ganar los dos juegos, pero dejamos bases llenas en la primera entrada y dos hombres en la novena durante el primer juego\u201d, lament\u00f3 Alberto Mancilla Ponce.<\/p>\n<p>El manager del seleccionado local urgi\u00f3 a \u201cponernos las pilas\u201d, ya que \u201cesto fue un aviso de que los rivales no ser\u00e1n nada f\u00e1cil\u201d.<\/p>\n<p>Por lo pronto, la Liga Industrial ha formado un plantel en base a los jugadores que se encuentran libres de compromisos en el sur de la pen\u00ednsula, as\u00ed como en Chihuahua.<\/p>\n<p>\u201cTenemos a (C\u00e9sar) \u00b4Vito\u00b4 M\u00e1rquez, Dami\u00e1n Patr\u00f3n, Juan Rasc\u00f3n y todos los jugadores que consideramos para que se sumen m\u00e1s adelante\u201d, afirm\u00f3. \u201cTodos est\u00e1n convocados y ojal\u00e1 puedan incorporarse a la brevedad\u201d.<\/p>\n<p>El domingo en Valle Verde, la Liga Industrial Comercial ser\u00e1 anfitriona de la Liga Rural, cuyo debut registr\u00f3 un par de triunfos ante El Sauzal.<\/p>\n<p>\u201cLos dos juegos son muy importantes para ambas escuadras y para nosotros m\u00e1s que estaremos en casa\u201d, apunt\u00f3.<\/p>\n<p>El manager de la Liga Industrial Comercial admiti\u00f3 que el pitcheo abridor con Javier M\u00e9ndez y Ricky Guzm\u00e1n \u201cnos fall\u00f3\u201d, pero, en contraste, destac\u00f3 lo hecho por los relevistas Antonio \u201cHuevo\u201d Castro y C\u00e9sar Baguer.<\/p>\n<p>Alberto Mancilla consider\u00f3 que la doble victoria de la Liga Urbana el domingo \u201cfue una sorpresa\u201d en el deportivo Antonio Palacios, aun cuando \u201cno hay que confiarse porque la Municipal trae buen equipo, una liga pionera con buenos jugadores\u201d.<\/p>\n","protected":false},"excerpt":{"rendered":"<p>Ensenada, Baja California.- La Liga Industrial Comercial, con incorporaciones pendientes, \u00a0recibir\u00e1 el domingo a la&#8230;<\/p>\n","protected":false},"author":1,"featured_media":379689,"comment_status":"closed","ping_status":"closed","sticky":false,"template":"","format":"standard","meta":{"footnotes":""},"categories":[1,30,20,7],"tags":[],"class_list":["post-379681","post","type-post","status-publish","format-standard","has-post-thumbnail","hentry","category-uncategorized","category-beisbol","category-beisbol-industrial-y-comercial","category-deportes"],"_links":{"self":[{"href":"https:\/\/agpnoticias.com\/news\/index.php?rest_route=\/wp\/v2\/posts\/379681","targetHints":{"allow":["GET"]}}],"collection":[{"href":"https:\/\/agpnoticias.com\/news\/index.php?rest_route=\/wp\/v2\/posts"}],"about":[{"href":"https:\/\/agpnoticias.com\/news\/index.php?rest_route=\/wp\/v2\/types\/post"}],"author":[{"embeddable":true,"href":"https:\/\/agpnoticias.com\/news\/index.php?rest_route=\/wp\/v2\/users\/1"}],"replies":[{"embeddable":true,"href":"https:\/\/agpnoticias.com\/news\/index.php?rest_route=%2Fwp%2Fv2%2Fcomments&post=379681"}],"version-history":[{"count":1,"href":"https:\/\/agpnoticias.com\/news\/index.php?rest_route=\/wp\/v2\/posts\/379681\/revisions"}],"predecessor-version":[{"id":379702,"href":"https:\/\/agpnoticias.com\/news\/index.php?rest_route=\/wp\/v2\/posts\/379681\/revisions\/379702"}],"wp:featuredmedia":[{"embeddable":true,"href":"https:\/\/agpnoticias.com\/news\/index.php?rest_route=\/wp\/v2\/media\/379689"}],"wp:attachment":[{"href":"https:\/\/agpnoticias.com\/news\/index.php?rest_route=%2Fwp%2Fv2%2Fmedia&parent=379681"}],"wp:term":[{"taxonomy":"category","embeddable":true,"href":"https:\/\/agpnoticias.com\/news\/index.php?rest_route=%2Fwp%2Fv2%2Fcategories&post=379681"},{"taxonomy":"post_tag","embeddable":true,"href":"https:\/\/agpnoticias.com\/news\/index.php?rest_route=%2Fwp%2Fv2%2Ftags&post=379681"}],"curies":[{"name":"wp","href":"https:\/\/api.w.org\/{rel}","templated":true}]}}