{"id":38004,"date":"2014-01-30T23:59:48","date_gmt":"2014-01-31T07:59:48","guid":{"rendered":"http:\/\/agpnoticias.com\/news\/?p=38004"},"modified":"2014-01-31T00:02:47","modified_gmt":"2014-01-31T08:02:47","slug":"cambio-de-tecnico-en-pescadores","status":"publish","type":"post","link":"https:\/\/agpnoticias.com\/news\/?p=38004","title":{"rendered":"Cambio de t\u00e9cnico en Pescadores"},"content":{"rendered":"<figure id=\"attachment_38006\" aria-describedby=\"caption-attachment-38006\" style=\"width: 113px\" class=\"wp-caption alignright\"><a href=\"http:\/\/agpnoticias.com\/news\/?attachment_id=38006\" rel=\"attachment wp-att-38006\"><img decoding=\"async\" class=\"size-thumbnail wp-image-38006\" alt=\"Joel Esquivias, t\u00e9cnico que llegar\u00e1 el s\u00e1bado a Ensenada, junto a Germ\u00e1n Arangio, con quien colabor\u00f3 en Xolos Navolato\" src=\"http:\/\/agpnoticias.com\/news\/wp-content\/uploads\/2014\/01\/Joel-Esquivias-t\u00e9cnico-que-llegar\u00e1-el-s\u00e1bado-a-Ensenada-junto-a-Germ\u00e1n-Arangio-con-quien-colabor\u00f3-en-Xolos-Navolato-113x200.jpg\" width=\"113\" height=\"200\" \/><\/a><figcaption id=\"caption-attachment-38006\" class=\"wp-caption-text\">Joel Esquivias, t\u00e9cnico que llegar\u00e1 el s\u00e1bado a Ensenada, junto a Germ\u00e1n Arangio, con quien colabor\u00f3 en Xolos Navolato<\/figcaption><\/figure>\n<p>Guadalajara, Jalisco.- Joel Esquivias reuni\u00f3 los requisitos que buscaba Samuel Flores.<\/p>\n<p>Y este mi\u00e9rcoles se firm\u00f3 el contrato que liga al director t\u00e9cnico con los Pescadores de Ensenada.<\/p>\n<p>El vicepresidente del conjunto militante en la Tercera Divisi\u00f3n Profesional inform\u00f3 que su decisi\u00f3n est\u00e1 sustentada en la experiencia que el entrenador tiene en la formaci\u00f3n de futbolistas j\u00f3venes.<\/p>\n<p>En el caso de Salvador Zazueta, t\u00e9cnico ensenadense que hab\u00eda sido anunciado para dirigir al equipo en la segunda vuelta, Samuel Flores indic\u00f3 que seguir\u00e1 integrado al grupo de trabajo que colaborar\u00e1 con el nuevo responsable.<\/p>\n<p>\u201cCreo que (Esquivias) tiene un palmar\u00e9s que nos dejar\u00e1 escuela y eso es lo que queremos\u201d, apunt\u00f3 el directivo presentado la semana pasada y que regresar\u00e1 a Ensenada con el nuevo t\u00e9cnico entre viernes y s\u00e1bado.<\/p>\n<p>Adem\u00e1s de la direcci\u00f3n del primer equipo, Joel Esquivias \u201cestructurar\u00e1 las fuerzas b\u00e1sicas y ser\u00e1 director de futbol\u201d.<\/p>\n<p>El t\u00e9cnico tambi\u00e9n cuenta con experiencia y conocimiento de los equipos del Grupo XIII, pues dirigi\u00f3 a Deportivo Navolato hasta hace unos meses.<\/p>\n<p>La contrataci\u00f3n, dijo, se bas\u00f3 en el trabajo que el entrenador ha hecho en fuerzas b\u00e1sicas de organizaciones de primera divisi\u00f3n como Le\u00f3n y Atlas.<\/p>\n<p>Con los rojinegros fue brazo derecho del titular de fuerzas b\u00e1sicas, Efra\u00edn Flores, de 1997 a 2002.<\/p>\n<p>El entrenador tapat\u00edo se presentar\u00e1 oficialmente el s\u00e1bado 8 de febrero cuando los Pescadores visiten a los Diablos en el campo Nueva Ensenada durante el inicio de la segunda vuelta en el Grupo XIII de la Tercera Divisi\u00f3n Profesional.<\/p>\n<p>Justo a partir de ese d\u00eda tratar\u00e1 de sacar a los Pescadores en la \u00faltima posici\u00f3n con 10 unidades.<\/p>\n<p>El primer t\u00e9cnico contratado por Pescadores fue H\u00e9ctor \u00abChepo\u00bb G\u00f3mez, quien ni siquiera empez\u00f3 la temporada por compromisos personales en Guadalajara, seg\u00fan argument\u00f3 la directiva.<\/p>\n<p>La temporada inici\u00f3 bajo el mando de Juan M\u00e1rquez, removido del cargo por una supuesta falta de liquidez para solventar su salario cuando Pescadores ocupada el quinto lugar del sector.<\/p>\n<p>Su sustituto fue el entonces preparador f\u00edsico Mauricio \u00abCoco\u00bb Rodr\u00edguez, sin puntos conseguidos en cinco encuentros.<\/p>\n<p>&nbsp;<\/p>\n<p><b>Conoce Ensenada<\/b><\/p>\n<figure id=\"attachment_38007\" aria-describedby=\"caption-attachment-38007\" style=\"width: 133px\" class=\"wp-caption alignleft\"><a href=\"http:\/\/agpnoticias.com\/news\/?attachment_id=38007\" rel=\"attachment wp-att-38007\"><img decoding=\"async\" class=\"size-thumbnail wp-image-38007\" alt=\"El nuevo t\u00e9cnico de Pescadores junto a Antonio Mohamed\" src=\"http:\/\/agpnoticias.com\/news\/wp-content\/uploads\/2014\/01\/El-nuevo-t\u00e9cnico-de-Pescadores-junto-a-Antonio-Mohamed-133x200.jpg\" width=\"133\" height=\"200\" srcset=\"https:\/\/agpnoticias.com\/news\/wp-content\/uploads\/2014\/01\/El-nuevo-t\u00e9cnico-de-Pescadores-junto-a-Antonio-Mohamed-133x200.jpg 133w, https:\/\/agpnoticias.com\/news\/wp-content\/uploads\/2014\/01\/El-nuevo-t\u00e9cnico-de-Pescadores-junto-a-Antonio-Mohamed.jpg 427w\" sizes=\"(max-width: 133px) 100vw, 133px\" \/><\/a><figcaption id=\"caption-attachment-38007\" class=\"wp-caption-text\">El nuevo t\u00e9cnico de Pescadores junto a Antonio Mohamed<\/figcaption><\/figure>\n<p>Joel Esquivias, nacido en 13 de julio de 1958, estuvo a cargo del equipo de la Tercera Divisi\u00f3n Promocional, Tiburones Blancos de Ensenada, en 2005.<\/p>\n<p>Como jugador particip\u00f3 en fuerzas b\u00e1sicas y reservas de los conjuntos de su natal Guadalajara: Oro, Chivas, Atlas, Ayense y Jalisco.<\/p>\n<p>Como director t\u00e9cnico inici\u00f3 en 1987 como auxiliar en Progreso Cocula de Tercera Divisi\u00f3n.<\/p>\n<p>De ah\u00ed pas\u00f3 a equipos de reservas Atlante Guadalajara y Gallos, antes de sumarse a coordinar las fuerzas b\u00e1sicas de Le\u00f3n en 1993.<\/p>\n<p>Sigui\u00f3 en la organizaci\u00f3n esmeralda tanto en la Tercera como en la Segunda Divisi\u00f3n hasta 1997 cuando pas\u00f3 a Atlas.<\/p>\n<p>Despu\u00e9s pas\u00f3 por la formaci\u00f3n de jugadores en Venados de M\u00e9rida para integrarse en 2005 a los Tiburones Blancos de Ensenada.<\/p>\n<p>Tambi\u00e9n trabaj\u00f3 tres a\u00f1os en Estados Unidos (2007-2010), as\u00ed como en el cuerpo t\u00e9cnico de Xolos Navolato de la Tercera Divisi\u00f3n.<\/p>\n<p>&nbsp;<\/p>\n<p><b>Jugadores detectados<\/b><\/p>\n<p>Joel Esquivias ha descubierto jugadores surgidos en Atlas como los seleccionados nacionales en su momento: Daniel Osorno, Jos\u00e9 de Jes\u00fas Corona, Juan Carlos \u201cTopo\u201d Valenzuela, Juan Carlos \u201cNegro\u201d Medina y Andr\u00e9s Guardado, entre otros.<\/p>\n","protected":false},"excerpt":{"rendered":"<p>Guadalajara, Jalisco.- Joel Esquivias reuni\u00f3 los requisitos que buscaba Samuel Flores. Y este mi\u00e9rcoles se&#8230;<\/p>\n","protected":false},"author":1,"featured_media":38005,"comment_status":"closed","ping_status":"closed","sticky":false,"template":"","format":"standard","meta":{"footnotes":""},"categories":[7,32],"tags":[],"class_list":["post-38004","post","type-post","status-publish","format-standard","has-post-thumbnail","hentry","category-deportes","category-soccer"],"_links":{"self":[{"href":"https:\/\/agpnoticias.com\/news\/index.php?rest_route=\/wp\/v2\/posts\/38004","targetHints":{"allow":["GET"]}}],"collection":[{"href":"https:\/\/agpnoticias.com\/news\/index.php?rest_route=\/wp\/v2\/posts"}],"about":[{"href":"https:\/\/agpnoticias.com\/news\/index.php?rest_route=\/wp\/v2\/types\/post"}],"author":[{"embeddable":true,"href":"https:\/\/agpnoticias.com\/news\/index.php?rest_route=\/wp\/v2\/users\/1"}],"replies":[{"embeddable":true,"href":"https:\/\/agpnoticias.com\/news\/index.php?rest_route=%2Fwp%2Fv2%2Fcomments&post=38004"}],"version-history":[{"count":3,"href":"https:\/\/agpnoticias.com\/news\/index.php?rest_route=\/wp\/v2\/posts\/38004\/revisions"}],"predecessor-version":[{"id":38011,"href":"https:\/\/agpnoticias.com\/news\/index.php?rest_route=\/wp\/v2\/posts\/38004\/revisions\/38011"}],"wp:featuredmedia":[{"embeddable":true,"href":"https:\/\/agpnoticias.com\/news\/index.php?rest_route=\/wp\/v2\/media\/38005"}],"wp:attachment":[{"href":"https:\/\/agpnoticias.com\/news\/index.php?rest_route=%2Fwp%2Fv2%2Fmedia&parent=38004"}],"wp:term":[{"taxonomy":"category","embeddable":true,"href":"https:\/\/agpnoticias.com\/news\/index.php?rest_route=%2Fwp%2Fv2%2Fcategories&post=38004"},{"taxonomy":"post_tag","embeddable":true,"href":"https:\/\/agpnoticias.com\/news\/index.php?rest_route=%2Fwp%2Fv2%2Ftags&post=38004"}],"curies":[{"name":"wp","href":"https:\/\/api.w.org\/{rel}","templated":true}]}}