{"id":38018,"date":"2014-01-30T21:55:44","date_gmt":"2014-01-31T05:55:44","guid":{"rendered":"http:\/\/agpnoticias.com\/news\/?p=38018"},"modified":"2014-01-30T22:01:07","modified_gmt":"2014-01-31T06:01:07","slug":"calendario-completo-de-carreras-atleticas-2014","status":"publish","type":"post","link":"https:\/\/agpnoticias.com\/news\/?p=38018","title":{"rendered":"Calendario completo de carreras atl\u00e9ticas 2014"},"content":{"rendered":"<figure id=\"attachment_38019\" aria-describedby=\"caption-attachment-38019\" style=\"width: 640px\" class=\"wp-caption aligncenter\"><a href=\"http:\/\/agpnoticias.com\/news\/?attachment_id=38019\" rel=\"attachment wp-att-38019\"><img fetchpriority=\"high\" decoding=\"async\" class=\"size-full wp-image-38019\" alt=\"Por primera vez ha sido publicada la programaci\u00f3n de los eventos atl\u00e9ticos en Ensenada\" src=\"http:\/\/agpnoticias.com\/news\/wp-content\/uploads\/2014\/01\/Por-primera-vez-ha-sido-publicada-la-programaci\u00f3n-de-los-eventos-atl\u00e9ticos-en-Ensenada.jpg\" width=\"640\" height=\"449\" srcset=\"https:\/\/agpnoticias.com\/news\/wp-content\/uploads\/2014\/01\/Por-primera-vez-ha-sido-publicada-la-programaci\u00f3n-de-los-eventos-atl\u00e9ticos-en-Ensenada.jpg 640w, https:\/\/agpnoticias.com\/news\/wp-content\/uploads\/2014\/01\/Por-primera-vez-ha-sido-publicada-la-programaci\u00f3n-de-los-eventos-atl\u00e9ticos-en-Ensenada-200x140.jpg 200w, https:\/\/agpnoticias.com\/news\/wp-content\/uploads\/2014\/01\/Por-primera-vez-ha-sido-publicada-la-programaci\u00f3n-de-los-eventos-atl\u00e9ticos-en-Ensenada-600x420.jpg 600w\" sizes=\"(max-width: 640px) 100vw, 640px\" \/><\/a><figcaption id=\"caption-attachment-38019\" class=\"wp-caption-text\">Por primera vez ha sido publicada la programaci\u00f3n de los eventos pedestres en Ensenada<\/figcaption><\/figure>\n<figure id=\"attachment_38020\" aria-describedby=\"caption-attachment-38020\" style=\"width: 401px\" class=\"wp-caption alignright\"><a href=\"http:\/\/agpnoticias.com\/news\/?attachment_id=38020\" rel=\"attachment wp-att-38020\"><img decoding=\"async\" class=\"size-full wp-image-38020\" alt=\"Inmudere revel\u00f3 el Calendario de Carreras Pedestres para 2014\" src=\"http:\/\/agpnoticias.com\/news\/wp-content\/uploads\/2014\/01\/Inmudere-revel\u00f3-el-Calendario-de-Carreras-Pedestres-para-2014.jpg\" width=\"401\" height=\"640\" srcset=\"https:\/\/agpnoticias.com\/news\/wp-content\/uploads\/2014\/01\/Inmudere-revel\u00f3-el-Calendario-de-Carreras-Pedestres-para-2014.jpg 401w, https:\/\/agpnoticias.com\/news\/wp-content\/uploads\/2014\/01\/Inmudere-revel\u00f3-el-Calendario-de-Carreras-Pedestres-para-2014-125x200.jpg 125w\" sizes=\"(max-width: 401px) 100vw, 401px\" \/><\/a><figcaption id=\"caption-attachment-38020\" class=\"wp-caption-text\">Inmudere revel\u00f3 el Calendario de Carreras Pedestres para 2014<\/figcaption><\/figure>\n<p>Ensenada, Baja California.- El Instituto Municipal del Deporte y Recreaci\u00f3n (Inmudere) ya cumpli\u00f3 con un eterno pendiente de las administraciones previas y ya public\u00f3 el calendario de carreras atl\u00e9ticas para lo que resta de 2014.<\/p>\n<p>\u201cNos retrasamos un poquito porque se nos cruzaron varias carreras, pero para eso hicimos el calendario, para resolver y conciliar con los promotores\u201d, indic\u00f3 Miguel Garc\u00eda Urias.<\/p>\n<p>El director de Inmudere dijo que \u201ctodo el a\u00f1o est\u00e1 cubierto por carreras\u201d despu\u00e9s de que los organizadores \u201cse pusieron de acuerdo entre ellos para no cruzar sus eventos en la misma fecha\u201d.<\/p>\n<p>Para la conformaci\u00f3n del rol se tomaron en cuenta las opiniones de todos los clubes y promotores que realizan carreras en el municipio.<\/p>\n<p>Ya definidas las fechas, \u201cvamos a estar pegando lonas en las principales unidades para que la gente se programe con tiempo y se entere de las fechas\u201d.<\/p>\n<p>\u201cEl compromiso que establecimos fue hacer el tr\u00e1mite ante seguridad p\u00fablica para facilitar las cosas a los promotores\u201d, agreg\u00f3.<\/p>\n<p>&nbsp;<\/p>\n<p><b>CALENDARIO CARRERAS PEDESTRES 2014<\/b><\/p>\n<p><b><span style=\"text-decoration: underline;\">Febrero<\/span><\/b><\/p>\n<p><b>Domingo 16<\/b><\/p>\n<p>8:00\u00a0\u00a0\u00a0\u00a0\u00a0\u00a0 Carrera de la Amistad (3 y 10 kms.) Unidad Deportiva Sullivan<\/p>\n<p><b>Domingo 23<\/b><\/p>\n<p>8:30\u00a0\u00a0\u00a0\u00a0\u00a0\u00a0 XVI Carrera de Aniversario de la UABC (6 kms.) Radio Universidad-Blvd. Costero<\/p>\n<p>&nbsp;<\/p>\n<p><b><span style=\"text-decoration: underline;\">Marzo<\/span><\/b><\/p>\n<p><b>Domingo 2<\/b><\/p>\n<p>8:00\u00a0\u00a0\u00a0\u00a0\u00a0\u00a0 Carrera de obst\u00e1culos Inmudere-UABC en Playa Hermosa<\/p>\n<p><b>Viernes 7<\/b><\/p>\n<p>10:00\u00a0\u00a0\u00a0\u00a0 Carrera 5\u00ba Aniversario Cobach en Ca\u00f1\u00f3n de Do\u00f1a Petra<\/p>\n<p><b>Domingo 9<\/b><\/p>\n<p>8:00\u00a0\u00a0\u00a0\u00a0\u00a0\u00a0 D\u00eda Internacional de la Mujer (5 kms.) Monumento a la Madre<\/p>\n<p><b>S\u00e1bado 15<\/b><\/p>\n<p>8:00\u00a0\u00a0\u00a0\u00a0\u00a0\u00a0 Festival Atl\u00e9tico Pista y Campo en Unidad deportiva Sullivan<\/p>\n<p><b>Domingo 16<\/b><\/p>\n<p>8:30\u00a0\u00a0\u00a0\u00a0\u00a0\u00a0 Carrera Recreativa Familiar UABC (3 y 5 kil\u00f3metros) UABC Valle Dorado<\/p>\n<p><b>Jueves 20<\/b><\/p>\n<p>10:00\u00a0\u00a0\u00a0\u00a0 Municipal Atl\u00e9tico Conadems Interprepas en Unidad deportiva Sullivan<\/p>\n<p><b>Domingo 23<\/b><\/p>\n<p>8:00\u00a0\u00a0\u00a0\u00a0\u00a0\u00a0 Carrera de la Primavera (4 y 8 kms.) Parque Ecol\u00f3gico Ca\u00f1\u00f3n de Do\u00f1a Petra<\/p>\n<p><b>Domingo 30<\/b><\/p>\n<p>9:00\u00a0\u00a0\u00a0\u00a0\u00a0\u00a0 Corre, Camina o Gatea (5 kms.) Rancho Valtierra<\/p>\n<p>&nbsp;<\/p>\n<p><b><span style=\"text-decoration: underline;\">Abril<\/span><\/b><\/p>\n<p><b>Viernes 4<\/b><\/p>\n<p>9:00\u00a0\u00a0\u00a0\u00a0\u00a0\u00a0 4\u00aa Carrera Cobach Aniversario (4 kms.) Cobach<\/p>\n<p><b>S\u00e1bado 5<\/b><\/p>\n<p>8:00\u00a0\u00a0\u00a0\u00a0\u00a0\u00a0 Carrera Acu\u00e1tica Cemaa (5 kms.) Aldama entre Primera y Segunda<\/p>\n<p><b>Domingo 6<\/b><\/p>\n<p>9:00\u00a0\u00a0\u00a0\u00a0\u00a0\u00a0 Segunda Carrera Pinta tu Salud (5 kms.) Unidad deportiva Sullivan<\/p>\n<p><b>Domingo 13<\/b><\/p>\n<p>7:00\u00a0\u00a0\u00a0\u00a0\u00a0\u00a0 Ensenada Running Motion Entrenamiento \u00bd Marat\u00f3n en Explanada Playa Hermosa<\/p>\n<p><b>S\u00e1bado 19<\/b><\/p>\n<p>8:00\u00a0\u00a0\u00a0\u00a0\u00a0\u00a0 Festival Atl\u00e9tico Infantil en Unidad deportiva Sullivan<\/p>\n<p><b>Domingo 20<\/b><\/p>\n<p>8:30\u00a0\u00a0\u00a0\u00a0\u00a0\u00a0 Carrera Recreativa Familiar UABC (3 y 5 kms.) UABC Valle Dorado<\/p>\n<p><b>Domingo 27<\/b><\/p>\n<p>5:00\u00a0\u00a0\u00a0\u00a0\u00a0\u00a0 Ultra Marat\u00f3n en Unidad deportiva Sullivan<\/p>\n<p>&nbsp;<\/p>\n<p><b><span style=\"text-decoration: underline;\">Mayo<\/span><\/b><\/p>\n<p><b>Jueves 1<\/b><\/p>\n<p>9:00\u00a0\u00a0\u00a0\u00a0\u00a0\u00a0 Carrera El Naranjo (5.8 kms.) El Cipr\u00e9s<\/p>\n<p><b>Domingo 4<\/b><\/p>\n<p>9\u00aa Carrera Arturo Barrios (5 kms.) Salida Plaza Pueblo Antiguo<\/p>\n<p><b>Domingo 11<\/b><\/p>\n<p>8:00\u00a0\u00a0\u00a0\u00a0\u00a0\u00a0 XII Medio Marat\u00f3n Internacional de Ensenada en Explanada Playa Hermosa<\/p>\n<p><b>Domingo 18<\/b><\/p>\n<p>8:30\u00a0\u00a0\u00a0\u00a0\u00a0\u00a0 Tercera Carrera Polit\u00e9cnico<\/p>\n<p><b>Domingo 25<\/b><\/p>\n<p>8:30\u00a0\u00a0\u00a0\u00a0\u00a0\u00a0 Carrera Xochicalco (2 y 5 kms.) en Xochicalco campus Ensenada<\/p>\n<p>&nbsp;<\/p>\n<p><b><span style=\"text-decoration: underline;\">Junio<\/span><\/b><\/p>\n<p><b>Domingo 1<\/b><\/p>\n<p>8:30\u00a0\u00a0\u00a0\u00a0\u00a0\u00a0 Primera Carrera de Titanes (5 kms.) en Titan Gym (Castillo entre 7 y 8)<\/p>\n<p><b>Domingo 8<\/b><\/p>\n<p>8:00\u00a0\u00a0\u00a0\u00a0\u00a0\u00a0 Corre Ni\u00f1o Corre (sede por confirmar)<\/p>\n<p><b>Domingo 15<\/b><\/p>\n<p>8:30\u00a0\u00a0\u00a0\u00a0\u00a0\u00a0 Qu\u00e9 padre carrera a campo traviesa (5 kms.) San Antonio de las Minas<\/p>\n<p><b>Domingo 22<\/b><\/p>\n<p>8:30\u00a0\u00a0\u00a0\u00a0\u00a0\u00a0 Recorre tu Puerto (5 kms.) Ventana al Mar<\/p>\n<p><b>Domingo 29<\/b><\/p>\n<p>8:00\u00a0\u00a0\u00a0\u00a0\u00a0\u00a0 Colegio de Ingenieros (5 kms.) Colegio de Ingenieros<\/p>\n<p>&nbsp;<\/p>\n<p><b><span style=\"text-decoration: underline;\">Julio<\/span><\/b><\/p>\n<p><b>Domingo 6<\/b><\/p>\n<p>8:30\u00a0\u00a0\u00a0\u00a0\u00a0\u00a0 Carrera Let\u00b4s Rock Papas&amp;Beer (5 y 10 kms.) Calle Primera<\/p>\n<p><b>Domingo 13<\/b><\/p>\n<p>8:30\u00a0\u00a0\u00a0\u00a0\u00a0\u00a0 Carrera Buscar Fitness (5 kms.) Playa Hermosa<\/p>\n<p><b>Domingo 20<\/b><\/p>\n<p>7:30\u00a0\u00a0\u00a0\u00a0\u00a0\u00a0 Triatl\u00f3n Salvavidas Sprint y Ol\u00edmpico en Playa Hermosa<\/p>\n<p><b>Domingo 27<\/b><\/p>\n<p>8:00\u00a0\u00a0\u00a0\u00a0\u00a0\u00a0 Todo Terreno Corre Sin L\u00edmites (9 kms.) Ca\u00f1\u00f3n de Do\u00f1a Petra<\/p>\n<p>&nbsp;<\/p>\n<p><b><span style=\"text-decoration: underline;\">Agosto<\/span><\/b><\/p>\n<p><b>Domingo 3<\/b><\/p>\n<p>7:00\u00a0\u00a0\u00a0\u00a0\u00a0\u00a0 Carrera Contra Obesidad (80 kms.) Ventana al Mar<\/p>\n<p><b>Domingo 17<\/b><\/p>\n<p>8:00\u00a0\u00a0\u00a0\u00a0\u00a0\u00a0 Carrera 1-2-3 a Correr Ensenada (10 kms.) Parque Revoluci\u00f3n<\/p>\n<p><b>Domingo 24<\/b><\/p>\n<p>7:00\u00a0\u00a0\u00a0\u00a0\u00a0\u00a0 Corre, Camina o Gatea con Me\u00f1os Team y Telas de Ensenada (5 kms.) Guadalupe y Ju\u00e1rez<\/p>\n<p><b>Domingo 31<\/b><\/p>\n<p>8:00\u00a0\u00a0\u00a0\u00a0\u00a0\u00a0 Carrera Fiesta en la Playa (5 kms.) Playa Hermosa<\/p>\n<p>&nbsp;<\/p>\n<p><b><span style=\"text-decoration: underline;\">Septiembre<\/span><\/b><\/p>\n<p><b>Domingo 7<\/b><\/p>\n<p>8:00\u00a0\u00a0\u00a0\u00a0\u00a0\u00a0 Carrera Sindicato de Bur\u00f3cratas (5 kms.) Avenida Diamante<\/p>\n<p><b>Domingo 14<\/b><\/p>\n<p>8:00\u00a0\u00a0\u00a0\u00a0\u00a0\u00a0 Carrera Acci\u00f3n Nacional (5 kms.) Oficinas PAN<\/p>\n<p><b>Domingo 14<\/b><\/p>\n<p>10:00\u00a0\u00a0\u00a0\u00a0 Acuatl\u00f3n Playero en Campo Tur\u00edstico La Jolla<\/p>\n<p><b>Viernes 19<\/b><\/p>\n<p>9:00\u00a0\u00a0\u00a0\u00a0\u00a0\u00a0 Festival Atl\u00e9tico Pista y Campo en Unidad deportiva Sullivan<\/p>\n<p><b>Domingo 21<\/b><\/p>\n<p>8:30\u00a0\u00a0\u00a0\u00a0\u00a0\u00a0 Aniversario Facultad de Deportes UABC (5 y 10 kms.) UABC Valle Dorado<\/p>\n<p><b>Domingo 28<\/b><\/p>\n<p>8:30\u00a0\u00a0\u00a0\u00a0\u00a0\u00a0 Carrera Instituto Tecnol\u00f3gico de Ensenada en ITE<\/p>\n<p><span style=\"text-decoration: underline;\">\u00a0<\/span><\/p>\n<p><b><span style=\"text-decoration: underline;\">Octubre<\/span><\/b><\/p>\n<p><b>Domingo 5<\/b><\/p>\n<p>8:00\u00a0\u00a0\u00a0\u00a0\u00a0\u00a0 Paso a Paso contra el C\u00e1ncer (5 y 10 kms.) Ventana al Mar<\/p>\n<p><b>Viernes 10<\/b><\/p>\n<p>9:00\u00a0\u00a0\u00a0\u00a0\u00a0\u00a0 Primera Carrera Atl\u00e9tica Fray Jun\u00edpero Serra (2 y 5 kms.)<\/p>\n<p><b>Domingo 12<\/b><\/p>\n<p>8:00\u00a0\u00a0\u00a0\u00a0\u00a0\u00a0 8\u00aa. Gran Carrera Atl\u00e9tica Construrama (3 y 5 kms.)<\/p>\n<p><b>S\u00e1bado 18<\/b><\/p>\n<p>9:00\u00a0\u00a0\u00a0\u00a0\u00a0\u00a0 Festival Atl\u00e9tico Pista y Campo en Unidad deportiva Sullivan<\/p>\n<p><b>Domingo 19<\/b><\/p>\n<p>8:30\u00a0\u00a0\u00a0\u00a0\u00a0\u00a0 Segundo Paseo Atl\u00e9tico Lucha contra el C\u00e1ncer GST-Asci<\/p>\n<p><b>Domingo 26<\/b><\/p>\n<p>8:30\u00a0\u00a0\u00a0\u00a0\u00a0\u00a0 Carrera Infantil de la Calaverita en Pante\u00f3n Jard\u00edn Modelo<\/p>\n<p>&nbsp;<\/p>\n<p><b><span style=\"text-decoration: underline;\">Noviembre<\/span><\/b><\/p>\n<p><b>Jueves 13 y Viernes 14<\/b><\/p>\n<p>9:00\u00a0\u00a0\u00a0\u00a0\u00a0\u00a0 Selectivo Municipal Atletismo rumbo a Olimpiada en Unidad deportiva Sullivan<\/p>\n<p><b>Domingo 16<\/b><\/p>\n<p>8:30\u00a0\u00a0\u00a0\u00a0\u00a0\u00a0 1er. Festival Atl\u00e9tico Infantil Revolucionario Apanac en Parque de la Colonia Obrero<\/p>\n<p><b>Domingo 30<\/b><\/p>\n<p>8:30\u00a0\u00a0\u00a0\u00a0\u00a0\u00a0 Primera Carrera Atl\u00e9tica San Jos\u00e9 (5 kms.) en Parque Guadalupe<\/p>\n<p><b>\u00a0<\/b><\/p>\n<p><b><span style=\"text-decoration: underline;\">Diciembre<\/span><\/b><\/p>\n<p><b>Domingo 7<\/b><\/p>\n<p>8:30\u00a0\u00a0\u00a0\u00a0\u00a0\u00a0 Carrera del Pavo en San Quint\u00edn (5 kms.) Unidad L\u00e1zaro C\u00e1rdenas<\/p>\n<p><b>Domingo 21<\/b><\/p>\n<p>8:30\u00a0\u00a0\u00a0\u00a0\u00a0\u00a0 Tradicional Carrera del Pavo (6.5 kms.) Rancho Bern\u00e1ldez en San Antonio de las Minas<\/p>\n<p><b>Domingo 28<\/b><\/p>\n<p>8:30\u00a0\u00a0\u00a0\u00a0\u00a0\u00a0 Corre Santa Corre (5.8 kms.) Unidad P\u00f3rticos del Mar<\/p>\n","protected":false},"excerpt":{"rendered":"<p>Ensenada, Baja California.- El Instituto Municipal del Deporte y Recreaci\u00f3n (Inmudere) ya cumpli\u00f3 con un&#8230;<\/p>\n","protected":false},"author":1,"featured_media":38019,"comment_status":"closed","ping_status":"closed","sticky":false,"template":"","format":"standard","meta":{"footnotes":""},"categories":[31,7],"tags":[],"class_list":["post-38018","post","type-post","status-publish","format-standard","has-post-thumbnail","hentry","category-atletismo","category-deportes"],"_links":{"self":[{"href":"https:\/\/agpnoticias.com\/news\/index.php?rest_route=\/wp\/v2\/posts\/38018","targetHints":{"allow":["GET"]}}],"collection":[{"href":"https:\/\/agpnoticias.com\/news\/index.php?rest_route=\/wp\/v2\/posts"}],"about":[{"href":"https:\/\/agpnoticias.com\/news\/index.php?rest_route=\/wp\/v2\/types\/post"}],"author":[{"embeddable":true,"href":"https:\/\/agpnoticias.com\/news\/index.php?rest_route=\/wp\/v2\/users\/1"}],"replies":[{"embeddable":true,"href":"https:\/\/agpnoticias.com\/news\/index.php?rest_route=%2Fwp%2Fv2%2Fcomments&post=38018"}],"version-history":[{"count":5,"href":"https:\/\/agpnoticias.com\/news\/index.php?rest_route=\/wp\/v2\/posts\/38018\/revisions"}],"predecessor-version":[{"id":38025,"href":"https:\/\/agpnoticias.com\/news\/index.php?rest_route=\/wp\/v2\/posts\/38018\/revisions\/38025"}],"wp:featuredmedia":[{"embeddable":true,"href":"https:\/\/agpnoticias.com\/news\/index.php?rest_route=\/wp\/v2\/media\/38019"}],"wp:attachment":[{"href":"https:\/\/agpnoticias.com\/news\/index.php?rest_route=%2Fwp%2Fv2%2Fmedia&parent=38018"}],"wp:term":[{"taxonomy":"category","embeddable":true,"href":"https:\/\/agpnoticias.com\/news\/index.php?rest_route=%2Fwp%2Fv2%2Fcategories&post=38018"},{"taxonomy":"post_tag","embeddable":true,"href":"https:\/\/agpnoticias.com\/news\/index.php?rest_route=%2Fwp%2Fv2%2Ftags&post=38018"}],"curies":[{"name":"wp","href":"https:\/\/api.w.org\/{rel}","templated":true}]}}