{"id":38044,"date":"2014-01-31T20:07:45","date_gmt":"2014-02-01T04:07:45","guid":{"rendered":"http:\/\/agpnoticias.com\/news\/?p=38044"},"modified":"2014-02-01T14:12:56","modified_gmt":"2014-02-01T22:12:56","slug":"celebran-aniversario-de-los-cafis","status":"publish","type":"post","link":"https:\/\/agpnoticias.com\/news\/?p=38044","title":{"rendered":"Celebran aniversario de los CAFIS"},"content":{"rendered":"<figure id=\"attachment_38045\" aria-describedby=\"caption-attachment-38045\" style=\"width: 640px\" class=\"wp-caption aligncenter\"><a href=\"http:\/\/agpnoticias.com\/news\/?attachment_id=38045\" rel=\"attachment wp-att-38045\"><img fetchpriority=\"high\" decoding=\"async\" class=\"size-full wp-image-38045\" alt=\"El gimnasio municipal fue sede del evento conmemorativo\" src=\"http:\/\/agpnoticias.com\/news\/wp-content\/uploads\/2014\/01\/El-gimnasio-municipal-fue-sede-del-evento-conmemorativo.jpg\" width=\"640\" height=\"428\" srcset=\"https:\/\/agpnoticias.com\/news\/wp-content\/uploads\/2014\/01\/El-gimnasio-municipal-fue-sede-del-evento-conmemorativo.jpg 640w, https:\/\/agpnoticias.com\/news\/wp-content\/uploads\/2014\/01\/El-gimnasio-municipal-fue-sede-del-evento-conmemorativo-200x133.jpg 200w, https:\/\/agpnoticias.com\/news\/wp-content\/uploads\/2014\/01\/El-gimnasio-municipal-fue-sede-del-evento-conmemorativo-600x401.jpg 600w\" sizes=\"(max-width: 640px) 100vw, 640px\" \/><\/a><figcaption id=\"caption-attachment-38045\" class=\"wp-caption-text\">El gimnasio municipal fue sede del evento conmemorativo<\/figcaption><\/figure>\n<p>Ensenada, Baja California.- Los Centro de Activaci\u00f3n F\u00edsica (CAFIS) cumplieron tres a\u00f1os y el Instituto Municipal del Deporte y Recreaci\u00f3n organiz\u00f3 un evento conmemorativo en el gimnasio \u00d3scar \u201cTigre\u201d Garc\u00eda.<\/p>\n<figure id=\"attachment_38046\" aria-describedby=\"caption-attachment-38046\" style=\"width: 320px\" class=\"wp-caption alignright\"><a href=\"http:\/\/agpnoticias.com\/news\/?attachment_id=38046\" rel=\"attachment wp-att-38046\"><img decoding=\"async\" class=\"size-medium wp-image-38046\" alt=\"Ligia Guerrero, coordinadora del proyecto\" src=\"http:\/\/agpnoticias.com\/news\/wp-content\/uploads\/2014\/01\/Ligia-Guerrero-es-la-coordinadora-del-proyecto-320x240.jpg\" width=\"320\" height=\"240\" \/><\/a><figcaption id=\"caption-attachment-38046\" class=\"wp-caption-text\">Ligia Guerrero, coordinadora del proyecto<\/figcaption><\/figure>\n<p>Ah\u00ed se reunieron integrantes de la mayor parte de los 23 centros que operan tanto en la zona urbana como en las delegaciones del municipio.<\/p>\n<p>\u201cEmpezamos con ocho centros en los parques y ahorita ya estamos en Camalu, Colonet, Ojos Negros, La Misi\u00f3n y vamos por la Colonia Vicente Guerrero\u201d, dijo la coordinadora del proyecto, Ligia Guerrero Soto.<\/p>\n<p>Su trabajo, explic\u00f3, consiste en ir a las colonias, buscar un espacio que administre Inmudere, o si no pedir permiso al municipio, para poner luz, buscar una instructora que viva cerca y que invite a la gente para darles una clase de activaci\u00f3n f\u00edsica.<\/p>\n<p>\u201cLas rutinas no tienen que ser s\u00f3lo de Zumba, puede ser Cachibol, Gimnasia, Aerobics\u2026 cualquier tipo de deporte, el caso es que las personas est\u00e9n en movimiento\u201d, detall\u00f3.<\/p>\n<p>En el gimnasio municipal, \u201clos profesores dieron su clase para que la gente sepa qui\u00e9n les gusta c\u00f3mo trabaja o cu\u00e1l les queda cerca de su domicilio\u201d.<\/p>\n<figure id=\"attachment_38047\" aria-describedby=\"caption-attachment-38047\" style=\"width: 320px\" class=\"wp-caption alignleft\"><a href=\"http:\/\/agpnoticias.com\/news\/?attachment_id=38047\" rel=\"attachment wp-att-38047\"><img decoding=\"async\" class=\"size-medium wp-image-38047\" alt=\"Desde Camal\u00fa llegaron las integrantes de un centro de activaci\u00f3n\" src=\"http:\/\/agpnoticias.com\/news\/wp-content\/uploads\/2014\/01\/Desde-Camal\u00fa-llegaron-las-integrantes-de-un-centro-de-activaci\u00f3n-320x240.jpg\" width=\"320\" height=\"240\" \/><\/a><figcaption id=\"caption-attachment-38047\" class=\"wp-caption-text\">Desde Camal\u00fa llegaron las integrantes de un centro de activaci\u00f3n<\/figcaption><\/figure>\n<p>El desaf\u00edo ahora consiste \u201cen hacer crecer los centros y poder llegar a las colonias m\u00e1s lejanas\u201d.<\/p>\n<p>Por su parte, Miguel Garc\u00eda Urias calific\u00f3 el evento de este viernes como \u201cel arranque oficial de los centros, como preparativo para el programa Ponte al 100 que coordinar\u00e1n la federaci\u00f3n y el estado.<\/p>\n<p>El director de Inmudere subray\u00f3 \u201cel extraordinario trabajo hecho por Ligia Guerrero\u201d para que los centros hayan funcionado como uno de los programas m\u00e1s exitosos de Inmudere.<\/p>\n<p>Tambi\u00e9n felicit\u00f3 a \u201clos instructores que forman este gran equipo de trabajo y que hacen posible poder festejar este tercera aniversario\u201d.<\/p>\n<p>\u201cPedimos una cooperaci\u00f3n a la gente que participa en los CAFIS para poder\u00a0 retribuir a la gente que los imparte y que lo hace porque les guste su trabajo, sin pensar en beneficios econ\u00f3micos\u201d, precis\u00f3.<\/p>\n<p>M\u00e1s adelante, \u201cesperamos bajar alg\u00fan recurso para que la gente no tenga que pagar\u201d a los instructores.<\/p>\n<p>&nbsp;<\/p>\n<p><b>CAFIS presentes<\/b><\/p>\n<p>Loma Linda, Fraccionamiento Mar, Lomitas, Unidad Francisco Villa, Morelos 2, Parque de la Colonia Obrera, P\u00f3rticos del Mar, Parque Miguel Hidalgo, Unidad deportiva Sullivan, Parque 3 Colonias, Unidad Vicente Guerrero, Los Encinos, Gimnasio Chapultepec, Colonia Jalisco, Parque Ecol\u00f3gico, Ca\u00f1\u00f3n Buena Vista, El Ajusco, Colonet, Camal\u00fa, Misiones de la Presa, Colonia Aduana, La Misi\u00f3n.<\/p>\n<figure id=\"attachment_38048\" aria-describedby=\"caption-attachment-38048\" style=\"width: 640px\" class=\"wp-caption aligncenter\"><a href=\"http:\/\/agpnoticias.com\/news\/?attachment_id=38048\" rel=\"attachment wp-att-38048\"><img loading=\"lazy\" decoding=\"async\" class=\"size-full wp-image-38048\" alt=\"Celebraron el tercera aniversario de los Centros de Activaci\u00f3n F\u00edsica\" src=\"http:\/\/agpnoticias.com\/news\/wp-content\/uploads\/2014\/01\/Celebraron-el-tercer-aniversario-de-los-Centros-de-Activaci\u00f3n-F\u00edsica.jpg\" width=\"640\" height=\"428\" srcset=\"https:\/\/agpnoticias.com\/news\/wp-content\/uploads\/2014\/01\/Celebraron-el-tercer-aniversario-de-los-Centros-de-Activaci\u00f3n-F\u00edsica.jpg 640w, https:\/\/agpnoticias.com\/news\/wp-content\/uploads\/2014\/01\/Celebraron-el-tercer-aniversario-de-los-Centros-de-Activaci\u00f3n-F\u00edsica-200x133.jpg 200w, https:\/\/agpnoticias.com\/news\/wp-content\/uploads\/2014\/01\/Celebraron-el-tercer-aniversario-de-los-Centros-de-Activaci\u00f3n-F\u00edsica-600x401.jpg 600w\" sizes=\"(max-width: 640px) 100vw, 640px\" \/><\/a><figcaption id=\"caption-attachment-38048\" class=\"wp-caption-text\">Celebraron el tercera aniversario de los Centros de Activaci\u00f3n F\u00edsica<\/figcaption><\/figure>\n","protected":false},"excerpt":{"rendered":"<p>Ensenada, Baja California.- Los Centro de Activaci\u00f3n F\u00edsica (CAFIS) cumplieron tres a\u00f1os y el Instituto&#8230;<\/p>\n","protected":false},"author":1,"featured_media":38045,"comment_status":"closed","ping_status":"closed","sticky":false,"template":"","format":"standard","meta":{"footnotes":""},"categories":[7],"tags":[],"class_list":["post-38044","post","type-post","status-publish","format-standard","has-post-thumbnail","hentry","category-deportes"],"_links":{"self":[{"href":"https:\/\/agpnoticias.com\/news\/index.php?rest_route=\/wp\/v2\/posts\/38044","targetHints":{"allow":["GET"]}}],"collection":[{"href":"https:\/\/agpnoticias.com\/news\/index.php?rest_route=\/wp\/v2\/posts"}],"about":[{"href":"https:\/\/agpnoticias.com\/news\/index.php?rest_route=\/wp\/v2\/types\/post"}],"author":[{"embeddable":true,"href":"https:\/\/agpnoticias.com\/news\/index.php?rest_route=\/wp\/v2\/users\/1"}],"replies":[{"embeddable":true,"href":"https:\/\/agpnoticias.com\/news\/index.php?rest_route=%2Fwp%2Fv2%2Fcomments&post=38044"}],"version-history":[{"count":3,"href":"https:\/\/agpnoticias.com\/news\/index.php?rest_route=\/wp\/v2\/posts\/38044\/revisions"}],"predecessor-version":[{"id":38062,"href":"https:\/\/agpnoticias.com\/news\/index.php?rest_route=\/wp\/v2\/posts\/38044\/revisions\/38062"}],"wp:featuredmedia":[{"embeddable":true,"href":"https:\/\/agpnoticias.com\/news\/index.php?rest_route=\/wp\/v2\/media\/38045"}],"wp:attachment":[{"href":"https:\/\/agpnoticias.com\/news\/index.php?rest_route=%2Fwp%2Fv2%2Fmedia&parent=38044"}],"wp:term":[{"taxonomy":"category","embeddable":true,"href":"https:\/\/agpnoticias.com\/news\/index.php?rest_route=%2Fwp%2Fv2%2Fcategories&post=38044"},{"taxonomy":"post_tag","embeddable":true,"href":"https:\/\/agpnoticias.com\/news\/index.php?rest_route=%2Fwp%2Fv2%2Ftags&post=38044"}],"curies":[{"name":"wp","href":"https:\/\/api.w.org\/{rel}","templated":true}]}}