{"id":38123,"date":"2014-02-02T20:21:47","date_gmt":"2014-02-03T04:21:47","guid":{"rendered":"http:\/\/agpnoticias.com\/news\/?p=38123"},"modified":"2014-02-02T20:21:47","modified_gmt":"2014-02-03T04:21:47","slug":"derrota-a-tiempo","status":"publish","type":"post","link":"https:\/\/agpnoticias.com\/news\/?p=38123","title":{"rendered":"Derrota a tiempo"},"content":{"rendered":"<figure id=\"attachment_38124\" aria-describedby=\"caption-attachment-38124\" style=\"width: 640px\" class=\"wp-caption aligncenter\"><a href=\"http:\/\/agpnoticias.com\/news\/?attachment_id=38124\" rel=\"attachment wp-att-38124\"><img fetchpriority=\"high\" decoding=\"async\" class=\"size-full wp-image-38124\" alt=\"Los Pescadores sostuvieron su \u00faltima prueba antes de medirse a los Diablos\" src=\"http:\/\/agpnoticias.com\/news\/wp-content\/uploads\/2014\/02\/Los-Pescadores-sostuvieron-su-\u00faltima-prueba-antes-de-medirse-a-los-Diablos.jpg\" width=\"640\" height=\"362\" srcset=\"https:\/\/agpnoticias.com\/news\/wp-content\/uploads\/2014\/02\/Los-Pescadores-sostuvieron-su-\u00faltima-prueba-antes-de-medirse-a-los-Diablos.jpg 640w, https:\/\/agpnoticias.com\/news\/wp-content\/uploads\/2014\/02\/Los-Pescadores-sostuvieron-su-\u00faltima-prueba-antes-de-medirse-a-los-Diablos-200x113.jpg 200w, https:\/\/agpnoticias.com\/news\/wp-content\/uploads\/2014\/02\/Los-Pescadores-sostuvieron-su-\u00faltima-prueba-antes-de-medirse-a-los-Diablos-600x339.jpg 600w\" sizes=\"(max-width: 640px) 100vw, 640px\" \/><\/a><figcaption id=\"caption-attachment-38124\" class=\"wp-caption-text\">Los Pescadores sostuvieron su \u00faltima prueba antes de medirse a los Diablos<\/figcaption><\/figure>\n<p>Ensenada, Baja California.- Aunque el marcador fue 2-0 en contra, Salvador Zazueta calific\u00f3 de positivo el encuentro de preparaci\u00f3n sostenido por los Pescadores de Ensenada ante el campe\u00f3n de la Liga de Primera Fuerza, Los Olivos.<\/p>\n<p>\u201cMe sirvi\u00f3 mucho para decidir con qui\u00e9n puedo contar y qu\u00e9 variantes podemos tener\u201d, coment\u00f3 el auxiliar t\u00e9cnico del equipo que iniciar\u00e1 la segunda vuelta del torneo de la Tercera Divisi\u00f3n el s\u00e1bado contra los Diablos de Ensenada.<\/p>\n<figure id=\"attachment_38125\" aria-describedby=\"caption-attachment-38125\" style=\"width: 200px\" class=\"wp-caption alignright\"><a href=\"http:\/\/agpnoticias.com\/news\/?attachment_id=38125\" rel=\"attachment wp-att-38125\"><img decoding=\"async\" class=\"size-thumbnail wp-image-38125\" alt=\"El campe\u00f3n de primera fuerza, Los Olivos, super\u00f3 2-0 al conjunto de Tercera Divisi\u00f3n\" src=\"http:\/\/agpnoticias.com\/news\/wp-content\/uploads\/2014\/02\/El-campe\u00f3n-de-primera-fuerza-Los-Olivos-super\u00f3-2-0-al-conjunto-de-Tercera-Divisi\u00f3n-200x178.jpg\" width=\"200\" height=\"178\" srcset=\"https:\/\/agpnoticias.com\/news\/wp-content\/uploads\/2014\/02\/El-campe\u00f3n-de-primera-fuerza-Los-Olivos-super\u00f3-2-0-al-conjunto-de-Tercera-Divisi\u00f3n-200x178.jpg 200w, https:\/\/agpnoticias.com\/news\/wp-content\/uploads\/2014\/02\/El-campe\u00f3n-de-primera-fuerza-Los-Olivos-super\u00f3-2-0-al-conjunto-de-Tercera-Divisi\u00f3n.jpg 539w\" sizes=\"(max-width: 200px) 100vw, 200px\" \/><\/a><figcaption id=\"caption-attachment-38125\" class=\"wp-caption-text\">El campe\u00f3n de primera fuerza, Los Olivos, super\u00f3 2-0 al conjunto de Tercera Divisi\u00f3n<\/figcaption><\/figure>\n<p>Contra Los Olivos, \u201cutilizamos dos planteamientos diferentes\u201d y \u201cme voy tranquilo por el funcionamiento\u201d, ya que \u201cel marcador no refleja lo que pas\u00f3, tuvimos mayor posesi\u00f3n y llegada, pero falt\u00f3 contundencia\u201d.<\/p>\n<p>Los goles del partido disputado en el campo Nueva Ensenada fueron obra de David Farf\u00e1n y Jos\u00e9 Carlos L\u00f3pez.<\/p>\n<p>El entrenador reci\u00e9n contratado, Joel Esquivias, vio el encuentro desde la grada y \u201cplaticar\u00e9 con \u00e9l para ajustar algunas cosas\u201d.<\/p>\n<p>Este lunes \u201chabr\u00e1 trabajo regenerativo para los que jugaron y f\u00edsico para los que no\u201d.<\/p>\n<p>Y el martes, cuando sea presentado Joel Esquivias, \u201cempezaremos a meterle con todo para (el juego contra) Diablos\u201d.<\/p>\n<p>Por su parte, el director deportivo de Pescadores, Genaro Rubio sostuvo que \u201cla evaluaci\u00f3n es favorable porque tuvimos muy pocos juegos en la pretemporada\u201d.<\/p>\n<p>\u201cEn el aspecto f\u00edsico vi bien a los jugadores, pero en el aspecto t\u00e1ctico hay cosas por corregir\u201d, estim\u00f3.<\/p>\n","protected":false},"excerpt":{"rendered":"<p>Ensenada, Baja California.- Aunque el marcador fue 2-0 en contra, Salvador Zazueta calific\u00f3 de positivo&#8230;<\/p>\n","protected":false},"author":1,"featured_media":38124,"comment_status":"closed","ping_status":"closed","sticky":false,"template":"","format":"standard","meta":{"footnotes":""},"categories":[7,32],"tags":[],"class_list":["post-38123","post","type-post","status-publish","format-standard","has-post-thumbnail","hentry","category-deportes","category-soccer"],"_links":{"self":[{"href":"https:\/\/agpnoticias.com\/news\/index.php?rest_route=\/wp\/v2\/posts\/38123","targetHints":{"allow":["GET"]}}],"collection":[{"href":"https:\/\/agpnoticias.com\/news\/index.php?rest_route=\/wp\/v2\/posts"}],"about":[{"href":"https:\/\/agpnoticias.com\/news\/index.php?rest_route=\/wp\/v2\/types\/post"}],"author":[{"embeddable":true,"href":"https:\/\/agpnoticias.com\/news\/index.php?rest_route=\/wp\/v2\/users\/1"}],"replies":[{"embeddable":true,"href":"https:\/\/agpnoticias.com\/news\/index.php?rest_route=%2Fwp%2Fv2%2Fcomments&post=38123"}],"version-history":[{"count":1,"href":"https:\/\/agpnoticias.com\/news\/index.php?rest_route=\/wp\/v2\/posts\/38123\/revisions"}],"predecessor-version":[{"id":38126,"href":"https:\/\/agpnoticias.com\/news\/index.php?rest_route=\/wp\/v2\/posts\/38123\/revisions\/38126"}],"wp:featuredmedia":[{"embeddable":true,"href":"https:\/\/agpnoticias.com\/news\/index.php?rest_route=\/wp\/v2\/media\/38124"}],"wp:attachment":[{"href":"https:\/\/agpnoticias.com\/news\/index.php?rest_route=%2Fwp%2Fv2%2Fmedia&parent=38123"}],"wp:term":[{"taxonomy":"category","embeddable":true,"href":"https:\/\/agpnoticias.com\/news\/index.php?rest_route=%2Fwp%2Fv2%2Fcategories&post=38123"},{"taxonomy":"post_tag","embeddable":true,"href":"https:\/\/agpnoticias.com\/news\/index.php?rest_route=%2Fwp%2Fv2%2Ftags&post=38123"}],"curies":[{"name":"wp","href":"https:\/\/api.w.org\/{rel}","templated":true}]}}