{"id":38142,"date":"2014-02-03T13:51:09","date_gmt":"2014-02-03T21:51:09","guid":{"rendered":"http:\/\/agpnoticias.com\/news\/?p=38142"},"modified":"2014-02-03T14:32:40","modified_gmt":"2014-02-03T22:32:40","slug":"campamento-ensenadense-para-refrendar-los-oros","status":"publish","type":"post","link":"https:\/\/agpnoticias.com\/news\/?p=38142","title":{"rendered":"Forjando oros desde Ensenada"},"content":{"rendered":"<figure id=\"attachment_38143\" aria-describedby=\"caption-attachment-38143\" style=\"width: 640px\" class=\"wp-caption aligncenter\"><a href=\"http:\/\/agpnoticias.com\/news\/?attachment_id=38143\" rel=\"attachment wp-att-38143\"><img fetchpriority=\"high\" decoding=\"async\" class=\"size-full wp-image-38143\" alt=\"Los tres equipos de Baja California competir\u00e1 en el regional en defensa de sus t\u00edtulos nacionales\" src=\"http:\/\/agpnoticias.com\/news\/wp-content\/uploads\/2014\/02\/Los-tres-equipos-de-Baja-California-competir\u00e1-en-el-regional-en-defensa-de-sus-t\u00edtulos-nacionales.jpg\" width=\"640\" height=\"406\" srcset=\"https:\/\/agpnoticias.com\/news\/wp-content\/uploads\/2014\/02\/Los-tres-equipos-de-Baja-California-competir\u00e1-en-el-regional-en-defensa-de-sus-t\u00edtulos-nacionales.jpg 640w, https:\/\/agpnoticias.com\/news\/wp-content\/uploads\/2014\/02\/Los-tres-equipos-de-Baja-California-competir\u00e1-en-el-regional-en-defensa-de-sus-t\u00edtulos-nacionales-200x126.jpg 200w, https:\/\/agpnoticias.com\/news\/wp-content\/uploads\/2014\/02\/Los-tres-equipos-de-Baja-California-competir\u00e1-en-el-regional-en-defensa-de-sus-t\u00edtulos-nacionales-600x380.jpg 600w\" sizes=\"(max-width: 640px) 100vw, 640px\" \/><\/a><figcaption id=\"caption-attachment-38143\" class=\"wp-caption-text\">Los tres equipos de Baja California competir\u00e1 en el regional en defensa de sus t\u00edtulos nacionales<\/figcaption><\/figure>\n<p>Ensenada, Baja California.- Ensenada ser\u00e1 el campamento desde el que las tres selecciones de Softbol de Baja California empezar\u00e1n a proyectar la defensa de sus medallas de oro en la pr\u00f3ximo Olimpiada Nacional.<\/p>\n<figure id=\"attachment_38144\" aria-describedby=\"caption-attachment-38144\" style=\"width: 457px\" class=\"wp-caption alignright\"><a href=\"http:\/\/agpnoticias.com\/news\/?attachment_id=38144\" rel=\"attachment wp-att-38144\"><img decoding=\"async\" class=\"size-full wp-image-38144\" alt=\"Ana Claudia L\u00f3pez, una de las m\u00e1ximas medallistas de Baja California\" src=\"http:\/\/agpnoticias.com\/news\/wp-content\/uploads\/2014\/02\/Ana-Claudia-L\u00f3pez-uno-de-las-m\u00e1ximas-medallistas-de-Baja-California.jpg\" width=\"457\" height=\"640\" srcset=\"https:\/\/agpnoticias.com\/news\/wp-content\/uploads\/2014\/02\/Ana-Claudia-L\u00f3pez-uno-de-las-m\u00e1ximas-medallistas-de-Baja-California.jpg 457w, https:\/\/agpnoticias.com\/news\/wp-content\/uploads\/2014\/02\/Ana-Claudia-L\u00f3pez-uno-de-las-m\u00e1ximas-medallistas-de-Baja-California-142x200.jpg 142w\" sizes=\"(max-width: 457px) 100vw, 457px\" \/><\/a><figcaption id=\"caption-attachment-38144\" class=\"wp-caption-text\">Ana Claudia L\u00f3pez, una de las m\u00e1ximas medallistas de Baja California<\/figcaption><\/figure>\n<p>\u201cSolicitamos todas las concentraciones en Ensenada para estar cerca de los jugadores de las tres selecciones\u201d, dijo Ricardo Meza M\u00e1rquez, previo a la eliminatoria regional a disputarse en Sinaloa a partir del 27 de febrero.<\/p>\n<p>Las selecciones Juvenil Menor y Juvenil Mayor Femenil, as\u00ed como la Juvenil Mayor Varonil, sostuvieron encuentros de preparaci\u00f3n y trabajo f\u00edsico, seg\u00fan lo informado por el presidente de la Asociaci\u00f3n Estatal de Softbol.<\/p>\n<p>\u201cLa Juvenil Mayor Varonil jug\u00f3 dos encuentros contra un combinado de la Liga Municipal y gan\u00f3 el segundo 2-1\u201d, mientras que el primero \u201ctermin\u00f3 empatado a cero\u201d en el campo Manuel \u201cCepillo\u201d Salgado.<\/p>\n<p>Y en el campo Jos\u00e9 \u201cPrieto\u201d Soto, las dos selecciones femeniles Juvenil Menor y Juvenil Mayor se midieron en par de ocasiones el domingo.<\/p>\n<p>El directivo ensenadense sostuvo que pese a que s\u00f3lo hay un boleto disponible en las tres categor\u00edas, Baja California saldr\u00e1 como estado favorito a colocar a sus selecciones en la fase nacional cuya sede ser\u00e1 Puebla, Puebla.<\/p>\n<p>\u201cNosotros tenemos a\u00f1os jugando as\u00ed ya con un boleto en juego en la zona m\u00e1s fuerte del pa\u00eds, estamos en la zona m\u00e1s fuerte del pa\u00eds con Sonora, Sinaloa y la Baja, y el equipo que pasa siempre llega a la final de la Olimpiada Nacional\u201d, apunt\u00f3.<\/p>\n<figure id=\"attachment_38147\" aria-describedby=\"caption-attachment-38147\" style=\"width: 320px\" class=\"wp-caption alignleft\"><a href=\"http:\/\/agpnoticias.com\/news\/?attachment_id=38147\" rel=\"attachment wp-att-38147\"><img decoding=\"async\" class=\"size-medium wp-image-38147\" alt=\"La selecci\u00f3n varonil trabaj\u00f3 en Ensenada\" src=\"http:\/\/agpnoticias.com\/news\/wp-content\/uploads\/2014\/02\/La-selecci\u00f3n-varonil-trabaj\u00f3-en-Ensenada-320x240.jpg\" width=\"320\" height=\"240\" \/><\/a><figcaption id=\"caption-attachment-38147\" class=\"wp-caption-text\">La selecci\u00f3n varonil trabaj\u00f3 en Ensenada<\/figcaption><\/figure>\n<p>Admiti\u00f3 que \u201cSonora y Sinaloa son equipos muy fuerte y le han dado seguimiento a sus jugadores, pero tenemos plena confianza de que nuestros muchachos van a sacar el trabajo adelante para estar en Puebla del 20 al 26 de mayo\u201d.<\/p>\n<p>En la selecci\u00f3n Juvenil Menor Femenil, \u201cel manager Carlos Bern\u00e1ldez continuar\u00e1 al frente para tratar de ganar la tercera medalla de oro consecutiva como lo hizo en Salamanca y Ensenada\u201d.<\/p>\n<p>\u201cCarlos gan\u00f3 el estatal en la categor\u00eda Juvenil Mayor Femenil, pero decidimos dejarlo en la menor para darle seguimiento\u201d, explic\u00f3.<\/p>\n<p>Mientras tanto, V\u00edctor Morayla, \u201cpor ser sub campe\u00f3n estatal con Tijuana, dirigir\u00e1 a la selecci\u00f3n Juvenil Mayor Femenil\u201d.<\/p>\n<p>Tampoco hubo duda en la elecci\u00f3n al manager de la selecci\u00f3n varonil: \u201cEncarnaci\u00f3n Le\u00f3n, campe\u00f3n estatal con Mexicali, ha sido el manager durante los \u00faltimos a\u00f1os con Baja California y seguir\u00e1 al frente\u201d.<\/p>\n<p>Ricardo Meza agradeci\u00f3 el respaldo otorgado por el Instituto del Deporte de Baja California (INDE) durante las concentraciones, as\u00ed como a los padres de familia que facilitan la incorporaci\u00f3n de sus hijos a las concentraciones.<\/p>\n<figure id=\"attachment_38146\" aria-describedby=\"caption-attachment-38146\" style=\"width: 640px\" class=\"wp-caption alignleft\"><a href=\"http:\/\/agpnoticias.com\/news\/?attachment_id=38146\" rel=\"attachment wp-att-38146\"><img loading=\"lazy\" decoding=\"async\" class=\"size-full wp-image-38146\" alt=\"Las selecciones femeniles entrenaron en el campo Jos\u00e9 Prieto Soto\" src=\"http:\/\/agpnoticias.com\/news\/wp-content\/uploads\/2014\/02\/Las-selecciones-femeniles-entrenaron-en-el-campo-Jos\u00e9-Prieto-Soto.jpg\" width=\"640\" height=\"427\" srcset=\"https:\/\/agpnoticias.com\/news\/wp-content\/uploads\/2014\/02\/Las-selecciones-femeniles-entrenaron-en-el-campo-Jos\u00e9-Prieto-Soto.jpg 640w, https:\/\/agpnoticias.com\/news\/wp-content\/uploads\/2014\/02\/Las-selecciones-femeniles-entrenaron-en-el-campo-Jos\u00e9-Prieto-Soto-200x133.jpg 200w, https:\/\/agpnoticias.com\/news\/wp-content\/uploads\/2014\/02\/Las-selecciones-femeniles-entrenaron-en-el-campo-Jos\u00e9-Prieto-Soto-600x400.jpg 600w\" sizes=\"(max-width: 640px) 100vw, 640px\" \/><\/a><figcaption id=\"caption-attachment-38146\" class=\"wp-caption-text\">Las selecciones femeniles entrenaron en el campo Jos\u00e9 Prieto Soto<\/figcaption><\/figure>\n","protected":false},"excerpt":{"rendered":"<p>Ensenada, Baja California.- Ensenada ser\u00e1 el campamento desde el que las tres selecciones de Softbol&#8230;<\/p>\n","protected":false},"author":1,"featured_media":38143,"comment_status":"closed","ping_status":"closed","sticky":false,"template":"","format":"standard","meta":{"footnotes":""},"categories":[73,7],"tags":[],"class_list":["post-38142","post","type-post","status-publish","format-standard","has-post-thumbnail","hentry","category-deportebajacalifornia","category-deportes"],"_links":{"self":[{"href":"https:\/\/agpnoticias.com\/news\/index.php?rest_route=\/wp\/v2\/posts\/38142","targetHints":{"allow":["GET"]}}],"collection":[{"href":"https:\/\/agpnoticias.com\/news\/index.php?rest_route=\/wp\/v2\/posts"}],"about":[{"href":"https:\/\/agpnoticias.com\/news\/index.php?rest_route=\/wp\/v2\/types\/post"}],"author":[{"embeddable":true,"href":"https:\/\/agpnoticias.com\/news\/index.php?rest_route=\/wp\/v2\/users\/1"}],"replies":[{"embeddable":true,"href":"https:\/\/agpnoticias.com\/news\/index.php?rest_route=%2Fwp%2Fv2%2Fcomments&post=38142"}],"version-history":[{"count":3,"href":"https:\/\/agpnoticias.com\/news\/index.php?rest_route=\/wp\/v2\/posts\/38142\/revisions"}],"predecessor-version":[{"id":38153,"href":"https:\/\/agpnoticias.com\/news\/index.php?rest_route=\/wp\/v2\/posts\/38142\/revisions\/38153"}],"wp:featuredmedia":[{"embeddable":true,"href":"https:\/\/agpnoticias.com\/news\/index.php?rest_route=\/wp\/v2\/media\/38143"}],"wp:attachment":[{"href":"https:\/\/agpnoticias.com\/news\/index.php?rest_route=%2Fwp%2Fv2%2Fmedia&parent=38142"}],"wp:term":[{"taxonomy":"category","embeddable":true,"href":"https:\/\/agpnoticias.com\/news\/index.php?rest_route=%2Fwp%2Fv2%2Fcategories&post=38142"},{"taxonomy":"post_tag","embeddable":true,"href":"https:\/\/agpnoticias.com\/news\/index.php?rest_route=%2Fwp%2Fv2%2Ftags&post=38142"}],"curies":[{"name":"wp","href":"https:\/\/api.w.org\/{rel}","templated":true}]}}