{"id":38519,"date":"2014-02-14T18:42:39","date_gmt":"2014-02-15T02:42:39","guid":{"rendered":"http:\/\/agpnoticias.com\/news\/?p=38519"},"modified":"2014-02-14T18:42:39","modified_gmt":"2014-02-15T02:42:39","slug":"van-los-pescadores-para-largo","status":"publish","type":"post","link":"https:\/\/agpnoticias.com\/news\/?p=38519","title":{"rendered":"Van los Pescadores para largo"},"content":{"rendered":"<figure id=\"attachment_38520\" aria-describedby=\"caption-attachment-38520\" style=\"width: 320px\" class=\"wp-caption alignright\"><a href=\"http:\/\/agpnoticias.com\/news\/?attachment_id=38520\" rel=\"attachment wp-att-38520\"><img fetchpriority=\"high\" decoding=\"async\" class=\"size-medium wp-image-38520\" alt=\"Roberto Mu\u00f1oz garantiz\u00f3 la permanencia del equipo en Ensenada m\u00e1s all\u00e1 de la actual temporada\" src=\"http:\/\/agpnoticias.com\/news\/wp-content\/uploads\/2014\/02\/Roberto-Mu\u00f1oz-garantiz\u00f3-la-permanencia-del-equipo-en-Ensenada-m\u00e1s-all\u00e1-de-la-actual-temporada-320x240.jpg\" width=\"320\" height=\"240\" \/><\/a><figcaption id=\"caption-attachment-38520\" class=\"wp-caption-text\">Roberto Mu\u00f1oz garantiz\u00f3 la permanencia del equipo en Ensenada m\u00e1s all\u00e1 de la actual temporada<\/figcaption><\/figure>\n<p>Ensenada, Baja California.- Aquellos rumores que en alg\u00fan momento apuntaron a la desaparici\u00f3n del equipo Pescadores de Ensenada al t\u00e9rmino del torneo de la Tercera Divisi\u00f3n llegaron a tener fundamento.<\/p>\n<p>Pero, de dos meses a la fecha, el proyecto ha sido replanteado de tal forma que \u201cno s\u00f3lo queremos seguir mucho tiempo, sino quedarnos para siempre en Ensenada\u201d.<\/p>\n<p>\u201cEl panorama cambio hace dos meses con la fuerza que le imprimi\u00f3 Samuel Flores desde su llegada a la vicepresidencia\u201d, sostuvo Roberto Mu\u00f1oz.<\/p>\n<p>El presidente de Pescadores garantiz\u00f3 que \u201cel proyecto se quedar\u00e1 en Ensenada para siempre, ahora con aspiraciones de clasificaci\u00f3n y la apertura de una academia\u201d.<\/p>\n<p>Durante la primera vuelta del actual torneo \u201cfuimos la segunda mejor afici\u00f3n de todo el pa\u00eds en la Tercera Divisi\u00f3n y puedo decir con certeza que vamos a continuar con esta buena comunicaci\u00f3n que se ha dado entre equipo y afici\u00f3n\u201d.<\/p>\n<p>&nbsp;<\/p>\n<p><b>Franquicia segura<\/b><\/p>\n<p>Actualmente Pescadores juega con la franquicia de Nuevos Valores de Occidente, propiedad del empresario jalisciense Luis Alc\u00e1ntara, a quien \u201cle rent\u00e9 el equipo por un a\u00f1o para ver c\u00f3mo reaccionaba Ensenada al futbol profesional\u201d.<\/p>\n<p>\u201cAhora pretendemos comprar una franquicia a la federaci\u00f3n o conseguir una en conjunto con los equipos que tenemos convenio\u201d, adelant\u00f3.<\/p>\n<p>Por lo pronto, \u201cya no nos preocupa si no podemos rentar la misma franquicia, porque tenemos una carta amplia para escoger\u201d, dijo en torno al convenio de colaboraci\u00f3n con Grupo Pachuca.<\/p>\n<p>&nbsp;<\/p>\n<p><b>Profesionalismo<\/b><\/p>\n<p>Con la llegada de Samuel Flores a la directiva y Joel Esquivias al cuerpo t\u00e9cnico, \u201cPescadores est\u00e1 tomando la forma que nosotros quer\u00edamos que se tomara\u201d.<\/p>\n<p>\u201cEste domingo, contra Indios, la afici\u00f3n ya ver\u00e1 un quipo profesional dentro y fuera del campo\u201d, indic\u00f3.<\/p>\n<p>Con Joel Esquivias \u201cencontramos al formador de futbolistas que busc\u00e1bamos, para que manejara el aspecto t\u00e9cnico y psicol\u00f3gico\u201d.<\/p>\n<p>\u201cDespu\u00e9s de los cambios en la organizaci\u00f3n vamos por la clasificaci\u00f3n, esos son los objetivos, porque tambi\u00e9n han llegado buenos refuerzos\u201d, apunt\u00f3.<\/p>\n<p>&nbsp;<\/p>\n<p><b>Patronato<\/b><\/p>\n<p>El campo uno de Ciudad Deportiva, casa de los Pescadores, es administrado por un patronato que \u201cnos ha apoyado al cien por ciento\u201d.<\/p>\n<p>Aunque la directiva tiene que aportar un 40 por ciento de lo ingresado en cada jornada como local, Roberto Mu\u00f1oz consider\u00f3 ben\u00e9fico el convenio con el patronato que encabeza el abogado Rub\u00e9n Reyes Moreno.<\/p>\n<p>\u201cEllos saben el esfuerzo que hicimos para traer la franquicia y s\u00ed hay un porcentaje que aportamos, pero es para destinarlo a que la infraestructura del estadio no decaiga y que lo que se genere se vea en las instalaciones\u201d, se\u00f1al\u00f3.<\/p>\n<p>Puso como ejemplo, \u201clos vestidores de primer nivel y muchas cosas en las que estamos invirtiendo para que el proyecto perdure\u201d.<\/p>\n<p>Los integrantes del patronato \u201cnos han abierto las puertas y est\u00e1n contentos porque ven las entradas de hasta mil 400 aficionados y el espect\u00e1culo que estamos brindando, y nosotros tenemos la seguridad que esta ser\u00e1 la casa de los Pescadores\u201d.<\/p>\n","protected":false},"excerpt":{"rendered":"<p>Ensenada, Baja California.- Aquellos rumores que en alg\u00fan momento apuntaron a la desaparici\u00f3n del equipo&#8230;<\/p>\n","protected":false},"author":1,"featured_media":38520,"comment_status":"closed","ping_status":"closed","sticky":false,"template":"","format":"standard","meta":{"footnotes":""},"categories":[7,32],"tags":[],"class_list":["post-38519","post","type-post","status-publish","format-standard","has-post-thumbnail","hentry","category-deportes","category-soccer"],"_links":{"self":[{"href":"https:\/\/agpnoticias.com\/news\/index.php?rest_route=\/wp\/v2\/posts\/38519","targetHints":{"allow":["GET"]}}],"collection":[{"href":"https:\/\/agpnoticias.com\/news\/index.php?rest_route=\/wp\/v2\/posts"}],"about":[{"href":"https:\/\/agpnoticias.com\/news\/index.php?rest_route=\/wp\/v2\/types\/post"}],"author":[{"embeddable":true,"href":"https:\/\/agpnoticias.com\/news\/index.php?rest_route=\/wp\/v2\/users\/1"}],"replies":[{"embeddable":true,"href":"https:\/\/agpnoticias.com\/news\/index.php?rest_route=%2Fwp%2Fv2%2Fcomments&post=38519"}],"version-history":[{"count":1,"href":"https:\/\/agpnoticias.com\/news\/index.php?rest_route=\/wp\/v2\/posts\/38519\/revisions"}],"predecessor-version":[{"id":38521,"href":"https:\/\/agpnoticias.com\/news\/index.php?rest_route=\/wp\/v2\/posts\/38519\/revisions\/38521"}],"wp:featuredmedia":[{"embeddable":true,"href":"https:\/\/agpnoticias.com\/news\/index.php?rest_route=\/wp\/v2\/media\/38520"}],"wp:attachment":[{"href":"https:\/\/agpnoticias.com\/news\/index.php?rest_route=%2Fwp%2Fv2%2Fmedia&parent=38519"}],"wp:term":[{"taxonomy":"category","embeddable":true,"href":"https:\/\/agpnoticias.com\/news\/index.php?rest_route=%2Fwp%2Fv2%2Fcategories&post=38519"},{"taxonomy":"post_tag","embeddable":true,"href":"https:\/\/agpnoticias.com\/news\/index.php?rest_route=%2Fwp%2Fv2%2Ftags&post=38519"}],"curies":[{"name":"wp","href":"https:\/\/api.w.org\/{rel}","templated":true}]}}