{"id":38533,"date":"2014-02-15T17:28:58","date_gmt":"2014-02-16T01:28:58","guid":{"rendered":"http:\/\/agpnoticias.com\/news\/?p=38533"},"modified":"2014-02-15T18:25:04","modified_gmt":"2014-02-16T02:25:04","slug":"pruebas-de-fuego","status":"publish","type":"post","link":"https:\/\/agpnoticias.com\/news\/?p=38533","title":{"rendered":"Pruebas de fuego"},"content":{"rendered":"<figure id=\"attachment_38534\" aria-describedby=\"caption-attachment-38534\" style=\"width: 640px\" class=\"wp-caption aligncenter\"><a href=\"http:\/\/agpnoticias.com\/news\/?attachment_id=38534\" rel=\"attachment wp-att-38534\"><img fetchpriority=\"high\" decoding=\"async\" class=\"size-full wp-image-38534\" alt=\"La selecci\u00f3n Juvenil Mayor Varonil durante su concentraci\u00f3n en Ensenada\" src=\"http:\/\/agpnoticias.com\/news\/wp-content\/uploads\/2014\/02\/La-selecci\u00f3n-Juvenil-Mayor-Varonil-durante-su-concentraci\u00f3n-en-Ensenada.jpg\" width=\"640\" height=\"395\" srcset=\"https:\/\/agpnoticias.com\/news\/wp-content\/uploads\/2014\/02\/La-selecci\u00f3n-Juvenil-Mayor-Varonil-durante-su-concentraci\u00f3n-en-Ensenada.jpg 640w, https:\/\/agpnoticias.com\/news\/wp-content\/uploads\/2014\/02\/La-selecci\u00f3n-Juvenil-Mayor-Varonil-durante-su-concentraci\u00f3n-en-Ensenada-200x123.jpg 200w, https:\/\/agpnoticias.com\/news\/wp-content\/uploads\/2014\/02\/La-selecci\u00f3n-Juvenil-Mayor-Varonil-durante-su-concentraci\u00f3n-en-Ensenada-600x370.jpg 600w\" sizes=\"(max-width: 640px) 100vw, 640px\" \/><\/a><figcaption id=\"caption-attachment-38534\" class=\"wp-caption-text\">La selecci\u00f3n Juvenil Mayor Varonil durante su concentraci\u00f3n en Ensenada<\/figcaption><\/figure>\n<p>Ensenada, Baja California.- \u00a0Ante sinodales como el seleccionado nacional P\u00e1nfilo Valdez y aspirantes a representar a M\u00e9xico en Juegos Centroamericanos y del Caribe, los combinados de Softbol de Baja California sostuvieron una nueva concentraci\u00f3n en Ensenada.<\/p>\n<figure id=\"attachment_38535\" aria-describedby=\"caption-attachment-38535\" style=\"width: 458px\" class=\"wp-caption alignright\"><a href=\"http:\/\/agpnoticias.com\/news\/?attachment_id=38535\" rel=\"attachment wp-att-38535\"><img decoding=\"async\" class=\"size-full wp-image-38535\" alt=\"Ricardo Meza, presidente de la Asociaci\u00f3n Estatal de Softbol\" src=\"http:\/\/agpnoticias.com\/news\/wp-content\/uploads\/2014\/02\/Ricardo-Meza-presidente-de-la-Asociaci\u00f3n-Estatal-de-Softbol.jpg\" width=\"458\" height=\"640\" srcset=\"https:\/\/agpnoticias.com\/news\/wp-content\/uploads\/2014\/02\/Ricardo-Meza-presidente-de-la-Asociaci\u00f3n-Estatal-de-Softbol.jpg 458w, https:\/\/agpnoticias.com\/news\/wp-content\/uploads\/2014\/02\/Ricardo-Meza-presidente-de-la-Asociaci\u00f3n-Estatal-de-Softbol-143x200.jpg 143w\" sizes=\"(max-width: 458px) 100vw, 458px\" \/><\/a><figcaption id=\"caption-attachment-38535\" class=\"wp-caption-text\">Ricardo Meza, presidente de la Asociaci\u00f3n Estatal de Softbol<\/figcaption><\/figure>\n<p>\u201cLa selecci\u00f3n varonil (Juvenil Mayor) est\u00e1 sosteniendo un juego en el que esperamos a P\u00e1nfilo Valdez para que sepan c\u00f3mo responder ante un pitcher de ese nivel\u201d, explic\u00f3 Ricardo Meza M\u00e1rquez.<\/p>\n<p>El presidente de la Asociaci\u00f3n Estatal de Softbol agreg\u00f3 que los dos seleccionados femeniles de Baja California, Juvenil Menor y Juvenil Mayor, tambi\u00e9n tuvieron compromisos frente a seleccionadas nacionales.<\/p>\n<p>\u201cLas selecciones femeniles jugar\u00e1n contra un combinado en el que fueron invitadas las posibles seleccionadas de M\u00e9xico en centroamericanos: Saidy L\u00f3pez, Diana de la Toba, Jessica Guti\u00e9rrez e Iris Casta\u00f1eda\u201d, explic\u00f3.<\/p>\n<p>Las aspiraciones de las tres selecciones de Baja California \u2013todas ganadoras de las medallas de oro en la Olimpiada Nacional 2013\u2013 \u201cson las mismas para el regional que iniciar\u00e1 el 27 de febrero en Hermosillo: ganar los \u00fanicos boletos que estar\u00e1n en juego\u201d.<\/p>\n<p>\u201cEsperamos estar con los tres equipos en la Olimpiada Nacional de Puebla, para eso trabajamos\u201d, apunt\u00f3 el directivo.<\/p>\n<figure id=\"attachment_38558\" aria-describedby=\"caption-attachment-38558\" style=\"width: 640px\" class=\"wp-caption alignright\"><a href=\"http:\/\/agpnoticias.com\/news\/?attachment_id=38558\" rel=\"attachment wp-att-38558\"><img decoding=\"async\" class=\"size-full wp-image-38558\" alt=\"Las selecciones estatales buscar\u00e1n refrendar los oros en Olimpiada Nacional\" src=\"http:\/\/agpnoticias.com\/news\/wp-content\/uploads\/2014\/02\/Las-selecciones-estatales-buscar\u00e1n-refrendar-los-oros-en-Olimpiada-Nacional.jpg\" width=\"640\" height=\"427\" srcset=\"https:\/\/agpnoticias.com\/news\/wp-content\/uploads\/2014\/02\/Las-selecciones-estatales-buscar\u00e1n-refrendar-los-oros-en-Olimpiada-Nacional.jpg 640w, https:\/\/agpnoticias.com\/news\/wp-content\/uploads\/2014\/02\/Las-selecciones-estatales-buscar\u00e1n-refrendar-los-oros-en-Olimpiada-Nacional-200x133.jpg 200w, https:\/\/agpnoticias.com\/news\/wp-content\/uploads\/2014\/02\/Las-selecciones-estatales-buscar\u00e1n-refrendar-los-oros-en-Olimpiada-Nacional-600x400.jpg 600w\" sizes=\"(max-width: 640px) 100vw, 640px\" \/><\/a><figcaption id=\"caption-attachment-38558\" class=\"wp-caption-text\">Las selecciones estatales buscar\u00e1n refrendar los oros en Olimpiada Nacional<\/figcaption><\/figure>\n","protected":false},"excerpt":{"rendered":"<p>Ensenada, Baja California.- \u00a0Ante sinodales como el seleccionado nacional P\u00e1nfilo Valdez y aspirantes a representar&#8230;<\/p>\n","protected":false},"author":1,"featured_media":38558,"comment_status":"closed","ping_status":"closed","sticky":false,"template":"","format":"standard","meta":{"footnotes":""},"categories":[7],"tags":[],"class_list":["post-38533","post","type-post","status-publish","format-standard","has-post-thumbnail","hentry","category-deportes"],"_links":{"self":[{"href":"https:\/\/agpnoticias.com\/news\/index.php?rest_route=\/wp\/v2\/posts\/38533","targetHints":{"allow":["GET"]}}],"collection":[{"href":"https:\/\/agpnoticias.com\/news\/index.php?rest_route=\/wp\/v2\/posts"}],"about":[{"href":"https:\/\/agpnoticias.com\/news\/index.php?rest_route=\/wp\/v2\/types\/post"}],"author":[{"embeddable":true,"href":"https:\/\/agpnoticias.com\/news\/index.php?rest_route=\/wp\/v2\/users\/1"}],"replies":[{"embeddable":true,"href":"https:\/\/agpnoticias.com\/news\/index.php?rest_route=%2Fwp%2Fv2%2Fcomments&post=38533"}],"version-history":[{"count":3,"href":"https:\/\/agpnoticias.com\/news\/index.php?rest_route=\/wp\/v2\/posts\/38533\/revisions"}],"predecessor-version":[{"id":38559,"href":"https:\/\/agpnoticias.com\/news\/index.php?rest_route=\/wp\/v2\/posts\/38533\/revisions\/38559"}],"wp:featuredmedia":[{"embeddable":true,"href":"https:\/\/agpnoticias.com\/news\/index.php?rest_route=\/wp\/v2\/media\/38558"}],"wp:attachment":[{"href":"https:\/\/agpnoticias.com\/news\/index.php?rest_route=%2Fwp%2Fv2%2Fmedia&parent=38533"}],"wp:term":[{"taxonomy":"category","embeddable":true,"href":"https:\/\/agpnoticias.com\/news\/index.php?rest_route=%2Fwp%2Fv2%2Fcategories&post=38533"},{"taxonomy":"post_tag","embeddable":true,"href":"https:\/\/agpnoticias.com\/news\/index.php?rest_route=%2Fwp%2Fv2%2Ftags&post=38533"}],"curies":[{"name":"wp","href":"https:\/\/api.w.org\/{rel}","templated":true}]}}