{"id":38537,"date":"2014-02-15T17:37:25","date_gmt":"2014-02-16T01:37:25","guid":{"rendered":"http:\/\/agpnoticias.com\/news\/?p=38537"},"modified":"2014-02-15T17:37:25","modified_gmt":"2014-02-16T01:37:25","slug":"preparan-tope-a-universiada","status":"publish","type":"post","link":"https:\/\/agpnoticias.com\/news\/?p=38537","title":{"rendered":"Preparan tope a Universiada"},"content":{"rendered":"<figure id=\"attachment_38538\" aria-describedby=\"caption-attachment-38538\" style=\"width: 640px\" class=\"wp-caption alignright\"><a href=\"http:\/\/agpnoticias.com\/news\/?attachment_id=38538\" rel=\"attachment wp-att-38538\"><img fetchpriority=\"high\" decoding=\"async\" class=\"size-full wp-image-38538\" alt=\"Los Cimarrones iniciar\u00e1n el camino en la etapa estatal\" src=\"http:\/\/agpnoticias.com\/news\/wp-content\/uploads\/2014\/02\/Los-Cimarrones-iniciar\u00e1n-el-camino-rumbo-a-la-Universiada-Nacional.jpg\" width=\"640\" height=\"428\" srcset=\"https:\/\/agpnoticias.com\/news\/wp-content\/uploads\/2014\/02\/Los-Cimarrones-iniciar\u00e1n-el-camino-rumbo-a-la-Universiada-Nacional.jpg 640w, https:\/\/agpnoticias.com\/news\/wp-content\/uploads\/2014\/02\/Los-Cimarrones-iniciar\u00e1n-el-camino-rumbo-a-la-Universiada-Nacional-200x133.jpg 200w, https:\/\/agpnoticias.com\/news\/wp-content\/uploads\/2014\/02\/Los-Cimarrones-iniciar\u00e1n-el-camino-rumbo-a-la-Universiada-Nacional-600x401.jpg 600w\" sizes=\"(max-width: 640px) 100vw, 640px\" \/><\/a><figcaption id=\"caption-attachment-38538\" class=\"wp-caption-text\">Los Cimarrones iniciar\u00e1n el camino en la etapa estatal<\/figcaption><\/figure>\n<p>Ensenada, Baja California.- Los Cimarrones de la UABC est\u00e1n en el camino a una nueva Universiada Nacional.<\/p>\n<p>El conjunto de futbol dirigido por Juan M\u00e1rquez disputar\u00e1 la fase inicial a nivel estado frente a otras instituciones universitario en Mexicali durante la tercera semana de marzo para buscar la clasificaci\u00f3n al regional.<\/p>\n<figure id=\"attachment_38539\" aria-describedby=\"caption-attachment-38539\" style=\"width: 480px\" class=\"wp-caption alignright\"><a href=\"http:\/\/agpnoticias.com\/news\/?attachment_id=38539\" rel=\"attachment wp-att-38539\"><img decoding=\"async\" class=\"size-full wp-image-38539\" alt=\"El conjunto universitario se midi\u00f3 a Diablos\" src=\"http:\/\/agpnoticias.com\/news\/wp-content\/uploads\/2014\/02\/El-conjunto-universitario-se-midi\u00f3-a-Diablos.jpg\" width=\"480\" height=\"550\" srcset=\"https:\/\/agpnoticias.com\/news\/wp-content\/uploads\/2014\/02\/El-conjunto-universitario-se-midi\u00f3-a-Diablos.jpg 480w, https:\/\/agpnoticias.com\/news\/wp-content\/uploads\/2014\/02\/El-conjunto-universitario-se-midi\u00f3-a-Diablos-174x200.jpg 174w\" sizes=\"(max-width: 480px) 100vw, 480px\" \/><\/a><figcaption id=\"caption-attachment-38539\" class=\"wp-caption-text\">El conjunto universitario se midi\u00f3 a Diablos<\/figcaption><\/figure>\n<p>\u201cEn el estatal clasificar\u00e1n dos equipos al regional de Culiac\u00e1n donde tambi\u00e9n hay dos boletos a la Universiada Nacional que ser\u00e1 en Puebla\u201d, explic\u00f3 el entrenador.<\/p>\n<p>Para la UABC el desaf\u00edo consistir\u00e1 en hilar su cuarta clasificaci\u00f3n a la fase nacional a partir de la tercera semana de marzo, tal como lo hizo en de 2011 a 2013.<\/p>\n<p>\u201cEn Estado de M\u00e9xico quedamos en la primera ronda y despu\u00e9s fuimos s\u00e9ptimos en Xalapa y Culiac\u00e1n el a\u00f1o pasado\u201d, precis\u00f3.<\/p>\n<p>La base de la selecci\u00f3n de la UABC \u201cse ha renovado, ha cambiado\u201d y los lugares est\u00e1n repartidos entre jugadores de Ensenada, Mexicali y Tijuana.<\/p>\n<p>El s\u00e1bado, el conjunto universitario se midi\u00f3 al equipo de la Tercera Divisi\u00f3n Diablos de Ensenada en el campo Nueva Ensenada.<\/p>\n<p>\u201cAprovechamos que la concentraci\u00f3n de esta semana fue en Ensenada y que los Diablos descansaron\u201d, apunt\u00f3 Juan M\u00e1rquez.<\/p>\n","protected":false},"excerpt":{"rendered":"<p>Ensenada, Baja California.- Los Cimarrones de la UABC est\u00e1n en el camino a una nueva&#8230;<\/p>\n","protected":false},"author":1,"featured_media":38538,"comment_status":"closed","ping_status":"closed","sticky":false,"template":"","format":"standard","meta":{"footnotes":""},"categories":[7,32],"tags":[],"class_list":["post-38537","post","type-post","status-publish","format-standard","has-post-thumbnail","hentry","category-deportes","category-soccer"],"_links":{"self":[{"href":"https:\/\/agpnoticias.com\/news\/index.php?rest_route=\/wp\/v2\/posts\/38537","targetHints":{"allow":["GET"]}}],"collection":[{"href":"https:\/\/agpnoticias.com\/news\/index.php?rest_route=\/wp\/v2\/posts"}],"about":[{"href":"https:\/\/agpnoticias.com\/news\/index.php?rest_route=\/wp\/v2\/types\/post"}],"author":[{"embeddable":true,"href":"https:\/\/agpnoticias.com\/news\/index.php?rest_route=\/wp\/v2\/users\/1"}],"replies":[{"embeddable":true,"href":"https:\/\/agpnoticias.com\/news\/index.php?rest_route=%2Fwp%2Fv2%2Fcomments&post=38537"}],"version-history":[{"count":1,"href":"https:\/\/agpnoticias.com\/news\/index.php?rest_route=\/wp\/v2\/posts\/38537\/revisions"}],"predecessor-version":[{"id":38540,"href":"https:\/\/agpnoticias.com\/news\/index.php?rest_route=\/wp\/v2\/posts\/38537\/revisions\/38540"}],"wp:featuredmedia":[{"embeddable":true,"href":"https:\/\/agpnoticias.com\/news\/index.php?rest_route=\/wp\/v2\/media\/38538"}],"wp:attachment":[{"href":"https:\/\/agpnoticias.com\/news\/index.php?rest_route=%2Fwp%2Fv2%2Fmedia&parent=38537"}],"wp:term":[{"taxonomy":"category","embeddable":true,"href":"https:\/\/agpnoticias.com\/news\/index.php?rest_route=%2Fwp%2Fv2%2Fcategories&post=38537"},{"taxonomy":"post_tag","embeddable":true,"href":"https:\/\/agpnoticias.com\/news\/index.php?rest_route=%2Fwp%2Fv2%2Ftags&post=38537"}],"curies":[{"name":"wp","href":"https:\/\/api.w.org\/{rel}","templated":true}]}}