{"id":38541,"date":"2014-02-15T17:43:38","date_gmt":"2014-02-16T01:43:38","guid":{"rendered":"http:\/\/agpnoticias.com\/news\/?p=38541"},"modified":"2014-02-15T17:44:51","modified_gmt":"2014-02-16T01:44:51","slug":"diablos-indispensable","status":"publish","type":"post","link":"https:\/\/agpnoticias.com\/news\/?p=38541","title":{"rendered":"Diablo indispensable"},"content":{"rendered":"<figure id=\"attachment_38542\" aria-describedby=\"caption-attachment-38542\" style=\"width: 640px\" class=\"wp-caption aligncenter\"><a href=\"http:\/\/agpnoticias.com\/news\/?attachment_id=38542\" rel=\"attachment wp-att-38542\"><img fetchpriority=\"high\" decoding=\"async\" class=\"size-full wp-image-38542\" alt=\"Luis S\u00e1nchez, titular en el equipo ensenadense\" src=\"http:\/\/agpnoticias.com\/news\/wp-content\/uploads\/2014\/02\/Luis-S\u00e1nchez-titular-en-el-equipo-ensenadense.jpg\" width=\"640\" height=\"427\" srcset=\"https:\/\/agpnoticias.com\/news\/wp-content\/uploads\/2014\/02\/Luis-S\u00e1nchez-titular-en-el-equipo-ensenadense.jpg 640w, https:\/\/agpnoticias.com\/news\/wp-content\/uploads\/2014\/02\/Luis-S\u00e1nchez-titular-en-el-equipo-ensenadense-200x133.jpg 200w, https:\/\/agpnoticias.com\/news\/wp-content\/uploads\/2014\/02\/Luis-S\u00e1nchez-titular-en-el-equipo-ensenadense-600x400.jpg 600w\" sizes=\"(max-width: 640px) 100vw, 640px\" \/><\/a><figcaption id=\"caption-attachment-38542\" class=\"wp-caption-text\">Luis S\u00e1nchez, titular en el equipo ensenadense<\/figcaption><\/figure>\n<p>Ensenada, Baja California.- Luis S\u00e1nchez rectific\u00f3 despu\u00e9s de haber dejado la pretemporada de Diablos y regres\u00f3 para continuar como su referente en el medio campo.<\/p>\n<p>\u201cYa qued\u00f3 arreglada la situaci\u00f3n con la directiva, recib\u00ed un apoyo econ\u00f3mico y aqu\u00ed estamos de vuelta para colaborar\u201d, coment\u00f3 el volante que destac\u00f3 la semana pasada en el empate a uno frente a Pescadores.<\/p>\n<p>Los Diablos descansaron dentro del Grupo XIII de la Tercera Divisi\u00f3n apenas a una semana de la reanudaci\u00f3n en la segunda vuelta, lo que para el futbolista que milit\u00f3 en fuerzas b\u00e1sicas de Cruz Azul \u201cha sido ben\u00e9fico\u201d.<\/p>\n<p>\u201cHemos tenido tiempo de trabajar ciertas cosas que el profe (Carlos Ram\u00f3n Figueroa) ha ajustado como el parado atr\u00e1s, desatenciones en la marca y desconcentraciones que tuvimos y nos costaron la victoria (contra Pescadores)\u201d, consider\u00f3.<\/p>\n<p>Al inicio de la segunda vuelta, Luis S\u00e1nchez ve unos Diablos \u201cm\u00e1s unidos, m\u00e1s conjuntados, porque hay mayor conocimiento con los jugadores que llegaron de fuera al inicio del torneo\u201d.<\/p>\n<p>\u201cYa encajamos todos en el mismo canal y ahora queremos seguir en el cuarto lugar para aspirar a la calificaci\u00f3n\u201d, coment\u00f3.<\/p>\n<p>Para lograr esa meta, \u201cdebemos empezar a buscar m\u00e1s puntos de visita, porque en la primera vuelta nada m\u00e1s rescatamos un empate y no pudimos ganar\u201d.<\/p>\n","protected":false},"excerpt":{"rendered":"<p>Ensenada, Baja California.- Luis S\u00e1nchez rectific\u00f3 despu\u00e9s de haber dejado la pretemporada de Diablos y&#8230;<\/p>\n","protected":false},"author":1,"featured_media":38542,"comment_status":"closed","ping_status":"closed","sticky":false,"template":"","format":"standard","meta":{"footnotes":""},"categories":[7,32],"tags":[],"class_list":["post-38541","post","type-post","status-publish","format-standard","has-post-thumbnail","hentry","category-deportes","category-soccer"],"_links":{"self":[{"href":"https:\/\/agpnoticias.com\/news\/index.php?rest_route=\/wp\/v2\/posts\/38541","targetHints":{"allow":["GET"]}}],"collection":[{"href":"https:\/\/agpnoticias.com\/news\/index.php?rest_route=\/wp\/v2\/posts"}],"about":[{"href":"https:\/\/agpnoticias.com\/news\/index.php?rest_route=\/wp\/v2\/types\/post"}],"author":[{"embeddable":true,"href":"https:\/\/agpnoticias.com\/news\/index.php?rest_route=\/wp\/v2\/users\/1"}],"replies":[{"embeddable":true,"href":"https:\/\/agpnoticias.com\/news\/index.php?rest_route=%2Fwp%2Fv2%2Fcomments&post=38541"}],"version-history":[{"count":2,"href":"https:\/\/agpnoticias.com\/news\/index.php?rest_route=\/wp\/v2\/posts\/38541\/revisions"}],"predecessor-version":[{"id":38544,"href":"https:\/\/agpnoticias.com\/news\/index.php?rest_route=\/wp\/v2\/posts\/38541\/revisions\/38544"}],"wp:featuredmedia":[{"embeddable":true,"href":"https:\/\/agpnoticias.com\/news\/index.php?rest_route=\/wp\/v2\/media\/38542"}],"wp:attachment":[{"href":"https:\/\/agpnoticias.com\/news\/index.php?rest_route=%2Fwp%2Fv2%2Fmedia&parent=38541"}],"wp:term":[{"taxonomy":"category","embeddable":true,"href":"https:\/\/agpnoticias.com\/news\/index.php?rest_route=%2Fwp%2Fv2%2Fcategories&post=38541"},{"taxonomy":"post_tag","embeddable":true,"href":"https:\/\/agpnoticias.com\/news\/index.php?rest_route=%2Fwp%2Fv2%2Ftags&post=38541"}],"curies":[{"name":"wp","href":"https:\/\/api.w.org\/{rel}","templated":true}]}}