{"id":38567,"date":"2014-02-15T22:17:51","date_gmt":"2014-02-16T06:17:51","guid":{"rendered":"http:\/\/agpnoticias.com\/news\/?p=38567"},"modified":"2017-01-18T14:46:56","modified_gmt":"2017-01-18T22:46:56","slug":"podio-para-el-olimpico-perez-vertti","status":"publish","type":"post","link":"https:\/\/agpnoticias.com\/news\/?p=38567","title":{"rendered":"Podio para el ol\u00edmpico P\u00e9rez Vertti"},"content":{"rendered":"<figure id=\"attachment_38569\" aria-describedby=\"caption-attachment-38569\" style=\"width: 161px\" class=\"wp-caption alignright\"><a href=\"http:\/\/agpnoticias.com\/news\/?attachment_id=38569\" rel=\"attachment wp-att-38569\"><img decoding=\"async\" class=\"size-thumbnail wp-image-38569\" alt=\"El nadador ensenadense colabor\u00f3 con la plata por equipos para M\u00e9xico\" src=\"http:\/\/agpnoticias.com\/news\/wp-content\/uploads\/2014\/02\/El-nadador-ensenadense-colabor\u00f3-con-la-plata-por-equipos-para-M\u00e9xico-161x200.jpg\" width=\"161\" height=\"200\" srcset=\"https:\/\/agpnoticias.com\/news\/wp-content\/uploads\/2014\/02\/El-nadador-ensenadense-colabor\u00f3-con-la-plata-por-equipos-para-M\u00e9xico-161x200.jpg 161w, https:\/\/agpnoticias.com\/news\/wp-content\/uploads\/2014\/02\/El-nadador-ensenadense-colabor\u00f3-con-la-plata-por-equipos-para-M\u00e9xico.jpg 480w\" sizes=\"(max-width: 161px) 100vw, 161px\" \/><\/a><figcaption id=\"caption-attachment-38569\" class=\"wp-caption-text\">El nadador ensenadense colabor\u00f3 con la plata por equipos para M\u00e9xico<\/figcaption><\/figure>\n<p>Orlando, Florida.- Arturo P\u00e9rez Vertti colabor\u00f3 con el equipo mexicano que obtuvo la medalla de plata en los 800 metros libres durante el Grand Prix organizado por la Federaci\u00f3n Internacional de Nataci\u00f3n.<\/p>\n<p>El ol\u00edmpico ensenadense se uni\u00f3 al tijuanense Andr\u00e9s Olvera, el neoleon\u00e9s \u00c1ngel Mart\u00ednez y el veracruzano Alejandro Escudero para consumar la conquista con tiempo de 7:42.84, s\u00f3lo detr\u00e1s del equipo alem\u00e1n, cuyo registro fue de 7:42.19.<\/p>\n<p>Adem\u00e1s, P\u00e9rez Vertti fue l\u00edder de la final B con 4:03.13 en el d\u00e9cimo sexto lugar del ranking absoluto, donde el tijuanense Olvera alcanz\u00f3 medalla de bronce con 3:55.73 como el \u00fanico latinoamericano en el podio.<\/p>\n<p>La competencia tambi\u00e9n reuni\u00f3 a nadadores de otros pa\u00edses latinoamericanos como Colombia, Venezuela y Guatemala dentro de la preparaci\u00f3n de sus seleccionados hacia los Juegos Centroamericanos y del Caribe de Veracruz.<\/p>\n<p>&nbsp;<\/p>\n<p><i>Informaci\u00f3n y fotograf\u00eda: Instituto del Deporte y la Cultura F\u00edsica de Baja California.<\/i><\/p>\n","protected":false},"excerpt":{"rendered":"<p>Orlando, Florida.- Arturo P\u00e9rez Vertti colabor\u00f3 con el equipo mexicano que obtuvo la medalla de&#8230;<\/p>\n","protected":false},"author":1,"featured_media":38568,"comment_status":"closed","ping_status":"closed","sticky":false,"template":"","format":"standard","meta":{"footnotes":""},"categories":[7,705],"tags":[],"class_list":["post-38567","post","type-post","status-publish","format-standard","has-post-thumbnail","hentry","category-deportes","category-natacion"],"_links":{"self":[{"href":"https:\/\/agpnoticias.com\/news\/index.php?rest_route=\/wp\/v2\/posts\/38567","targetHints":{"allow":["GET"]}}],"collection":[{"href":"https:\/\/agpnoticias.com\/news\/index.php?rest_route=\/wp\/v2\/posts"}],"about":[{"href":"https:\/\/agpnoticias.com\/news\/index.php?rest_route=\/wp\/v2\/types\/post"}],"author":[{"embeddable":true,"href":"https:\/\/agpnoticias.com\/news\/index.php?rest_route=\/wp\/v2\/users\/1"}],"replies":[{"embeddable":true,"href":"https:\/\/agpnoticias.com\/news\/index.php?rest_route=%2Fwp%2Fv2%2Fcomments&post=38567"}],"version-history":[{"count":1,"href":"https:\/\/agpnoticias.com\/news\/index.php?rest_route=\/wp\/v2\/posts\/38567\/revisions"}],"predecessor-version":[{"id":38570,"href":"https:\/\/agpnoticias.com\/news\/index.php?rest_route=\/wp\/v2\/posts\/38567\/revisions\/38570"}],"wp:featuredmedia":[{"embeddable":true,"href":"https:\/\/agpnoticias.com\/news\/index.php?rest_route=\/wp\/v2\/media\/38568"}],"wp:attachment":[{"href":"https:\/\/agpnoticias.com\/news\/index.php?rest_route=%2Fwp%2Fv2%2Fmedia&parent=38567"}],"wp:term":[{"taxonomy":"category","embeddable":true,"href":"https:\/\/agpnoticias.com\/news\/index.php?rest_route=%2Fwp%2Fv2%2Fcategories&post=38567"},{"taxonomy":"post_tag","embeddable":true,"href":"https:\/\/agpnoticias.com\/news\/index.php?rest_route=%2Fwp%2Fv2%2Ftags&post=38567"}],"curies":[{"name":"wp","href":"https:\/\/api.w.org\/{rel}","templated":true}]}}