{"id":38572,"date":"2014-02-16T11:52:12","date_gmt":"2014-02-16T19:52:12","guid":{"rendered":"http:\/\/agpnoticias.com\/news\/?p=38572"},"modified":"2014-02-16T11:52:12","modified_gmt":"2014-02-16T19:52:12","slug":"unidos-corrieron-por-la-amistad","status":"publish","type":"post","link":"https:\/\/agpnoticias.com\/news\/?p=38572","title":{"rendered":"Unidos, corrieron por la Amistad"},"content":{"rendered":"<figure id=\"attachment_38573\" aria-describedby=\"caption-attachment-38573\" style=\"width: 640px\" class=\"wp-caption aligncenter\"><a href=\"http:\/\/agpnoticias.com\/news\/?attachment_id=38573\" rel=\"attachment wp-att-38573\"><img fetchpriority=\"high\" decoding=\"async\" class=\"size-full wp-image-38573\" alt=\"Los corredores Gabriel Mart\u00ednez y Mara Paniagua durante el trayecto recreativo\" src=\"http:\/\/agpnoticias.com\/news\/wp-content\/uploads\/2014\/02\/Los-corredores-Gabriel-Mart\u00ednez-y-Mara-Paniagua-durante-el-trayecto-recreativo.jpg\" width=\"640\" height=\"427\" srcset=\"https:\/\/agpnoticias.com\/news\/wp-content\/uploads\/2014\/02\/Los-corredores-Gabriel-Mart\u00ednez-y-Mara-Paniagua-durante-el-trayecto-recreativo.jpg 640w, https:\/\/agpnoticias.com\/news\/wp-content\/uploads\/2014\/02\/Los-corredores-Gabriel-Mart\u00ednez-y-Mara-Paniagua-durante-el-trayecto-recreativo-200x133.jpg 200w, https:\/\/agpnoticias.com\/news\/wp-content\/uploads\/2014\/02\/Los-corredores-Gabriel-Mart\u00ednez-y-Mara-Paniagua-durante-el-trayecto-recreativo-600x400.jpg 600w\" sizes=\"(max-width: 640px) 100vw, 640px\" \/><\/a><figcaption id=\"caption-attachment-38573\" class=\"wp-caption-text\">Los corredores Gabriel Mart\u00ednez y Mara Paniagua durante el trayecto recreativo<\/figcaption><\/figure>\n<p>Ensenada, Baja California.- En primer t\u00e9rmino salieron los corredores que tomaron el desaf\u00edo de recorrer la ruta de 10 kil\u00f3metros.<\/p>\n<figure id=\"attachment_38574\" aria-describedby=\"caption-attachment-38574\" style=\"width: 452px\" class=\"wp-caption alignright\"><a href=\"http:\/\/agpnoticias.com\/news\/?attachment_id=38574\" rel=\"attachment wp-att-38574\"><img decoding=\"async\" class=\"size-full wp-image-38574\" alt=\"Cynthia Medina durante su arribo a la meta\" src=\"http:\/\/agpnoticias.com\/news\/wp-content\/uploads\/2014\/02\/Cynthia-Medina-durante-su-arribo-a-la-meta.jpg\" width=\"452\" height=\"640\" srcset=\"https:\/\/agpnoticias.com\/news\/wp-content\/uploads\/2014\/02\/Cynthia-Medina-durante-su-arribo-a-la-meta.jpg 452w, https:\/\/agpnoticias.com\/news\/wp-content\/uploads\/2014\/02\/Cynthia-Medina-durante-su-arribo-a-la-meta-141x200.jpg 141w\" sizes=\"(max-width: 452px) 100vw, 452px\" \/><\/a><figcaption id=\"caption-attachment-38574\" class=\"wp-caption-text\">Cynthia Medina durante su arribo a la meta<\/figcaption><\/figure>\n<p>Ya despu\u00e9s toc\u00f3 el turno de las parejas convocadas por Ephra\u00edn Zarate para competir,\u00a0 tomados de la mano, en un recorrido recreativo de 3 kil\u00f3metros.<\/p>\n<p>\u201cEstamos enfocados no s\u00f3lo a organizar eventos de competencia sino a fortalecer lazos sociales a trav\u00e9s de valores como los que se promueven por estas fechas\u201d, indic\u00f3 el promotor de la Carrera de la Amistad.<\/p>\n<p>La pista de la unidad deportiva Juan Abelardo Rodr\u00edguez Sullivan fue sede de la meta cruzada primero que nadie por Daniel Hern\u00e1ndez tras 33 minutos y 27 segundos.<\/p>\n<p>Despu\u00e9s llegaron Gabriel Mart\u00ednez (34:34), Alan Marr\u00f3n (34:59), Sergio Candelario (35:22) y Guillermo Prieto (37:44).<\/p>\n<p>Entre las femeniles lider\u00f3\u00a0 Xochitl Miguel (41:38), Mariana de la Cruz (43:12), Laura Bola\u00f1os (43:40), Cynthia Medina (43:53) y Lourdes Palomo (47:41).<\/p>\n<p>Minutos m\u00e1s tarde sali\u00f3 el contingente que corri\u00f3 tres kil\u00f3metros, en su mayor\u00eda integrado por parejas.<\/p>\n<p>\u201cEn los 10 kil\u00f3metros hubo premio en efectivo a los ganadores de cada categor\u00eda y trofeos a los segundos y terceros lugares\u201d, mientras que \u201cen los 3 kil\u00f3metros se dieron camisetas a las 25 primeras parejas y todos los participantes entraron a rifas\u201d, apunt\u00f3.<\/p>\n<p>Entre las dos rutas, \u201ccontamos con la participaci\u00f3n como de 600 personas\u201d.<\/p>\n<figure id=\"attachment_38575\" aria-describedby=\"caption-attachment-38575\" style=\"width: 640px\" class=\"wp-caption aligncenter\"><a href=\"http:\/\/agpnoticias.com\/news\/?attachment_id=38575\" rel=\"attachment wp-att-38575\"><img decoding=\"async\" class=\"size-full wp-image-38575\" alt=\"Daniel Hern\u00e1ndez gan\u00f3 los 10 kil\u00f3metros\" src=\"http:\/\/agpnoticias.com\/news\/wp-content\/uploads\/2014\/02\/Daniel-Hern\u00e1ndez-gan\u00f3-los-10-kil\u00f3metros.jpg\" width=\"640\" height=\"463\" srcset=\"https:\/\/agpnoticias.com\/news\/wp-content\/uploads\/2014\/02\/Daniel-Hern\u00e1ndez-gan\u00f3-los-10-kil\u00f3metros.jpg 640w, https:\/\/agpnoticias.com\/news\/wp-content\/uploads\/2014\/02\/Daniel-Hern\u00e1ndez-gan\u00f3-los-10-kil\u00f3metros-200x144.jpg 200w, https:\/\/agpnoticias.com\/news\/wp-content\/uploads\/2014\/02\/Daniel-Hern\u00e1ndez-gan\u00f3-los-10-kil\u00f3metros-600x434.jpg 600w\" sizes=\"(max-width: 640px) 100vw, 640px\" \/><\/a><figcaption id=\"caption-attachment-38575\" class=\"wp-caption-text\">Daniel Hern\u00e1ndez gan\u00f3 los 10 kil\u00f3metros<\/figcaption><\/figure>\n","protected":false},"excerpt":{"rendered":"<p>Ensenada, Baja California.- En primer t\u00e9rmino salieron los corredores que tomaron el desaf\u00edo de recorrer&#8230;<\/p>\n","protected":false},"author":1,"featured_media":38573,"comment_status":"closed","ping_status":"closed","sticky":false,"template":"","format":"standard","meta":{"footnotes":""},"categories":[31,7],"tags":[],"class_list":["post-38572","post","type-post","status-publish","format-standard","has-post-thumbnail","hentry","category-atletismo","category-deportes"],"_links":{"self":[{"href":"https:\/\/agpnoticias.com\/news\/index.php?rest_route=\/wp\/v2\/posts\/38572","targetHints":{"allow":["GET"]}}],"collection":[{"href":"https:\/\/agpnoticias.com\/news\/index.php?rest_route=\/wp\/v2\/posts"}],"about":[{"href":"https:\/\/agpnoticias.com\/news\/index.php?rest_route=\/wp\/v2\/types\/post"}],"author":[{"embeddable":true,"href":"https:\/\/agpnoticias.com\/news\/index.php?rest_route=\/wp\/v2\/users\/1"}],"replies":[{"embeddable":true,"href":"https:\/\/agpnoticias.com\/news\/index.php?rest_route=%2Fwp%2Fv2%2Fcomments&post=38572"}],"version-history":[{"count":1,"href":"https:\/\/agpnoticias.com\/news\/index.php?rest_route=\/wp\/v2\/posts\/38572\/revisions"}],"predecessor-version":[{"id":38576,"href":"https:\/\/agpnoticias.com\/news\/index.php?rest_route=\/wp\/v2\/posts\/38572\/revisions\/38576"}],"wp:featuredmedia":[{"embeddable":true,"href":"https:\/\/agpnoticias.com\/news\/index.php?rest_route=\/wp\/v2\/media\/38573"}],"wp:attachment":[{"href":"https:\/\/agpnoticias.com\/news\/index.php?rest_route=%2Fwp%2Fv2%2Fmedia&parent=38572"}],"wp:term":[{"taxonomy":"category","embeddable":true,"href":"https:\/\/agpnoticias.com\/news\/index.php?rest_route=%2Fwp%2Fv2%2Fcategories&post=38572"},{"taxonomy":"post_tag","embeddable":true,"href":"https:\/\/agpnoticias.com\/news\/index.php?rest_route=%2Fwp%2Fv2%2Ftags&post=38572"}],"curies":[{"name":"wp","href":"https:\/\/api.w.org\/{rel}","templated":true}]}}