{"id":3873,"date":"2011-05-23T15:07:52","date_gmt":"2011-05-23T22:07:52","guid":{"rendered":"http:\/\/agpnoticias.com\/news\/?p=3873"},"modified":"2012-12-10T23:07:20","modified_gmt":"2012-12-11T06:07:20","slug":"preparan-la-carrera-de-off-road-baja-500-en-ensenada","status":"publish","type":"post","link":"https:\/\/agpnoticias.com\/news\/?p=3873","title":{"rendered":"Preparan la carrera de Off Road Baja 500 en Ensenada"},"content":{"rendered":"<figure style=\"width: 259px\" class=\"wp-caption alignright\"><a href=\"http:\/\/agpnoticias.com\/sp\/thumbnails.php?search=baja+1000&amp;submit=buscar&amp;album=search&amp;title=on&amp;newer_than=&amp;caption=on&amp;older_than=&amp;keywords=on&amp;type=AND\"><img decoding=\"async\" class=\" \" src=\"http:\/\/agpnoticias.com\/sp\/albums\/userpics\/20091120_BAJA1000_%28113%29.jpg\" alt=\"\" width=\"259\" height=\"134\" \/><\/a><figcaption class=\"wp-caption-text\">Click para ver Archivo de la Baja 1000<\/figcaption><\/figure>\n<p>ENSENADA, Mexico.- Autoridades de los tres \u00f3rdenes de gobierno trabajan en estrecha coordinaci\u00f3n y colaboraci\u00f3n con organizadores y el sector tur\u00edstico de Ensenada para la pr\u00f3xima realizaci\u00f3n de la mundialmente conocida carrera fuera de camino Baja 500, la cual se desarrollar\u00e1 del 2 al 5 de junio, inform\u00f3 el secretario de Turismo del estado, Juan Tintos Funcke.<!--more--><\/p>\n<p>El funcionario estatal mencion\u00f3 que una de las fortalezas y uno de los motivos principales por los que vienen a esta entidad turistas nacionales y extranjeros es el calendario de eventos tur\u00edsticos de Baja California, que en este a\u00f1o llegar\u00e1n a los 300, entre los que destacan deportivos, festivales gastron\u00f3micos y los relacionados a la industria vitivin\u00edcola, entre otros.<\/p>\n<p>Afirm\u00f3 que de todos los municipios del estado es precisamente Ensenada en el que se realiza el mayor n\u00famero de eventos y que en lo que va del a\u00f1o ha habido ya eventos muy importantes que han proyectado el nombre de Ensenada a nivel nacional e internacional; \u00abpero adem\u00e1s, estos eventos sirven como testimoniales al momento de que la gente regresa a sus lugares de origen y se llevan una buena imagen y percepci\u00f3n de Ensenada y de Baja California\u00bb, indic\u00f3.<\/p>\n<p>Algunos de los eventos que se han realizado exitosamente en la entidad han sido la carrera Baja 250, la Regata de New Port Beach &#8211; Ensenada y el tradicional paseo ciclista Rosarito -Ensenada, as\u00ed como eventos gastron\u00f3micos y art\u00edsticos, muchos de \u00e9stos relacionados con la Ruta del Vino.<\/p>\n<p>Para el caso de la carrera San Felipe 250, el titular de la Secture indic\u00f3 que se ha estado trabajando en coordinaci\u00f3n con el Ayuntamiento de Ensenada, Proturismo y el Fideicomiso P\u00fablico de Promoci\u00f3n Tur\u00edstica para dar todas las condiciones necesarias para la realizaci\u00f3n de la edici\u00f3n n\u00famero 43 de la carrera Baja 500, en la cual este a\u00f1o se espera una participaci\u00f3n de 250 equipos provenientes de 25 entidades de Estados Unidos y varios pa\u00edses, entre los que se encuentran Canad\u00e1, Alemania, Guatemala, Jap\u00f3n y por supuesto M\u00e9xico.<\/p>\n<p>Asimismo para este evento, en que el que participan los pilotos de \u00abOff Road\u00bb m\u00e1s destacados en el mundo, se contar\u00e1 como cada edici\u00f3n una extraordinaria cobertura de medios de comunicaci\u00f3n regionales, nacionales e internacionales, entre televisi\u00f3n, radio, diarios y revistas especializadas.<\/p>\n<p>Por otra parte, mencion\u00f3, con motivo de esta carrera se prev\u00e9 una mejora en la ocupaci\u00f3n hotelera y la derrama econ\u00f3mica en restaurantes, gasolineras y comercios no s\u00f3lo en Ensenada sino a lo largo de la ruta que correr\u00e1 desde el puerto hacia Ojos Negros para luego bajar al desierto y bordear el Mar de Cort\u00e9s en la zona de San Felipe, municipio de Mexicali, posteriormente subir\u00e1 de nueva cuenta hasta llegar al Valle de la Trinidad para alcanzar el oc\u00e9ano Pac\u00edfico en la regi\u00f3n de San Vicente, subir a Santo Tom\u00e1s y retornar al puerto de Ensenada para la meta.<\/p>\n<p>Finalmente el secretario de Turismo del estado indic\u00f3 que en los pr\u00f3ximos d\u00edas se estar\u00e1n dando a conocer mayores detalles de este evento de corte internacional y reconoci\u00f3 el trabajo de coordinaci\u00f3n que se ha logrado entre las diversas autoridades y servidores tur\u00edsticos para llevar a cabo esta edici\u00f3n. AGP\/El Sol de Tijuana<\/p>\n","protected":false},"excerpt":{"rendered":"<p>ENSENADA, Mexico.- Autoridades de los tres \u00f3rdenes de gobierno trabajan en estrecha coordinaci\u00f3n y colaboraci\u00f3n&#8230;<\/p>\n","protected":false},"author":1,"featured_media":0,"comment_status":"open","ping_status":"open","sticky":false,"template":"","format":"standard","meta":{"footnotes":""},"categories":[1,37],"tags":[],"class_list":["post-3873","post","type-post","status-publish","format-standard","hentry","category-uncategorized","category-off-road"],"_links":{"self":[{"href":"https:\/\/agpnoticias.com\/news\/index.php?rest_route=\/wp\/v2\/posts\/3873","targetHints":{"allow":["GET"]}}],"collection":[{"href":"https:\/\/agpnoticias.com\/news\/index.php?rest_route=\/wp\/v2\/posts"}],"about":[{"href":"https:\/\/agpnoticias.com\/news\/index.php?rest_route=\/wp\/v2\/types\/post"}],"author":[{"embeddable":true,"href":"https:\/\/agpnoticias.com\/news\/index.php?rest_route=\/wp\/v2\/users\/1"}],"replies":[{"embeddable":true,"href":"https:\/\/agpnoticias.com\/news\/index.php?rest_route=%2Fwp%2Fv2%2Fcomments&post=3873"}],"version-history":[{"count":8,"href":"https:\/\/agpnoticias.com\/news\/index.php?rest_route=\/wp\/v2\/posts\/3873\/revisions"}],"predecessor-version":[{"id":21164,"href":"https:\/\/agpnoticias.com\/news\/index.php?rest_route=\/wp\/v2\/posts\/3873\/revisions\/21164"}],"wp:attachment":[{"href":"https:\/\/agpnoticias.com\/news\/index.php?rest_route=%2Fwp%2Fv2%2Fmedia&parent=3873"}],"wp:term":[{"taxonomy":"category","embeddable":true,"href":"https:\/\/agpnoticias.com\/news\/index.php?rest_route=%2Fwp%2Fv2%2Fcategories&post=3873"},{"taxonomy":"post_tag","embeddable":true,"href":"https:\/\/agpnoticias.com\/news\/index.php?rest_route=%2Fwp%2Fv2%2Ftags&post=3873"}],"curies":[{"name":"wp","href":"https:\/\/api.w.org\/{rel}","templated":true}]}}