{"id":4064,"date":"2011-05-31T15:03:06","date_gmt":"2011-05-31T22:03:06","guid":{"rendered":"http:\/\/agpnoticias.com\/news\/?p=4064"},"modified":"2011-05-31T15:03:06","modified_gmt":"2011-05-31T22:03:06","slug":"a-la-carcel-responsables-de-quemar-vivas-a-cinco-personas-en-ensenada","status":"publish","type":"post","link":"https:\/\/agpnoticias.com\/news\/?p=4064","title":{"rendered":"A la carcel&#8230; responsables de quemar vivas a cinco personas en Ensenada"},"content":{"rendered":"<p>ENSENADA, Mexico.- La Subprocuradur\u00eda de Zona Ensenada, a trav\u00e9s del Grupo de Aprehensiones de la Polic\u00eda Ministerial del Estado, cumpliment\u00f3 dos \u00f3rdenes de aprehensi\u00f3n a igual n\u00famero de personas \u00a0por los delitos de da\u00f1o en propiedad ajena por incendio en grado de coautor\u00eda y homicidio en n\u00famero cinco en grado de coautor\u00eda.<\/p>\n<p>Oficialmente se dio a conocer que los indiciados son Oscar An\u00edbal Rodr\u00edguez, alias \u201cEl Camar\u00f3n\u201d, as\u00ed como, Isela Sayonara Gonz\u00e1lez Reyes.<!--more--><\/p>\n<p>Estas personas se encontraban bajo arraigo provisional por su presunta corresponsabilidad en la muerte de cinco personas, cuatro de ellas menores de edad.<\/p>\n<p>Los hechos ocurrieron el pasado 3 de mayo del presente, C4 informo a las \u00a001:44 horas del fallecimiento de varias personas a causa de un incendio ocurrido en el interior de un domicilio ubicado en la calle San \u00c1ngel y Arroyo de la colonia Popular 89.<\/p>\n<p>Al lugar en menci\u00f3n se trasladaron agentes de esta corporaci\u00f3n \u00a0as\u00ed como personal de Servicios Periciales y el Ministerio P\u00fablico del Fuero Com\u00fan quien \u00a0dio fe de los \u00a0decesos.<\/p>\n<p>Los occisos fueron identificados como Mar\u00eda del Rosario del Villar Guti\u00e9rrez, de 42 a\u00f1os de edad; Mar\u00eda Esmeralda, de 14; Nahomi Ruth, de 11; Alfonso, de 13 y Daniel Antonio,\u00a0 de\u00a0 9 meses.<\/p>\n<p>Derivado de las \u00a0evidencias recabadas por personal de Servicios Periciales, se pudo establecer que el incendio \u00a0fue provocado.<\/p>\n<p>Tras la declaraci\u00f3n de un testigo ocular y los elementos reunidos por el personal de averiguaciones previas el Juzgado Segundo de lo Penal giro la tarde del lunes la orden de aprehensi\u00f3n con causa penal 221\/2011 oficio 157-P, \u00a0contra \u201cEl Camar\u00f3n\u201d e Isela.<\/p>\n<p>Por ende, los presuntos \u00a0fueron internados en el Centro de Reinserci\u00f3n Social (CERESO) \u00a0y puestos a disposici\u00f3n del Juez que los reclama y que determinar\u00e1 su situaci\u00f3n legal.AGP\/PGJE Ensenada<\/p>\n","protected":false},"excerpt":{"rendered":"<p>ENSENADA, Mexico.- La Subprocuradur\u00eda de Zona Ensenada, a trav\u00e9s del Grupo de Aprehensiones de la&#8230;<\/p>\n","protected":false},"author":1,"featured_media":4065,"comment_status":"open","ping_status":"open","sticky":false,"template":"","format":"standard","meta":{"footnotes":""},"categories":[1],"tags":[],"class_list":["post-4064","post","type-post","status-publish","format-standard","has-post-thumbnail","hentry","category-uncategorized"],"_links":{"self":[{"href":"https:\/\/agpnoticias.com\/news\/index.php?rest_route=\/wp\/v2\/posts\/4064","targetHints":{"allow":["GET"]}}],"collection":[{"href":"https:\/\/agpnoticias.com\/news\/index.php?rest_route=\/wp\/v2\/posts"}],"about":[{"href":"https:\/\/agpnoticias.com\/news\/index.php?rest_route=\/wp\/v2\/types\/post"}],"author":[{"embeddable":true,"href":"https:\/\/agpnoticias.com\/news\/index.php?rest_route=\/wp\/v2\/users\/1"}],"replies":[{"embeddable":true,"href":"https:\/\/agpnoticias.com\/news\/index.php?rest_route=%2Fwp%2Fv2%2Fcomments&post=4064"}],"version-history":[{"count":3,"href":"https:\/\/agpnoticias.com\/news\/index.php?rest_route=\/wp\/v2\/posts\/4064\/revisions"}],"predecessor-version":[{"id":4068,"href":"https:\/\/agpnoticias.com\/news\/index.php?rest_route=\/wp\/v2\/posts\/4064\/revisions\/4068"}],"wp:featuredmedia":[{"embeddable":true,"href":"https:\/\/agpnoticias.com\/news\/index.php?rest_route=\/wp\/v2\/media\/4065"}],"wp:attachment":[{"href":"https:\/\/agpnoticias.com\/news\/index.php?rest_route=%2Fwp%2Fv2%2Fmedia&parent=4064"}],"wp:term":[{"taxonomy":"category","embeddable":true,"href":"https:\/\/agpnoticias.com\/news\/index.php?rest_route=%2Fwp%2Fv2%2Fcategories&post=4064"},{"taxonomy":"post_tag","embeddable":true,"href":"https:\/\/agpnoticias.com\/news\/index.php?rest_route=%2Fwp%2Fv2%2Ftags&post=4064"}],"curies":[{"name":"wp","href":"https:\/\/api.w.org\/{rel}","templated":true}]}}