{"id":4071,"date":"2011-05-31T21:53:50","date_gmt":"2011-06-01T04:53:50","guid":{"rendered":"http:\/\/agpnoticias.com\/news\/?p=4071"},"modified":"2011-06-02T15:37:32","modified_gmt":"2011-06-02T22:37:32","slug":"incendio-deja-sin-hogar-a-ocho-familias-en-ensenada","status":"publish","type":"post","link":"https:\/\/agpnoticias.com\/news\/?p=4071","title":{"rendered":"Incendio deja sin hogar a ocho familias en Ensenada (CON GALERIA)"},"content":{"rendered":"<div class=\"mceTemp\">ENSENADA, Mexico.- Un incendio dentro de un conglomerado de viviendas sobre la Avenida Novena y Mar oriente, entre el Arroyo Ensenada y un centro comercial dej\u00f3 al menos ocho casas quemadas la tarde de este martes.<\/p>\n<figure id=\"attachment_4114\" aria-describedby=\"caption-attachment-4114\" style=\"width: 200px\" class=\"wp-caption alignright\"><a href=\"http:\/\/agpnoticias.com\/news\/wp-content\/uploads\/2011\/05\/20110601_incendio-4.jpg\"><img decoding=\"async\" class=\"size-thumbnail wp-image-4114\" title=\"20110601_incendio (4)\" src=\"http:\/\/agpnoticias.com\/news\/wp-content\/uploads\/2011\/05\/20110601_incendio-4-200x133.jpg\" alt=\"\" width=\"200\" height=\"133\" srcset=\"https:\/\/agpnoticias.com\/news\/wp-content\/uploads\/2011\/05\/20110601_incendio-4-200x133.jpg 200w, https:\/\/agpnoticias.com\/news\/wp-content\/uploads\/2011\/05\/20110601_incendio-4.jpg 640w\" sizes=\"(max-width: 200px) 100vw, 200px\" \/><\/a><figcaption id=\"caption-attachment-4114\" class=\"wp-caption-text\">Descargar foto<\/figcaption><\/figure>\n<\/div>\n<p>El fuego que presuntamente inici\u00f3 en una vivienda abandonada que era utilizada como picadero, se propag\u00f3 r\u00e1pidamente obligando a evacuar a mas de 20 familias de la zona donde pese a la rapidez con el fuego corri\u00f3 no se<\/p>\n<p>registraron v\u00edctimas mortales.<!--more--><\/p>\n<figure id=\"attachment_4111\" aria-describedby=\"caption-attachment-4111\" style=\"width: 200px\" class=\"wp-caption alignright\"><a href=\"http:\/\/agpnoticias.com\/news\/wp-content\/uploads\/2011\/05\/20110601_incendio.jpg\"><img decoding=\"async\" class=\"size-thumbnail wp-image-4111\" title=\"20110601_incendio\" src=\"http:\/\/agpnoticias.com\/news\/wp-content\/uploads\/2011\/05\/20110601_incendio-200x129.jpg\" alt=\"\" width=\"200\" height=\"129\" srcset=\"https:\/\/agpnoticias.com\/news\/wp-content\/uploads\/2011\/05\/20110601_incendio-200x129.jpg 200w, https:\/\/agpnoticias.com\/news\/wp-content\/uploads\/2011\/05\/20110601_incendio.jpg 640w\" sizes=\"(max-width: 200px) 100vw, 200px\" \/><\/a><figcaption id=\"caption-attachment-4111\" class=\"wp-caption-text\">Descargar foto<\/figcaption><\/figure>\n<p>Un intenso operativo fue montado por elementos de la polic\u00eda municipal, bomberos, protecci\u00f3n civil, cruz roja y personal de la zona naval que envi\u00f3 pipas y personal de apoyo para el combate del fuego.<\/p>\n<p>Mas de una docena de tanques de gas fueron sacadas de las casas, pese a lo cual al menos uno explot\u00f3 debido al calor.<\/p>\n<figure id=\"attachment_4112\" aria-describedby=\"caption-attachment-4112\" style=\"width: 200px\" class=\"wp-caption alignleft\"><a href=\"http:\/\/agpnoticias.com\/news\/wp-content\/uploads\/2011\/05\/20110601_incendio-3.jpg\"><img decoding=\"async\" class=\"size-thumbnail wp-image-4112\" title=\"20110601_incendio (3)\" src=\"http:\/\/agpnoticias.com\/news\/wp-content\/uploads\/2011\/05\/20110601_incendio-3-200x133.jpg\" alt=\"\" width=\"200\" height=\"133\" srcset=\"https:\/\/agpnoticias.com\/news\/wp-content\/uploads\/2011\/05\/20110601_incendio-3-200x133.jpg 200w, https:\/\/agpnoticias.com\/news\/wp-content\/uploads\/2011\/05\/20110601_incendio-3.jpg 640w\" sizes=\"(max-width: 200px) 100vw, 200px\" \/><\/a><figcaption id=\"caption-attachment-4112\" class=\"wp-caption-text\">Descargar foto<\/figcaption><\/figure>\n<p>En estos momentos personal de Protecci\u00f3n civil eval\u00faa la zona de crisis para determinar con exactitud las causas de este incendio uno de los mas intensos que se han registrado en la ciudad. AGP\/Alejandro Zepeda\/redaccion de Elizabeth Vargas\/ <a href=\"http:\/\/www.ensenada.net\">www.ensenada.net<\/a><\/p>\n<figure id=\"attachment_4113\" aria-describedby=\"caption-attachment-4113\" style=\"width: 448px\" class=\"wp-caption aligncenter\"><a href=\"http:\/\/agpnoticias.com\/news\/wp-content\/uploads\/2011\/05\/20110601_incendio-2.jpg\"><img loading=\"lazy\" decoding=\"async\" class=\"size-full wp-image-4113 \" title=\"20110601_incendio (2)\" src=\"http:\/\/agpnoticias.com\/news\/wp-content\/uploads\/2011\/05\/20110601_incendio-2.jpg\" alt=\"\" width=\"448\" height=\"299\" srcset=\"https:\/\/agpnoticias.com\/news\/wp-content\/uploads\/2011\/05\/20110601_incendio-2.jpg 640w, https:\/\/agpnoticias.com\/news\/wp-content\/uploads\/2011\/05\/20110601_incendio-2-200x133.jpg 200w\" sizes=\"(max-width: 448px) 100vw, 448px\" \/><\/a><figcaption id=\"caption-attachment-4113\" class=\"wp-caption-text\">Descargar foto<\/figcaption><\/figure>\n","protected":false},"excerpt":{"rendered":"<p>ENSENADA, Mexico.- Un incendio dentro de un conglomerado de viviendas sobre la Avenida Novena y&#8230;<\/p>\n","protected":false},"author":1,"featured_media":4072,"comment_status":"open","ping_status":"open","sticky":false,"template":"","format":"standard","meta":{"footnotes":""},"categories":[1],"tags":[],"class_list":["post-4071","post","type-post","status-publish","format-standard","has-post-thumbnail","hentry","category-uncategorized"],"_links":{"self":[{"href":"https:\/\/agpnoticias.com\/news\/index.php?rest_route=\/wp\/v2\/posts\/4071","targetHints":{"allow":["GET"]}}],"collection":[{"href":"https:\/\/agpnoticias.com\/news\/index.php?rest_route=\/wp\/v2\/posts"}],"about":[{"href":"https:\/\/agpnoticias.com\/news\/index.php?rest_route=\/wp\/v2\/types\/post"}],"author":[{"embeddable":true,"href":"https:\/\/agpnoticias.com\/news\/index.php?rest_route=\/wp\/v2\/users\/1"}],"replies":[{"embeddable":true,"href":"https:\/\/agpnoticias.com\/news\/index.php?rest_route=%2Fwp%2Fv2%2Fcomments&post=4071"}],"version-history":[{"count":6,"href":"https:\/\/agpnoticias.com\/news\/index.php?rest_route=\/wp\/v2\/posts\/4071\/revisions"}],"predecessor-version":[{"id":4117,"href":"https:\/\/agpnoticias.com\/news\/index.php?rest_route=\/wp\/v2\/posts\/4071\/revisions\/4117"}],"wp:featuredmedia":[{"embeddable":true,"href":"https:\/\/agpnoticias.com\/news\/index.php?rest_route=\/wp\/v2\/media\/4072"}],"wp:attachment":[{"href":"https:\/\/agpnoticias.com\/news\/index.php?rest_route=%2Fwp%2Fv2%2Fmedia&parent=4071"}],"wp:term":[{"taxonomy":"category","embeddable":true,"href":"https:\/\/agpnoticias.com\/news\/index.php?rest_route=%2Fwp%2Fv2%2Fcategories&post=4071"},{"taxonomy":"post_tag","embeddable":true,"href":"https:\/\/agpnoticias.com\/news\/index.php?rest_route=%2Fwp%2Fv2%2Ftags&post=4071"}],"curies":[{"name":"wp","href":"https:\/\/api.w.org\/{rel}","templated":true}]}}