{"id":4091,"date":"2011-06-02T15:22:21","date_gmt":"2011-06-02T22:22:21","guid":{"rendered":"http:\/\/agpnoticias.com\/news\/?p=4091"},"modified":"2011-06-02T15:22:22","modified_gmt":"2011-06-02T22:22:22","slug":"encabeza-gobernador-de-baja-california-dia-de-la-marina-en-ensenada-con-galeria","status":"publish","type":"post","link":"https:\/\/agpnoticias.com\/news\/?p=4091","title":{"rendered":"Encabeza Gobernador de Baja California Dia de la Marina en Ensenada (Con Galeria)"},"content":{"rendered":"<p>ENSENADA, Mexico.- \u201cAl celebrar hoy un aniversario m\u00e1s del D\u00eda de la Marina, reconocemos la importante labor hist\u00f3rica de todos los marinos que con su trabajo impulsan el comercio mar\u00edtimo y se constituyen en garantes de derechos e inter\u00e9s de nuestra naci\u00f3n, vigilando y protegiendo nuestras costas y mares\u201d, declar\u00f3 Jos\u00e9 Guadalupe Osuna Mill\u00e1n, Gobernador de Baja California, en el discurso oficial del Aniversario del D\u00eda de la Marina Mercante Nacional.<\/p>\n<p>\u201cHoy hace ya 69 a\u00f1os que en forma ininterrumpida, desde 1942, celebramos el d\u00eda de la marina y con ello honramos a todos los protagonistas de la vida nacional y estatal que llevan a cabo actividades en el mar\u201d, dijo Osuna Mill\u00e1n.<!--more--><\/p>\n<figure id=\"attachment_4093\" aria-describedby=\"caption-attachment-4093\" style=\"width: 200px\" class=\"wp-caption alignright\"><a href=\"http:\/\/agpnoticias.com\/news\/wp-content\/uploads\/2011\/06\/20110601_marina-10.jpg\"><img decoding=\"async\" class=\"size-thumbnail wp-image-4093\" title=\"SONY DSC\" src=\"http:\/\/agpnoticias.com\/news\/wp-content\/uploads\/2011\/06\/20110601_marina-10-200x133.jpg\" alt=\"\" width=\"200\" height=\"133\" srcset=\"https:\/\/agpnoticias.com\/news\/wp-content\/uploads\/2011\/06\/20110601_marina-10-200x133.jpg 200w, https:\/\/agpnoticias.com\/news\/wp-content\/uploads\/2011\/06\/20110601_marina-10.jpg 640w\" sizes=\"(max-width: 200px) 100vw, 200px\" \/><\/a><figcaption id=\"caption-attachment-4093\" class=\"wp-caption-text\">Descargar foto<\/figcaption><\/figure>\n<p>El Gobernador del Estado destac\u00f3 que \u00e9ste a\u00f1o se triplic\u00f3 la inversi\u00f3n para apoyar la productividad de los pescadores con motores y obras de infraestructura largamente a\u00f1oradas.<\/p>\n<p>\u201cY es por ello que tambi\u00e9n nos propusimos que la pesca deportiva sea uno de los pilares fuertes de la actividad tur\u00edstica y estamos dotando de tres rampas para pesca deportiva en Rosarito, en San Felipe y por supuesto aqu\u00ed en Ensenada\u201d, se\u00f1al\u00f3.<\/p>\n<figure id=\"attachment_4094\" aria-describedby=\"caption-attachment-4094\" style=\"width: 200px\" class=\"wp-caption alignleft\"><a href=\"http:\/\/agpnoticias.com\/news\/wp-content\/uploads\/2011\/06\/20110601_marina-8.jpg\"><img decoding=\"async\" class=\"size-thumbnail wp-image-4094\" title=\"SONY DSC\" src=\"http:\/\/agpnoticias.com\/news\/wp-content\/uploads\/2011\/06\/20110601_marina-8-200x133.jpg\" alt=\"\" width=\"200\" height=\"133\" srcset=\"https:\/\/agpnoticias.com\/news\/wp-content\/uploads\/2011\/06\/20110601_marina-8-200x133.jpg 200w, https:\/\/agpnoticias.com\/news\/wp-content\/uploads\/2011\/06\/20110601_marina-8.jpg 640w\" sizes=\"(max-width: 200px) 100vw, 200px\" \/><\/a><figcaption id=\"caption-attachment-4094\" class=\"wp-caption-text\">Descargar foto<\/figcaption><\/figure>\n<p>Puntualiz\u00f3 que en conjunto con el Gobierno Federal, se ha licitado la construcci\u00f3n de una nueva Marina en terrenos de la API, en donde se invertir\u00e1n 130 millones de pesos, con lo cual se madurar\u00e1 la infraestructura para recibir m\u00e1s pescadores deportivos.<\/p>\n<p>El mandatario estatal indic\u00f3 que el Gobierno del Estado de Baja California se enorgullece de contar con un sector de la armada mexicana que ha sabido cumplir con su deber de vigilar nuestras costas y promover las labores de protecci\u00f3n a las instalaciones estrat\u00e9gicas del pa\u00eds<\/p>\n<figure id=\"attachment_4095\" aria-describedby=\"caption-attachment-4095\" style=\"width: 133px\" class=\"wp-caption alignright\"><a href=\"http:\/\/agpnoticias.com\/news\/wp-content\/uploads\/2011\/06\/20110601_marina-2.jpg\"><img decoding=\"async\" class=\"size-thumbnail wp-image-4095\" title=\"20110601_marina (2)\" src=\"http:\/\/agpnoticias.com\/news\/wp-content\/uploads\/2011\/06\/20110601_marina-2-133x200.jpg\" alt=\"\" width=\"133\" height=\"200\" srcset=\"https:\/\/agpnoticias.com\/news\/wp-content\/uploads\/2011\/06\/20110601_marina-2-133x200.jpg 133w, https:\/\/agpnoticias.com\/news\/wp-content\/uploads\/2011\/06\/20110601_marina-2.jpg 427w\" sizes=\"(max-width: 133px) 100vw, 133px\" \/><\/a><figcaption id=\"caption-attachment-4095\" class=\"wp-caption-text\">Descargar foto<\/figcaption><\/figure>\n<p>El Ejecutivo felicit\u00f3 a todos los marinos que hacen sentir a los mexicanos orgullosos de las fuerzas armadas y sobre todo a quienes han ca\u00eddo en el cumplimiento de su deber y fortalecen a sus familias con la aportaci\u00f3n de su patriotismo.<\/p>\n<p>Posteriormente las autoridades abordaron el buque para rendir homenaje a los marinos ca\u00eddos en el cumplimiento de su deber.<\/p>\n<p>Durante la ceremonia del LXIX Aniversario del D\u00eda de la Marina estuvieron presentes el Presidente Municipal de Ensenada, Enrique Pelayo Torres; el Vicealmirante CG. DEM, Santos Humberto G\u00f3mez Leyva, Comandante de la Segunda Regi\u00f3n Naval; Daniel de la Rosa Anaya, Secretario de Seguridad P\u00fablica del Estado; Carlos Fernando Ruiz, Secretario de Pesca y Acuacultura de BC y Lidia Gallegos Aguilar, Subprocuradora de Justicia. AGP\/Alejandro Zepeda\/Str<\/p>\n<figure id=\"attachment_4096\" aria-describedby=\"caption-attachment-4096\" style=\"width: 427px\" class=\"wp-caption aligncenter\"><a href=\"http:\/\/agpnoticias.com\/news\/wp-content\/uploads\/2011\/06\/20110601_marina.jpg\"><img loading=\"lazy\" decoding=\"async\" class=\"size-full wp-image-4096\" title=\"20110601_marina\" src=\"http:\/\/agpnoticias.com\/news\/wp-content\/uploads\/2011\/06\/20110601_marina.jpg\" alt=\"\" width=\"427\" height=\"640\" srcset=\"https:\/\/agpnoticias.com\/news\/wp-content\/uploads\/2011\/06\/20110601_marina.jpg 427w, https:\/\/agpnoticias.com\/news\/wp-content\/uploads\/2011\/06\/20110601_marina-133x200.jpg 133w\" sizes=\"(max-width: 427px) 100vw, 427px\" \/><\/a><figcaption id=\"caption-attachment-4096\" class=\"wp-caption-text\">Descargar foto<\/figcaption><\/figure>\n","protected":false},"excerpt":{"rendered":"<p>ENSENADA, Mexico.- \u201cAl celebrar hoy un aniversario m\u00e1s del D\u00eda de la Marina, reconocemos la&#8230;<\/p>\n","protected":false},"author":1,"featured_media":4092,"comment_status":"open","ping_status":"open","sticky":false,"template":"","format":"standard","meta":{"footnotes":""},"categories":[1],"tags":[],"class_list":["post-4091","post","type-post","status-publish","format-standard","has-post-thumbnail","hentry","category-uncategorized"],"_links":{"self":[{"href":"https:\/\/agpnoticias.com\/news\/index.php?rest_route=\/wp\/v2\/posts\/4091","targetHints":{"allow":["GET"]}}],"collection":[{"href":"https:\/\/agpnoticias.com\/news\/index.php?rest_route=\/wp\/v2\/posts"}],"about":[{"href":"https:\/\/agpnoticias.com\/news\/index.php?rest_route=\/wp\/v2\/types\/post"}],"author":[{"embeddable":true,"href":"https:\/\/agpnoticias.com\/news\/index.php?rest_route=\/wp\/v2\/users\/1"}],"replies":[{"embeddable":true,"href":"https:\/\/agpnoticias.com\/news\/index.php?rest_route=%2Fwp%2Fv2%2Fcomments&post=4091"}],"version-history":[{"count":3,"href":"https:\/\/agpnoticias.com\/news\/index.php?rest_route=\/wp\/v2\/posts\/4091\/revisions"}],"predecessor-version":[{"id":4099,"href":"https:\/\/agpnoticias.com\/news\/index.php?rest_route=\/wp\/v2\/posts\/4091\/revisions\/4099"}],"wp:featuredmedia":[{"embeddable":true,"href":"https:\/\/agpnoticias.com\/news\/index.php?rest_route=\/wp\/v2\/media\/4092"}],"wp:attachment":[{"href":"https:\/\/agpnoticias.com\/news\/index.php?rest_route=%2Fwp%2Fv2%2Fmedia&parent=4091"}],"wp:term":[{"taxonomy":"category","embeddable":true,"href":"https:\/\/agpnoticias.com\/news\/index.php?rest_route=%2Fwp%2Fv2%2Fcategories&post=4091"},{"taxonomy":"post_tag","embeddable":true,"href":"https:\/\/agpnoticias.com\/news\/index.php?rest_route=%2Fwp%2Fv2%2Ftags&post=4091"}],"curies":[{"name":"wp","href":"https:\/\/api.w.org\/{rel}","templated":true}]}}