{"id":4180,"date":"2011-06-07T17:39:27","date_gmt":"2011-06-08T00:39:27","guid":{"rendered":"http:\/\/agpnoticias.com\/news\/?p=4180"},"modified":"2012-07-29T15:56:56","modified_gmt":"2012-07-29T23:56:56","slug":"imparte-charla-corresponsal-de-televisa-alberto-lati-en-ensenada","status":"publish","type":"post","link":"https:\/\/agpnoticias.com\/news\/?p=4180","title":{"rendered":"Imparte charla corresponsal de Televisa Alberto Lati en Ensenada"},"content":{"rendered":"<p>ENSENADA, Mexico.- Desde la primera impresi\u00f3n, resulta f\u00e1cil descubrir en Alberto Lati a un tipo vivido, de mundo.<\/p>\n<p>Ayer, entr\u00f3 y salud\u00f3 de mano a cuanta persona encontr\u00f3 en el auditorio del CUT campus Ensenada, ocupado a su m\u00e1xima capacidad por estudiantes y aficionados al futbol.<!--more--><\/p>\n<p>Sonri\u00f3 a todos con la seguridad del hombre que lleva sobre s\u00ed seis corresponsal\u00edas en pa\u00edses tan distintos como Espa\u00f1a, Jap\u00f3n, Grecia, Alemania, China y Sud\u00e1frica.<\/p>\n<figure id=\"attachment_4183\" aria-describedby=\"caption-attachment-4183\" style=\"width: 133px\" class=\"wp-caption alignright\"><a href=\"http:\/\/agpnoticias.com\/news\/wp-content\/uploads\/2011\/06\/20110607_lati2.jpg\"><img decoding=\"async\" class=\"size-thumbnail wp-image-4183 \" title=\"SONY DSC\" src=\"http:\/\/agpnoticias.com\/news\/wp-content\/uploads\/2011\/06\/20110607_lati2-133x200.jpg\" alt=\"\" width=\"133\" height=\"200\" srcset=\"https:\/\/agpnoticias.com\/news\/wp-content\/uploads\/2011\/06\/20110607_lati2-133x200.jpg 133w, https:\/\/agpnoticias.com\/news\/wp-content\/uploads\/2011\/06\/20110607_lati2.jpg 428w\" sizes=\"(max-width: 133px) 100vw, 133px\" \/><\/a><figcaption id=\"caption-attachment-4183\" class=\"wp-caption-text\">Descargar imagen aqui<\/figcaption><\/figure>\n<p>Y de inmediato, tras presentar un video de sus experiencias como corresponsal de Televisa Deportes por el mundo, cont\u00f3 el primer secreto de su \u00e9xito como un \u201ctrotamundos\u201d del periodismo deportivo y de investigaci\u00f3n.<\/p>\n<p>\u201cNo me hubiera adaptado a vivir en seis pa\u00edses, y pr\u00f3ximamente el s\u00e9ptimo (Inglaterra), si no disfrutara lo que hago\u201d, dijo, tras agradecer las palabras de bienvenida de su anfitri\u00f3n, Jes\u00fas Ruiz Barraza, rector del CUT.<\/p>\n<p>Enseguida, Lati, vestido de traje azul, sin corbata, mencion\u00f3 por primera vez las dos palabras m\u00e1s repetidas durante su ponencia \u201cLatitudes, Viajes y Periodismo\u201d: privilegio y tolerancia.<\/p>\n<p>\u201cPrivilegio porque siempre so\u00f1\u00e9 ser periodista deportivo, viajo por el mundo, me pagan hotel y vi\u00e1ticos, y adem\u00e1s me convierto en el boleto de avi\u00f3n de tanta gente que me ve por televisi\u00f3n y que a trav\u00e9s de m\u00ed puede conocer todos esos lugares\u201d. Y \u201ctolerancia para adaptarme a las costumbres, a la cultura de cada lugar al que voy a trabajar\u201d.<\/p>\n<p>Tal vez eso, razon\u00f3, es lo que les ha faltado a los futbolistas mexicanos que no lograron adaptarse al medio europeo.<\/p>\n<p><strong>Adaptaci\u00f3n<\/strong><\/p>\n<p>Su primera salida fue en 2001, previo al Mundial Corea-Jap\u00f3n 2002, cuando comprendi\u00f3 que \u201cs\u00f3lo con respeto y con una mente abierta\u201d podr\u00eda desarrollar su trabajo period\u00edstico.<\/p>\n<figure id=\"attachment_4184\" aria-describedby=\"caption-attachment-4184\" style=\"width: 172px\" class=\"wp-caption alignleft\"><a href=\"http:\/\/agpnoticias.com\/news\/wp-content\/uploads\/2011\/06\/20110607_lati3.jpg\"><img decoding=\"async\" class=\"size-thumbnail wp-image-4184\" title=\"20110607_lati3\" src=\"http:\/\/agpnoticias.com\/news\/wp-content\/uploads\/2011\/06\/20110607_lati3-172x200.jpg\" alt=\"\" width=\"172\" height=\"200\" srcset=\"https:\/\/agpnoticias.com\/news\/wp-content\/uploads\/2011\/06\/20110607_lati3-172x200.jpg 172w, https:\/\/agpnoticias.com\/news\/wp-content\/uploads\/2011\/06\/20110607_lati3.jpg 551w\" sizes=\"(max-width: 172px) 100vw, 172px\" \/><\/a><figcaption id=\"caption-attachment-4184\" class=\"wp-caption-text\">Descargar imagen aqui<\/figcaption><\/figure>\n<p>En Jap\u00f3n, \u201ccomet\u00ed un error: pensaba que la gente era rara, que ten\u00eda que adaptarse a m\u00ed, pero despu\u00e9s entend\u00ed que el que ten\u00eda que adaptarse a los h\u00e1bitos de ellos era yo\u201d.<\/p>\n<p>Como ejemplo, cit\u00f3 el \u201cchoque de culturas\u201d que le represent\u00f3 trabajar en Alemania, debido a su origen jud\u00edo.<\/p>\n<p>\u201cAl principio pens\u00e9 que ese idioma era el idioma de Hitler, pero luego reflexion\u00e9 y entend\u00ed que no es as\u00ed, que ese es el idioma de mucha gente maravillosa\u201d, cuyo legado deportivo, cultural y art\u00edstico \u201ces valios\u00edsimo\u201d.<\/p>\n<p>Los estereotipos, los prejuicios, son muy c\u00f3modos\u2013expres\u00f3 convencido\u2013, nos quitan de encima la carga tremenda de analizar, de pensar.<\/p>\n<p><strong>Periodismo<\/strong><\/p>\n<p>El periodismo, la pasi\u00f3n por ejercerlo, completan \u201cel hambre\u201d que debe tener todo profesional para cumplir con su tarea, independientemente de las condiciones que encuentre en un nuevo entorno.<\/p>\n<figure id=\"attachment_4185\" aria-describedby=\"caption-attachment-4185\" style=\"width: 175px\" class=\"wp-caption alignright\"><a href=\"http:\/\/agpnoticias.com\/news\/wp-content\/uploads\/2011\/06\/20110607_lati4.jpg\"><img decoding=\"async\" class=\"size-thumbnail wp-image-4185\" title=\"20110607_lati4\" src=\"http:\/\/agpnoticias.com\/news\/wp-content\/uploads\/2011\/06\/20110607_lati4-175x200.jpg\" alt=\"\" width=\"175\" height=\"200\" srcset=\"https:\/\/agpnoticias.com\/news\/wp-content\/uploads\/2011\/06\/20110607_lati4-175x200.jpg 175w, https:\/\/agpnoticias.com\/news\/wp-content\/uploads\/2011\/06\/20110607_lati4.jpg 561w\" sizes=\"(max-width: 175px) 100vw, 175px\" \/><\/a><figcaption id=\"caption-attachment-4185\" class=\"wp-caption-text\">Descargar imagen aqui<\/figcaption><\/figure>\n<p>\u201cEntre m\u00e1s dif\u00edcil sea el lugar al que llegas, m\u00e1s f\u00e1cil es ser periodista; hasta c\u00f3mo se lustran los zapatos o c\u00f3mo se sirve un refresco representan temas para ofrecer un reportaje interesante\u201d, explic\u00f3, captando la atenci\u00f3n de un p\u00fablico en su mayor\u00eda juvenil.<\/p>\n<p>Apasionado en su ponencia, record\u00f3 \u201cuna m\u00e1xima b\u00edblica\u201d que dice: \u201cel que tenga ojos que vea, el que tenga o\u00eddos que escuche, y yo agregar\u00eda: el que tenga dudas que pregunte, el que tenga curiosidad que salga a ver, a oler, que discuta, que formule preguntas\u2026.<\/p>\n<p>\u201cViajar no es estar en un hotel cinco estrellas ni comer en el restaurant de comida francesa m\u00e1s elegante de la ciudad, no, viajar es conocer a la gente, escuchar que les falta, que les motiva, que les gusta y que no les gusta\u201d.<\/p>\n<p>Antes de viajar, detall\u00f3, \u201cleo entre 50 y 60 libros para conocer la historia y la cultura del pa\u00eds al que llegar\u00e9 a hacer una corresponsal\u00eda\u201d.<\/p>\n<p>Idiomas<\/p>\n<p>A cada lugar que viaja, el reportero de Televisa desde 1995 llega con bases sobre el idioma que encontrar\u00e1.<\/p>\n<p>As\u00ed ha aprendido, adem\u00e1s del espa\u00f1ol, japon\u00e9s, griego, alem\u00e1n, mandar\u00edn, alem\u00e1n, italiano, franc\u00e9s, hebreo y zulu.<\/p>\n<p>En Sud\u00e1frica, relat\u00f3, \u201cse le acercaron a Diego Armando Maradona para entrevistarlo en zulu, y tuve la suerte de servirle de traductor; cuando termin\u00f3 la entrevista me dijo: gracias, chico, y me dio un beso de agradecimiento\u201d.<\/p>\n<p>Selecci\u00f3n y Televisa<\/p>\n<p>Para Alberto Lati la relaci\u00f3n entre Televisa y la selecci\u00f3n mexicana de futbol es igual a la de cualquier televisora del mundo que transmite a la selecci\u00f3n nacional de su pa\u00eds.<\/p>\n<p>El trabajo de las televisoras mexicanas con la selecci\u00f3n \u201cno es algo \u00fanico, simplemente (Televisa y TV Azteca) pagan los derechos de transmisi\u00f3n y a cambio reciben material period\u00edstico\u201d.<\/p>\n<p>Chepo<\/p>\n<p>Jos\u00e9 Manuel de la Torre \u201ces la persona id\u00f3nea\u201d para dirigir la selecci\u00f3n nacional \u201cpor la espina que tiene clavada de que nunca jug\u00f3 un mundial siendo uno de los mediocampistas m\u00e1s finos en la historia de M\u00e9xico\u201d.<\/p>\n<p>Adem\u00e1s \u2013agreg\u00f3\u2013 la generaci\u00f3n de futbolistas que \u201cChepo\u201d dirigir\u00e1 es muy buena, me encanta.<\/p>\n<p>Futbolistas embajadores<\/p>\n<p>El futbol, seg\u00fan Alberto Lati, ha permitido que los estereotipos negativos del mexicano en el mundo, sean sustituidos por figuras destacadas como Javier Hern\u00e1ndez, jugador del Manchester United de Inglaterra.<\/p>\n<p>Actualmente, \u201chablar de M\u00e9xico en el extranjero es hablar de \u201cChicharito\u201d, as\u00ed como antes se habl\u00f3 de Rafa M\u00e1rquez\u201d.<\/p>\n<p>FIFA<\/p>\n<p>A pesar de la crisis que atraviesa la Federaci\u00f3n Internacional de Futbol Asociaci\u00f3n, el organismo conserva un poder\u00edo mayor al de muchos pa\u00edses del mundo, lo que no amenaza su estabilidad.<\/p>\n<p>\u201cQui\u00e9n se atrever\u00eda a romper con FIFA y pasar a la historia por haber dejado a su pa\u00eds sin la posibilidad de jugar un mundial\u201d, cuestion\u00f3.<\/p>\n<p>Futbol (Madridista y chiva)<\/p>\n<p>El futbol \u201ces lo que me ha tra\u00eddo a todo esto y soy chiva desde ni\u00f1o\u201d, mientras que a nivel mundial \u201csiempre le ido al Real Madrid, mucho antes de que el Barcelona fuera el equipo omnipotente que es hoy\u201d.<\/p>\n<p>Familia<\/p>\n<p>Alberto Lati luce sobre su mano una argolla matrimonial y en ese sentido destac\u00f3 orgulloso el apoyo que recibe de su esposa: \u201cincluso ella me ha acompa\u00f1ado en el viaje m\u00e1s reciente y vendr\u00e1 conmigo a Inglaterra\u201d.<\/p>\n<p>Para conocerlo m\u00e1s<\/p>\n<p>Alberto Lati<\/p>\n<p>Fecha de nacimiento: 20 de junio de 1978<\/p>\n<p>Ingreso a Televisa: 1995<\/p>\n<p>Estudios: Licenciatura en comunicaci\u00f3n y diplomado en cr\u00f3nica deportiva<\/p>\n<p>Cobertura de Mundiales de Futbol: Jap\u00f3n-Corea 2002, Alemania 2010, Sud\u00e1frica 2010<\/p>\n<p>Cobertura de Juegos Ol\u00edmpicos: Atenas 2004, Beijing 2008<\/p>\n<p>Pr\u00f3xima cobertura: Juegos Ol\u00edmpicos Londres 2012 (Inglaterra) AGP\/Alejandro Zepeda\/redaccion de Marco Dominguez<\/p>\n","protected":false},"excerpt":{"rendered":"<p>ENSENADA, Mexico.- Desde la primera impresi\u00f3n, resulta f\u00e1cil descubrir en Alberto Lati a un tipo&#8230;<\/p>\n","protected":false},"author":1,"featured_media":4181,"comment_status":"open","ping_status":"open","sticky":false,"template":"","format":"standard","meta":{"footnotes":""},"categories":[1,7],"tags":[],"class_list":["post-4180","post","type-post","status-publish","format-standard","has-post-thumbnail","hentry","category-uncategorized","category-deportes"],"_links":{"self":[{"href":"https:\/\/agpnoticias.com\/news\/index.php?rest_route=\/wp\/v2\/posts\/4180","targetHints":{"allow":["GET"]}}],"collection":[{"href":"https:\/\/agpnoticias.com\/news\/index.php?rest_route=\/wp\/v2\/posts"}],"about":[{"href":"https:\/\/agpnoticias.com\/news\/index.php?rest_route=\/wp\/v2\/types\/post"}],"author":[{"embeddable":true,"href":"https:\/\/agpnoticias.com\/news\/index.php?rest_route=\/wp\/v2\/users\/1"}],"replies":[{"embeddable":true,"href":"https:\/\/agpnoticias.com\/news\/index.php?rest_route=%2Fwp%2Fv2%2Fcomments&post=4180"}],"version-history":[{"count":3,"href":"https:\/\/agpnoticias.com\/news\/index.php?rest_route=\/wp\/v2\/posts\/4180\/revisions"}],"predecessor-version":[{"id":14549,"href":"https:\/\/agpnoticias.com\/news\/index.php?rest_route=\/wp\/v2\/posts\/4180\/revisions\/14549"}],"wp:featuredmedia":[{"embeddable":true,"href":"https:\/\/agpnoticias.com\/news\/index.php?rest_route=\/wp\/v2\/media\/4181"}],"wp:attachment":[{"href":"https:\/\/agpnoticias.com\/news\/index.php?rest_route=%2Fwp%2Fv2%2Fmedia&parent=4180"}],"wp:term":[{"taxonomy":"category","embeddable":true,"href":"https:\/\/agpnoticias.com\/news\/index.php?rest_route=%2Fwp%2Fv2%2Fcategories&post=4180"},{"taxonomy":"post_tag","embeddable":true,"href":"https:\/\/agpnoticias.com\/news\/index.php?rest_route=%2Fwp%2Fv2%2Ftags&post=4180"}],"curies":[{"name":"wp","href":"https:\/\/api.w.org\/{rel}","templated":true}]}}