{"id":4194,"date":"2011-06-07T17:49:37","date_gmt":"2011-06-08T00:49:37","guid":{"rendered":"http:\/\/agpnoticias.com\/news\/?p=4194"},"modified":"2011-06-07T17:49:37","modified_gmt":"2011-06-08T00:49:37","slug":"presentan-avances-en-centro-de-alto-rendimiento-de-ensenada","status":"publish","type":"post","link":"https:\/\/agpnoticias.com\/news\/?p=4194","title":{"rendered":"Presentan avances en Centro de Alto Rendimiento de Ensenada"},"content":{"rendered":"<p>ENSENADA, Mexico.- Con una inversi\u00f3n de 9 millones 46 mil pesos se edificar\u00e1 la segunda fase del Centro de Alto Rendimiento (CAR) unidad Ensenada, as\u00ed lo expuso Teresa Nevares L\u00f3pez, Directora de Infraestructura del Instituto del Deporte y Cultura F\u00edsica, al presentar los avances de construcci\u00f3n del polideportivo.<\/p>\n<p>La Directora de Infraestructura explic\u00f3 que este nuevo espacio contar\u00e1 con cuatro canchas de front\u00f3n, una cancha de trinquete y un \u00e1rea de tiro deportivo, los cuales contar\u00e1n con un cerco perimetral y un acceso \u00fanico para tener mayor seguridad y control para los usuarios.<!--more--><\/p>\n<p>Coment\u00f3 que la obra estar\u00e1 concluida en su totalidad para el mes de octubre, y al sumarse a lo ejecutado con la primera fase, el Centro de Alto Rendimiento habr\u00e1 sido construido con inversi\u00f3n total de 60 millones en obra y equipamiento.<\/p>\n<p>\u201cTendremos unas instalaciones de vanguardia, de primer nivel y con el equipamiento adecuado para la pr\u00e1ctica de estos deportes, adem\u00e1s de ser las primeras canchas en el pa\u00eds que contar\u00e1n con muro y techado completo\u201d, se\u00f1al\u00f3 Nevares L\u00f3pez.<\/p>\n<p>Indic\u00f3 que en las tres primeras etapas se construy\u00f3 el gimnasio, canchas de raquetbol, judo, luchas asociadas, las \u00e1reas para karate y tae kwan do, gimnasia de trampol\u00edn, boxeo, pr\u00e1ctica de esgrima.<\/p>\n<p>Finalmente la funcionaria se\u00f1al\u00f3 que otros espacios construidos fueron la zona de tiro con arco in door, la segunda en la Rep\u00fablica Mexicana, un espacio de fortalecimiento f\u00edsico, villa atl\u00e9tica para 54 personas, \u00e1rea medica, explanada de accesos y jardines que conectar\u00e1n al edificio de la segunda fase.<\/p>\n<p>En el evento estuvieron presentes Ana Gloria Pedrin, Delegada del Sistema Educativo Estatal; Luis Enrique Chapela, Delegado del Instituto de Infraestructura F\u00edsica Educativa (Inife); An\u00edbal Santana Chaires, Regidor del XX Ayuntamiento y Marco Antonio del Toro Carrillo, Presidente de la Asociaci\u00f3n Estatal de Front\u00f3n. AGP\/Alejandro Zepeda\/Str<\/p>\n","protected":false},"excerpt":{"rendered":"<p>ENSENADA, Mexico.- Con una inversi\u00f3n de 9 millones 46 mil pesos se edificar\u00e1 la segunda&#8230;<\/p>\n","protected":false},"author":1,"featured_media":4195,"comment_status":"open","ping_status":"open","sticky":false,"template":"","format":"standard","meta":{"footnotes":""},"categories":[1,7],"tags":[],"class_list":["post-4194","post","type-post","status-publish","format-standard","has-post-thumbnail","hentry","category-uncategorized","category-deportes"],"_links":{"self":[{"href":"https:\/\/agpnoticias.com\/news\/index.php?rest_route=\/wp\/v2\/posts\/4194","targetHints":{"allow":["GET"]}}],"collection":[{"href":"https:\/\/agpnoticias.com\/news\/index.php?rest_route=\/wp\/v2\/posts"}],"about":[{"href":"https:\/\/agpnoticias.com\/news\/index.php?rest_route=\/wp\/v2\/types\/post"}],"author":[{"embeddable":true,"href":"https:\/\/agpnoticias.com\/news\/index.php?rest_route=\/wp\/v2\/users\/1"}],"replies":[{"embeddable":true,"href":"https:\/\/agpnoticias.com\/news\/index.php?rest_route=%2Fwp%2Fv2%2Fcomments&post=4194"}],"version-history":[{"count":1,"href":"https:\/\/agpnoticias.com\/news\/index.php?rest_route=\/wp\/v2\/posts\/4194\/revisions"}],"predecessor-version":[{"id":4196,"href":"https:\/\/agpnoticias.com\/news\/index.php?rest_route=\/wp\/v2\/posts\/4194\/revisions\/4196"}],"wp:featuredmedia":[{"embeddable":true,"href":"https:\/\/agpnoticias.com\/news\/index.php?rest_route=\/wp\/v2\/media\/4195"}],"wp:attachment":[{"href":"https:\/\/agpnoticias.com\/news\/index.php?rest_route=%2Fwp%2Fv2%2Fmedia&parent=4194"}],"wp:term":[{"taxonomy":"category","embeddable":true,"href":"https:\/\/agpnoticias.com\/news\/index.php?rest_route=%2Fwp%2Fv2%2Fcategories&post=4194"},{"taxonomy":"post_tag","embeddable":true,"href":"https:\/\/agpnoticias.com\/news\/index.php?rest_route=%2Fwp%2Fv2%2Ftags&post=4194"}],"curies":[{"name":"wp","href":"https:\/\/api.w.org\/{rel}","templated":true}]}}