{"id":4248,"date":"2011-06-10T09:53:19","date_gmt":"2011-06-10T16:53:19","guid":{"rendered":"http:\/\/agpnoticias.com\/news\/?p=4248"},"modified":"2014-12-17T11:53:59","modified_gmt":"2014-12-17T19:53:59","slug":"marco-deportivo-el-senor-de-la-tienda","status":"publish","type":"post","link":"https:\/\/agpnoticias.com\/news\/?p=4248","title":{"rendered":"Marco Deportivo :: El se\u00f1or de la tienda"},"content":{"rendered":"<p>Los que lo vieron dicen que naci\u00f3 para el deporte. Que era un super dotado. Uno de esos hombres tocados por Dios para desempe\u00f1ar con talento cualquier actividad f\u00edsica. Corr\u00eda, lanzaba, saltaba, nadaba, boxeaba, hac\u00eda de todo. Hombre, adem\u00e1s, de formaci\u00f3n militar. <!--more-->Por cuesti\u00f3n generacional, nunca lo vi en las pistas, ni en las canchas. El recuerdo m\u00e1s lejano que tengo de \u00e9l, es detr\u00e1s del mostrador de su tienda de deportes, por donde me gustaba pasar s\u00f3lo para ver los balones de futbol colgados sobre el aparador, o las fotos de los beisbolistas m\u00e1s famosos de la \u00e9poca. Mientras ve\u00eda los art\u00edculos que adornaban las vitrinas del peque\u00f1o local ubicado en la avenida Ju\u00e1rez, mi padre pasaba y lo saludaba con el mismo entusiasmo con el que \u00e9l le contestaba. Despu\u00e9s iniciaban la charla, bromeaban y re\u00edan, antes de despedirse con el \u00faltimo comentario que generalmente provocaba la carcajada de ambas partes. Por esos d\u00edas, Ensenada era otra. Dicen que toda la gente se conoc\u00eda, o cuando menos todos lo conoc\u00edamos a \u00e9l. Al paso de los a\u00f1os, ya ejerciendo el oficio period\u00edstico, segu\u00ed escuchando, cada vez con mayor insistencia, el nombre de la persona a la que mi padre saludaba con tanta familiaridad. Si el trabajo a publicar era de un legendario equipo de futbol, su nombre estaba entre los fundadores. Lo mismo pasaba si el equipo festejado era de softbol o de beisbol. Si el trabajo requer\u00eda investigar la historia de los espacios deportivos de Ensenada, lo mismo. Maestro y gu\u00eda, formador de las nuevas generaciones en la vieja pista que dej\u00f3 su lugar al campo de futbol Nueva Ensenada a finales de los setentas. O su trascendencia reconocida en el campo de softbol m\u00e1s importante de la ciudad, bautizado en su honor. Su nombre siempre presente, siempre ligado a la historia deportiva de Ensenada. Tanta memoria, tanto deporte, tantos recuerdos seguir\u00e1n ah\u00ed, muy dentro de \u00e9l, aut\u00e9ntica leyenda viviente. Hoy son tiempos de calma, de descansar en casa, cobijado por una familia en cuyo seno inculc\u00f3 el ejemplo: todos, hijas e hijos, heredaron parte de su talento, su pasi\u00f3n por el deporte. Y su legado continuar\u00e1 vivo de manera permanente. De eso estoy seguro, sobre todo cada vez que veo a Emiliano, uno de sus nietos, su viva imagen, a quien irremediablemente termin\u00f3 relacionando con aquella mirada alegre, con la sonrisa amable y espont\u00e1nea, con el comentario \u00e1gil e inmediato de Jos\u00e9 \u201cPrieto\u201d Soto, el se\u00f1or de la tienda.<\/p>\n<p>mdominguez@elvigia.net<\/p>\n<p>md_niebla@hotmail.com<\/p>\n","protected":false},"excerpt":{"rendered":"<p>Los que lo vieron dicen que naci\u00f3 para el deporte. Que era un super dotado&#8230;.<\/p>\n","protected":false},"author":9,"featured_media":0,"comment_status":"open","ping_status":"open","sticky":false,"template":"","format":"standard","meta":{"footnotes":""},"categories":[24],"tags":[],"class_list":["post-4248","post","type-post","status-publish","format-standard","hentry","category-la-columna"],"_links":{"self":[{"href":"https:\/\/agpnoticias.com\/news\/index.php?rest_route=\/wp\/v2\/posts\/4248","targetHints":{"allow":["GET"]}}],"collection":[{"href":"https:\/\/agpnoticias.com\/news\/index.php?rest_route=\/wp\/v2\/posts"}],"about":[{"href":"https:\/\/agpnoticias.com\/news\/index.php?rest_route=\/wp\/v2\/types\/post"}],"author":[{"embeddable":true,"href":"https:\/\/agpnoticias.com\/news\/index.php?rest_route=\/wp\/v2\/users\/9"}],"replies":[{"embeddable":true,"href":"https:\/\/agpnoticias.com\/news\/index.php?rest_route=%2Fwp%2Fv2%2Fcomments&post=4248"}],"version-history":[{"count":3,"href":"https:\/\/agpnoticias.com\/news\/index.php?rest_route=\/wp\/v2\/posts\/4248\/revisions"}],"predecessor-version":[{"id":4250,"href":"https:\/\/agpnoticias.com\/news\/index.php?rest_route=\/wp\/v2\/posts\/4248\/revisions\/4250"}],"wp:attachment":[{"href":"https:\/\/agpnoticias.com\/news\/index.php?rest_route=%2Fwp%2Fv2%2Fmedia&parent=4248"}],"wp:term":[{"taxonomy":"category","embeddable":true,"href":"https:\/\/agpnoticias.com\/news\/index.php?rest_route=%2Fwp%2Fv2%2Fcategories&post=4248"},{"taxonomy":"post_tag","embeddable":true,"href":"https:\/\/agpnoticias.com\/news\/index.php?rest_route=%2Fwp%2Fv2%2Ftags&post=4248"}],"curies":[{"name":"wp","href":"https:\/\/api.w.org\/{rel}","templated":true}]}}