{"id":4290,"date":"2011-06-10T20:27:10","date_gmt":"2011-06-11T03:27:10","guid":{"rendered":"http:\/\/agpnoticias.com\/news\/?p=4290"},"modified":"2011-06-10T20:27:10","modified_gmt":"2011-06-11T03:27:10","slug":"se-reconcilian-senador-del-pri-y-alcalde-de-ensenada","status":"publish","type":"post","link":"https:\/\/agpnoticias.com\/news\/?p=4290","title":{"rendered":"Se reconcilian Senador del PRI y Alcalde de Ensenada"},"content":{"rendered":"<p>ENSENADA, Mexico.- Alrededor de mil personas reuni\u00f3 este viernes el mitin del Senador Fernando Castro Trenti, estrella de la tarde en la explanada ubicada frente al PRI de Ensenada en donde luego de meses se realiz\u00f3 de manera oficial y P\u00fablica la reconciliaci\u00f3n entre el Alcalde Enrique Pelayo y Castro Trenti.<\/p>\n<p>El evento plagado de consignas pol\u00edticas y el planteamiento recurrente de que es tiempo de recuperar la Gubernatura del Estado en manos del PAN, reuni\u00f3 lo mismo a funcionarios municipales, regidores. que a empleados de la CFE aun con uniformes, a Ramiro Orea con algunos de sus seguidores, grupos de mixtecos que operan en la calle primera y transportistas afines a Ra\u00fal Carrillo.<!--more--><\/p>\n<p>Reaparecieron en el lugar decenas de viejos pri\u00edstas, entre abogados, excandidatos, exfuncionarios, exdirigentes y uno que otro arrepentido tras probar en alg\u00fan partido ajeno al PRI como el PRD.<\/p>\n<p>Lo mas relevante del evento adem\u00e1s del acarreo en camiones y el reparto de s\u00e1ndwiches al terminar, fue el abrazo de Pelayo y Castro Trenti, del que p\u00fablicamente hab\u00eda dicho \u201cque no era su amigo\u201d y ahora podr\u00eda apoyarlo para candidato.<\/p>\n<p>Cuestionado sobre lo l\u00edcito de un mitin preelectoral en su calidad de Senador, se\u00f1al\u00f3 que solamente Ensenada.net se lo hab\u00eda cuestionado y el resto no opinaba as\u00ed.<\/p>\n<p>Tras el mitin ambos, Alcalde y Senador se retiraron juntos con algunos otros Diputados, regidores y l\u00edderes del PRI a una reuni\u00f3n privada. AGP\/Redaccion de Elizabeth Vargas\/ www.ensenada.net<\/p>\n","protected":false},"excerpt":{"rendered":"<p>ENSENADA, Mexico.- Alrededor de mil personas reuni\u00f3 este viernes el mitin del Senador Fernando Castro&#8230;<\/p>\n","protected":false},"author":1,"featured_media":4291,"comment_status":"open","ping_status":"open","sticky":false,"template":"","format":"standard","meta":{"footnotes":""},"categories":[1],"tags":[],"class_list":["post-4290","post","type-post","status-publish","format-standard","has-post-thumbnail","hentry","category-uncategorized"],"_links":{"self":[{"href":"https:\/\/agpnoticias.com\/news\/index.php?rest_route=\/wp\/v2\/posts\/4290","targetHints":{"allow":["GET"]}}],"collection":[{"href":"https:\/\/agpnoticias.com\/news\/index.php?rest_route=\/wp\/v2\/posts"}],"about":[{"href":"https:\/\/agpnoticias.com\/news\/index.php?rest_route=\/wp\/v2\/types\/post"}],"author":[{"embeddable":true,"href":"https:\/\/agpnoticias.com\/news\/index.php?rest_route=\/wp\/v2\/users\/1"}],"replies":[{"embeddable":true,"href":"https:\/\/agpnoticias.com\/news\/index.php?rest_route=%2Fwp%2Fv2%2Fcomments&post=4290"}],"version-history":[{"count":2,"href":"https:\/\/agpnoticias.com\/news\/index.php?rest_route=\/wp\/v2\/posts\/4290\/revisions"}],"predecessor-version":[{"id":4293,"href":"https:\/\/agpnoticias.com\/news\/index.php?rest_route=\/wp\/v2\/posts\/4290\/revisions\/4293"}],"wp:featuredmedia":[{"embeddable":true,"href":"https:\/\/agpnoticias.com\/news\/index.php?rest_route=\/wp\/v2\/media\/4291"}],"wp:attachment":[{"href":"https:\/\/agpnoticias.com\/news\/index.php?rest_route=%2Fwp%2Fv2%2Fmedia&parent=4290"}],"wp:term":[{"taxonomy":"category","embeddable":true,"href":"https:\/\/agpnoticias.com\/news\/index.php?rest_route=%2Fwp%2Fv2%2Fcategories&post=4290"},{"taxonomy":"post_tag","embeddable":true,"href":"https:\/\/agpnoticias.com\/news\/index.php?rest_route=%2Fwp%2Fv2%2Ftags&post=4290"}],"curies":[{"name":"wp","href":"https:\/\/api.w.org\/{rel}","templated":true}]}}