{"id":445339,"date":"2014-06-11T15:07:53","date_gmt":"2014-06-11T22:07:53","guid":{"rendered":"http:\/\/agpnoticias.com\/news\/?p=445339"},"modified":"2014-06-11T15:09:40","modified_gmt":"2014-06-11T22:09:40","slug":"ajustes-para-cerrar-cuesta-arriba","status":"publish","type":"post","link":"https:\/\/agpnoticias.com\/news\/?p=445339","title":{"rendered":"Ajustes para cerrar hacia arriba"},"content":{"rendered":"<figure id=\"attachment_445379\" aria-describedby=\"caption-attachment-445379\" style=\"width: 285px\" class=\"wp-caption alignright\"><a href=\"http:\/\/agpnoticias.com\/news\/?attachment_id=445379\" rel=\"attachment wp-att-445379\"><img fetchpriority=\"high\" decoding=\"async\" class=\"size-full wp-image-445379\" src=\"http:\/\/agpnoticias.com\/news\/wp-content\/uploads\/2014\/06\/Armando-Guerrero-regres\u00f3-a-Marineros.jpg\" alt=\"Armando Guerrero regres\u00f3 a Marineros\" width=\"285\" height=\"448\" srcset=\"https:\/\/agpnoticias.com\/news\/wp-content\/uploads\/2014\/06\/Armando-Guerrero-regres\u00f3-a-Marineros.jpg 285w, https:\/\/agpnoticias.com\/news\/wp-content\/uploads\/2014\/06\/Armando-Guerrero-regres\u00f3-a-Marineros-127x200.jpg 127w\" sizes=\"(max-width: 285px) 100vw, 285px\" \/><\/a><figcaption id=\"caption-attachment-445379\" class=\"wp-caption-text\">Armando Guerrero regres\u00f3 a Marineros<\/figcaption><\/figure>\n<p>Ensenada, Baja California.- Los Marineros de Ensenada trabajar\u00e1n en los ajustes que lleven al equipo a cerrar la temporada cuesta arriba sin necesariamente aspirar a puntear durante la segunda vuelta.<\/p>\n<p>El gerente del equipo, Jos\u00e9 \u00c1guila S\u00e1ndez, se\u00f1al\u00f3 que el liderato conseguido durante la primera mitad da espacio para dedicar \u201cun an\u00e1lisis sobre el aspecto mental de cada jugador\u201d.<\/p>\n<p>\u201cNos gustar\u00eda quedar como primeros pero no es nuestra meta. Queremos hacer los ajustes, tener profundidad en la banca y que todos los jugadores tengan actividad para que lleguen en forma con los innings necesarios\u201d, explic\u00f3.<\/p>\n<p>Entre los cambios, Jos\u00e9 Jes\u00fas Mart\u00ednez fue llamado por Guerreros de Oaxaca y llegaron Armando Guerrero y Axel R\u00edos.<\/p>\n<p>\u201cEn este mes tambi\u00e9n cada jugador tiene que hacer los ajustes mentales porque por ah\u00ed han pasado algunos resultados\u201d, reiter\u00f3.<\/p>\n<p>Y puso como ejemplo las dos series que Marineros inici\u00f3 ganando y termin\u00f3 perdiendo en las giras recientes por San Quint\u00edn y Tecate.<\/p>\n<p>\u201cArrancamos bien y no pudimos concretar ninguna de las dos series. Fallaron el cerrador Gabriel Garc\u00eda y en la otra fallaron los extranjeros, pero es parte de la pelota\u201d, expres\u00f3.<\/p>\n<p>Jos\u00e9 \u00c1guila destac\u00f3 \u201clas buenas salidas\u201d que han tenido los lanzadores que llegaron a sustituir a Marlon Arias y Robinson Tejeda: Wanel V\u00e1squez y Gabriel Zavala.<\/p>\n<p>\u201cHan tenido salidas s\u00f3lidas y el pitcheo extranjero se ve bien. Ahora s\u00f3lo esperamos que Marbel Manr\u00edquez recupere el nivel de ensue\u00f1o que tuvo al principio de la temporada\u201d, dijo.<\/p>\n<p>Despu\u00e9s de puntear la primera vuelta, los Marineros son terceros del complemento de la temporada, por detr\u00e1s de Algodoneros de San Luis y Centinelas de Mexicali, con r\u00e9cord de 7-6.<\/p>\n","protected":false},"excerpt":{"rendered":"<p>Ensenada, Baja California.- Los Marineros de Ensenada trabajar\u00e1n en los ajustes que lleven al equipo&#8230;<\/p>\n","protected":false},"author":1,"featured_media":445375,"comment_status":"closed","ping_status":"closed","sticky":false,"template":"","format":"standard","meta":{"footnotes":""},"categories":[1,30,7,18],"tags":[],"class_list":["post-445339","post","type-post","status-publish","format-standard","has-post-thumbnail","hentry","category-uncategorized","category-beisbol","category-deportes","category-marineros-de-ensenada"],"_links":{"self":[{"href":"https:\/\/agpnoticias.com\/news\/index.php?rest_route=\/wp\/v2\/posts\/445339","targetHints":{"allow":["GET"]}}],"collection":[{"href":"https:\/\/agpnoticias.com\/news\/index.php?rest_route=\/wp\/v2\/posts"}],"about":[{"href":"https:\/\/agpnoticias.com\/news\/index.php?rest_route=\/wp\/v2\/types\/post"}],"author":[{"embeddable":true,"href":"https:\/\/agpnoticias.com\/news\/index.php?rest_route=\/wp\/v2\/users\/1"}],"replies":[{"embeddable":true,"href":"https:\/\/agpnoticias.com\/news\/index.php?rest_route=%2Fwp%2Fv2%2Fcomments&post=445339"}],"version-history":[{"count":2,"href":"https:\/\/agpnoticias.com\/news\/index.php?rest_route=\/wp\/v2\/posts\/445339\/revisions"}],"predecessor-version":[{"id":445416,"href":"https:\/\/agpnoticias.com\/news\/index.php?rest_route=\/wp\/v2\/posts\/445339\/revisions\/445416"}],"wp:featuredmedia":[{"embeddable":true,"href":"https:\/\/agpnoticias.com\/news\/index.php?rest_route=\/wp\/v2\/media\/445375"}],"wp:attachment":[{"href":"https:\/\/agpnoticias.com\/news\/index.php?rest_route=%2Fwp%2Fv2%2Fmedia&parent=445339"}],"wp:term":[{"taxonomy":"category","embeddable":true,"href":"https:\/\/agpnoticias.com\/news\/index.php?rest_route=%2Fwp%2Fv2%2Fcategories&post=445339"},{"taxonomy":"post_tag","embeddable":true,"href":"https:\/\/agpnoticias.com\/news\/index.php?rest_route=%2Fwp%2Fv2%2Ftags&post=445339"}],"curies":[{"name":"wp","href":"https:\/\/api.w.org\/{rel}","templated":true}]}}